{"id":999,"date":"2018-07-04T14:17:13","date_gmt":"2018-07-04T17:17:13","guid":{"rendered":"https:\/\/www.albertopeixoto.com.br\/blog\/?p=999"},"modified":"2018-07-04T14:17:13","modified_gmt":"2018-07-04T17:17:13","slug":"poesia-de-jovina-souza-no-instituto-goethe-por-roberto-leal","status":"publish","type":"post","link":"https:\/\/www.albertopeixoto.com.br\/blog\/2018\/07\/04\/poesia-de-jovina-souza-no-instituto-goethe-por-roberto-leal\/","title":{"rendered":"A Poesia de Jovina Souza no Instituto Goethe\/ Por Roberto Leal"},"content":{"rendered":"<div id=\"attachment_1000\" style=\"width: 247px\" class=\"wp-caption alignright\"><a href=\"https:\/\/www.albertopeixoto.com.br\/blog\/wp-content\/uploads\/2018\/07\/Roberto-Leal.jpg\"><img loading=\"lazy\" decoding=\"async\" aria-describedby=\"caption-attachment-1000\" class=\"size-medium wp-image-1000\" src=\"https:\/\/www.albertopeixoto.com.br\/blog\/wp-content\/uploads\/2018\/07\/Roberto-Leal-237x300.jpg\" alt=\"\" width=\"237\" height=\"300\" srcset=\"https:\/\/www.albertopeixoto.com.br\/blog\/wp-content\/uploads\/2018\/07\/Roberto-Leal-237x300.jpg 237w, https:\/\/www.albertopeixoto.com.br\/blog\/wp-content\/uploads\/2018\/07\/Roberto-Leal.jpg 303w\" sizes=\"auto, (max-width: 237px) 100vw, 237px\" \/><\/a><p id=\"caption-attachment-1000\" class=\"wp-caption-text\">Jovina Souza<br \/>FOTO: RLeal<\/p><\/div>\n<p style=\"text-align: justify\">O Instituto Cultural Brasil Alemanha realiza no pr\u00f3ximo dia 20 de julho (sexta-feira), \u00e0s 18 horas, na Biblioteca do Instituto Goethe (av. Sete de Setembro, 1809 \u2013 Vit\u00f3ria in Salvador\/BA) o lan\u00e7amento do livro de poesias \u201cO Caminho das Esta\u00e7\u00f5es\u201d Ed. Mondrongo\/BA-2017, 86 p\u00e1ginas &#8211; R$ 20, da professora e escritora Jovina Souza, a obra liter\u00e1ria que \u00e9 composta por 70 poesias, vem apresentar ao p\u00fablico leitor uma biografia po\u00e9tica, dentro das quatro esta\u00e7\u00f5es, um raio-x do eu feminino, um eu de mulher negra ecoado n\u2019uma massificante batalha contra o branqueamento da sua ra\u00e7a e a discrimina\u00e7\u00e3o que segue dizimando o povo preto e pobre da periferia.<\/p>\n<p style=\"text-align: justify\">A poesia e a Literatura de Jovina Souza est\u00e3o infestadas de manifesta\u00e7\u00f5es de luta, dando mostras de um discurso pelo real combate ao racismo e da conscientiza\u00e7\u00e3o do povo negro, dentro da import\u00e2ncia de valoriza\u00e7\u00e3o e preserva\u00e7\u00e3o da pele preta. Na publica\u00e7\u00e3o seus trabalhos em destaque s\u00e3o poesias assim intituladas: \u201cMulher negra em movimento\u201d, \u201c\u00c0 moda preto e branco\u201d, \u201cPreto na branca\u201d e sua poesia mais assediada por leitores e simpatizantes \u201cBiografia do meu cabelo\u201d, com a qual se tornou muito conhecida na sua trajet\u00f3ria, dentre tantas outras.<\/p>\n<div id=\"attachment_1001\" style=\"width: 191px\" class=\"wp-caption alignright\"><a href=\"https:\/\/www.albertopeixoto.com.br\/blog\/wp-content\/uploads\/2018\/07\/Leal.jpg\"><img loading=\"lazy\" decoding=\"async\" aria-describedby=\"caption-attachment-1001\" class=\"size-medium wp-image-1001\" src=\"https:\/\/www.albertopeixoto.com.br\/blog\/wp-content\/uploads\/2018\/07\/Leal-181x300.jpg\" alt=\"\" width=\"181\" height=\"300\" srcset=\"https:\/\/www.albertopeixoto.com.br\/blog\/wp-content\/uploads\/2018\/07\/Leal-181x300.jpg 181w, https:\/\/www.albertopeixoto.com.br\/blog\/wp-content\/uploads\/2018\/07\/Leal.jpg 416w\" sizes=\"auto, (max-width: 181px) 100vw, 181px\" \/><\/a><p id=\"caption-attachment-1001\" class=\"wp-caption-text\">O Caminho das Esta\u00e7\u00f5es<br \/>AUTOR: Jovina Souza<\/p><\/div>\n<p style=\"text-align: justify\">Jovina Souza \u00e9 Graduada em Letras Vern\u00e1culas, tem seus estudos concentrado na Literatura brasileira e Teoria liter\u00e1ria. \u00c9 especialista em Estudos liter\u00e1rios e mestra em Teoria e Cr\u00edtica da Cultura e da Literatura. Dedica-se a escrever poemas, contos e textos acad\u00eamicos. Iniciou sua luta contra o racismo ainda crian\u00e7a no seio familiar e continua mais intensa a cada debate, a cada obra, a cada trabalho realizado. Seu primeiro livro \u201cAgd\u00e1\u201d foi publicado em 2012. Tem textos publicados em v\u00e1rias colet\u00e2neas e antologias, dentre elas Cadernos Negros (Quilombhoje\/SP-2017) e Com Amor &amp; Luta (Ed. \u00d2mnira\/BA-2017), como nas redes sociais.<\/p>\n<p style=\"text-align: justify\">Dentro da programa\u00e7\u00e3o do evento: sess\u00e3o de aut\u00f3grafos com recital e leitura de poesias e poemas. O evento tem o apoio do Movimento Liter\u00e1rio Kutanga\/Angola e da UBESC \u2013 Uni\u00e3o Baiana de Escritores. Mais informa\u00e7\u00f5es: 71 98723-3364.<\/p>\n<p style=\"text-align: justify\"><strong>Fonte: ASCOM\/Revista \u00d2mnira\u00a0<\/strong><\/p>\n<p style=\"text-align: justify\"><strong>Texto:\u00a0<a href=\"https:\/\/www.facebook.com\/robertoleal13?fref=mentions\">Roberto Leal<\/a><\/strong><\/p>\n<p style=\"text-align: justify\">\n","protected":false},"excerpt":{"rendered":"<p>O Instituto Cultural Brasil Alemanha realiza no pr\u00f3ximo dia 20 de julho (sexta-feira), \u00e0s 18 horas, na Biblioteca do Instituto Goethe (av. Sete de Setembro, 1809 \u2013 Vit\u00f3ria in Salvador\/BA) o lan\u00e7amento do livro de poesias \u201cO Caminho das Esta\u00e7\u00f5es\u201d &hellip; <a href=\"https:\/\/www.albertopeixoto.com.br\/blog\/2018\/07\/04\/poesia-de-jovina-souza-no-instituto-goethe-por-roberto-leal\/\">Continue reading <span class=\"meta-nav\">&rarr;<\/span><\/a><\/p>\n","protected":false},"author":2,"featured_media":0,"comment_status":"open","ping_status":"open","sticky":false,"template":"","format":"standard","meta":{"footnotes":""},"categories":[1],"tags":[],"class_list":["post-999","post","type-post","status-publish","format-standard","hentry","category-sem-categoria"],"yoast_head":"<!-- This site is optimized with the Yoast SEO plugin v28.3 - https:\/\/yoast.com\/product\/yoast-seo-wordpress\/ -->\n<title>A Poesia de Jovina Souza no Instituto Goethe\/ Por Roberto Leal - Alberto Peixoto<\/title>\n<meta name=\"robots\" content=\"index, follow, max-snippet:-1, max-image-preview:large, max-video-preview:-1\" \/>\n<link rel=\"canonical\" href=\"https:\/\/www.albertopeixoto.com.br\/blog\/2018\/07\/04\/poesia-de-jovina-souza-no-instituto-goethe-por-roberto-leal\/\" \/>\n<meta property=\"og:locale\" content=\"pt_BR\" \/>\n<meta property=\"og:type\" content=\"article\" \/>\n<meta property=\"og:title\" content=\"A Poesia de Jovina Souza no Instituto Goethe\/ Por Roberto Leal - Alberto Peixoto\" \/>\n<meta property=\"og:description\" content=\"O Instituto Cultural Brasil Alemanha realiza no pr\u00f3ximo dia 20 de julho (sexta-feira), \u00e0s 18 horas, na Biblioteca do Instituto Goethe (av. Sete de Setembro, 1809 \u2013 Vit\u00f3ria in Salvador\/BA) o lan\u00e7amento do livro de poesias \u201cO Caminho das Esta\u00e7\u00f5es\u201d &hellip; Continue reading &rarr;\" \/>\n<meta property=\"og:url\" content=\"https:\/\/www.albertopeixoto.com.br\/blog\/2018\/07\/04\/poesia-de-jovina-souza-no-instituto-goethe-por-roberto-leal\/\" \/>\n<meta property=\"og:site_name\" content=\"Alberto Peixoto\" \/>\n<meta property=\"article:publisher\" content=\"https:\/\/www.facebook.com\/antonioalberto.oliveirapeixoto\" \/>\n<meta property=\"article:author\" content=\"https:\/\/www.facebook.com\/antonioalberto.oliveirapeixoto\" \/>\n<meta property=\"article:published_time\" content=\"2018-07-04T17:17:13+00:00\" \/>\n<meta property=\"og:image\" content=\"https:\/\/www.albertopeixoto.com.br\/blog\/wp-content\/uploads\/2018\/07\/Roberto-Leal-237x300.jpg\" \/>\n<meta name=\"author\" content=\"Alberto Peixoto\" \/>\n<meta name=\"twitter:card\" content=\"summary_large_image\" \/>\n<meta name=\"twitter:label1\" content=\"Escrito por\" \/>\n\t<meta name=\"twitter:data1\" content=\"Alberto Peixoto\" \/>\n\t<meta name=\"twitter:label2\" content=\"Est. tempo de leitura\" \/>\n\t<meta name=\"twitter:data2\" content=\"2 minutos\" \/>\n<script type=\"application\/ld+json\" class=\"yoast-schema-graph\">{\"@context\":\"https:\\\/\\\/schema.org\",\"@graph\":[{\"@type\":\"Article\",\"@id\":\"https:\\\/\\\/www.albertopeixoto.com.br\\\/blog\\\/2018\\\/07\\\/04\\\/poesia-de-jovina-souza-no-instituto-goethe-por-roberto-leal\\\/#article\",\"isPartOf\":{\"@id\":\"https:\\\/\\\/www.albertopeixoto.com.br\\\/blog\\\/2018\\\/07\\\/04\\\/poesia-de-jovina-souza-no-instituto-goethe-por-roberto-leal\\\/\"},\"author\":{\"name\":\"Alberto Peixoto\",\"@id\":\"https:\\\/\\\/www.albertopeixoto.com.br\\\/blog\\\/#\\\/schema\\\/person\\\/7c0ad65e044773b9ace71e4bed27392e\"},\"headline\":\"A Poesia de Jovina Souza no Instituto Goethe\\\/ Por Roberto Leal\",\"datePublished\":\"2018-07-04T17:17:13+00:00\",\"mainEntityOfPage\":{\"@id\":\"https:\\\/\\\/www.albertopeixoto.com.br\\\/blog\\\/2018\\\/07\\\/04\\\/poesia-de-jovina-souza-no-instituto-goethe-por-roberto-leal\\\/\"},\"wordCount\":398,\"commentCount\":0,\"publisher\":{\"@id\":\"https:\\\/\\\/www.albertopeixoto.com.br\\\/blog\\\/#\\\/schema\\\/person\\\/7c0ad65e044773b9ace71e4bed27392e\"},\"image\":{\"@id\":\"https:\\\/\\\/www.albertopeixoto.com.br\\\/blog\\\/2018\\\/07\\\/04\\\/poesia-de-jovina-souza-no-instituto-goethe-por-roberto-leal\\\/#primaryimage\"},\"thumbnailUrl\":\"https:\\\/\\\/www.albertopeixoto.com.br\\\/blog\\\/wp-content\\\/uploads\\\/2018\\\/07\\\/Roberto-Leal-237x300.jpg\",\"inLanguage\":\"pt-BR\",\"potentialAction\":[{\"@type\":\"CommentAction\",\"name\":\"Comment\",\"target\":[\"https:\\\/\\\/www.albertopeixoto.com.br\\\/blog\\\/2018\\\/07\\\/04\\\/poesia-de-jovina-souza-no-instituto-goethe-por-roberto-leal\\\/#respond\"]}]},{\"@type\":\"WebPage\",\"@id\":\"https:\\\/\\\/www.albertopeixoto.com.br\\\/blog\\\/2018\\\/07\\\/04\\\/poesia-de-jovina-souza-no-instituto-goethe-por-roberto-leal\\\/\",\"url\":\"https:\\\/\\\/www.albertopeixoto.com.br\\\/blog\\\/2018\\\/07\\\/04\\\/poesia-de-jovina-souza-no-instituto-goethe-por-roberto-leal\\\/\",\"name\":\"A Poesia de Jovina Souza no Instituto Goethe\\\/ Por Roberto Leal - Alberto Peixoto\",\"isPartOf\":{\"@id\":\"https:\\\/\\\/www.albertopeixoto.com.br\\\/blog\\\/#website\"},\"primaryImageOfPage\":{\"@id\":\"https:\\\/\\\/www.albertopeixoto.com.br\\\/blog\\\/2018\\\/07\\\/04\\\/poesia-de-jovina-souza-no-instituto-goethe-por-roberto-leal\\\/#primaryimage\"},\"image\":{\"@id\":\"https:\\\/\\\/www.albertopeixoto.com.br\\\/blog\\\/2018\\\/07\\\/04\\\/poesia-de-jovina-souza-no-instituto-goethe-por-roberto-leal\\\/#primaryimage\"},\"thumbnailUrl\":\"https:\\\/\\\/www.albertopeixoto.com.br\\\/blog\\\/wp-content\\\/uploads\\\/2018\\\/07\\\/Roberto-Leal-237x300.jpg\",\"datePublished\":\"2018-07-04T17:17:13+00:00\",\"breadcrumb\":{\"@id\":\"https:\\\/\\\/www.albertopeixoto.com.br\\\/blog\\\/2018\\\/07\\\/04\\\/poesia-de-jovina-souza-no-instituto-goethe-por-roberto-leal\\\/#breadcrumb\"},\"inLanguage\":\"pt-BR\",\"potentialAction\":[{\"@type\":\"ReadAction\",\"target\":[\"https:\\\/\\\/www.albertopeixoto.com.br\\\/blog\\\/2018\\\/07\\\/04\\\/poesia-de-jovina-souza-no-instituto-goethe-por-roberto-leal\\\/\"]}]},{\"@type\":\"ImageObject\",\"inLanguage\":\"pt-BR\",\"@id\":\"https:\\\/\\\/www.albertopeixoto.com.br\\\/blog\\\/2018\\\/07\\\/04\\\/poesia-de-jovina-souza-no-instituto-goethe-por-roberto-leal\\\/#primaryimage\",\"url\":\"https:\\\/\\\/www.albertopeixoto.com.br\\\/blog\\\/wp-content\\\/uploads\\\/2018\\\/07\\\/Roberto-Leal.jpg\",\"contentUrl\":\"https:\\\/\\\/www.albertopeixoto.com.br\\\/blog\\\/wp-content\\\/uploads\\\/2018\\\/07\\\/Roberto-Leal.jpg\",\"width\":303,\"height\":384,\"caption\":\"Jovina Souza FOTO: RLeal\"},{\"@type\":\"BreadcrumbList\",\"@id\":\"https:\\\/\\\/www.albertopeixoto.com.br\\\/blog\\\/2018\\\/07\\\/04\\\/poesia-de-jovina-souza-no-instituto-goethe-por-roberto-leal\\\/#breadcrumb\",\"itemListElement\":[{\"@type\":\"ListItem\",\"position\":1,\"name\":\"In\u00edcio\",\"item\":\"https:\\\/\\\/www.albertopeixoto.com.br\\\/blog\\\/\"},{\"@type\":\"ListItem\",\"position\":2,\"name\":\"A Poesia de Jovina Souza no Instituto Goethe\\\/ Por Roberto Leal\"}]},{\"@type\":\"WebSite\",\"@id\":\"https:\\\/\\\/www.albertopeixoto.com.br\\\/blog\\\/#website\",\"url\":\"https:\\\/\\\/www.albertopeixoto.com.br\\\/blog\\\/\",\"name\":\"Alberto Peixoto\",\"description\":\"Site do escritor feirense Alberto Peixoto\",\"publisher\":{\"@id\":\"https:\\\/\\\/www.albertopeixoto.com.br\\\/blog\\\/#\\\/schema\\\/person\\\/7c0ad65e044773b9ace71e4bed27392e\"},\"potentialAction\":[{\"@type\":\"SearchAction\",\"target\":{\"@type\":\"EntryPoint\",\"urlTemplate\":\"https:\\\/\\\/www.albertopeixoto.com.br\\\/blog\\\/?s={search_term_string}\"},\"query-input\":{\"@type\":\"PropertyValueSpecification\",\"valueRequired\":true,\"valueName\":\"search_term_string\"}}],\"inLanguage\":\"pt-BR\"},{\"@type\":[\"Person\",\"Organization\"],\"@id\":\"https:\\\/\\\/www.albertopeixoto.com.br\\\/blog\\\/#\\\/schema\\\/person\\\/7c0ad65e044773b9ace71e4bed27392e\",\"name\":\"Alberto Peixoto\",\"image\":{\"@type\":\"ImageObject\",\"inLanguage\":\"pt-BR\",\"@id\":\"https:\\\/\\\/secure.gravatar.com\\\/avatar\\\/56073ba688fdc11029c75ad4a19a7d0404f80a73249f4fb56c9c021b86beab08?s=96&d=mm&r=g\",\"url\":\"https:\\\/\\\/secure.gravatar.com\\\/avatar\\\/56073ba688fdc11029c75ad4a19a7d0404f80a73249f4fb56c9c021b86beab08?s=96&d=mm&r=g\",\"contentUrl\":\"https:\\\/\\\/secure.gravatar.com\\\/avatar\\\/56073ba688fdc11029c75ad4a19a7d0404f80a73249f4fb56c9c021b86beab08?s=96&d=mm&r=g\",\"caption\":\"Alberto Peixoto\"},\"logo\":{\"@id\":\"https:\\\/\\\/secure.gravatar.com\\\/avatar\\\/56073ba688fdc11029c75ad4a19a7d0404f80a73249f4fb56c9c021b86beab08?s=96&d=mm&r=g\"},\"sameAs\":[\"https:\\\/\\\/www.albertopeixoto.com.br\\\/\",\"https:\\\/\\\/www.facebook.com\\\/antonioalberto.oliveirapeixoto\"],\"url\":\"https:\\\/\\\/www.albertopeixoto.com.br\\\/blog\\\/author\\\/apeixoto\\\/\"}]}<\/script>\n<!-- \/ Yoast SEO plugin. -->","yoast_head_json":{"title":"A Poesia de Jovina Souza no Instituto Goethe\/ Por Roberto Leal - Alberto Peixoto","robots":{"index":"index","follow":"follow","max-snippet":"max-snippet:-1","max-image-preview":"max-image-preview:large","max-video-preview":"max-video-preview:-1"},"canonical":"https:\/\/www.albertopeixoto.com.br\/blog\/2018\/07\/04\/poesia-de-jovina-souza-no-instituto-goethe-por-roberto-leal\/","og_locale":"pt_BR","og_type":"article","og_title":"A Poesia de Jovina Souza no Instituto Goethe\/ Por Roberto Leal - Alberto Peixoto","og_description":"O Instituto Cultural Brasil Alemanha realiza no pr\u00f3ximo dia 20 de julho (sexta-feira), \u00e0s 18 horas, na Biblioteca do Instituto Goethe (av. Sete de Setembro, 1809 \u2013 Vit\u00f3ria in Salvador\/BA) o lan\u00e7amento do livro de poesias \u201cO Caminho das Esta\u00e7\u00f5es\u201d &hellip; Continue reading &rarr;","og_url":"https:\/\/www.albertopeixoto.com.br\/blog\/2018\/07\/04\/poesia-de-jovina-souza-no-instituto-goethe-por-roberto-leal\/","og_site_name":"Alberto Peixoto","article_publisher":"https:\/\/www.facebook.com\/antonioalberto.oliveirapeixoto","article_author":"https:\/\/www.facebook.com\/antonioalberto.oliveirapeixoto","article_published_time":"2018-07-04T17:17:13+00:00","og_image":[{"url":"https:\/\/www.albertopeixoto.com.br\/blog\/wp-content\/uploads\/2018\/07\/Roberto-Leal-237x300.jpg","type":"","width":"","height":""}],"author":"Alberto Peixoto","twitter_card":"summary_large_image","twitter_misc":{"Escrito por":"Alberto Peixoto","Est. tempo de leitura":"2 minutos"},"schema":{"@context":"https:\/\/schema.org","@graph":[{"@type":"Article","@id":"https:\/\/www.albertopeixoto.com.br\/blog\/2018\/07\/04\/poesia-de-jovina-souza-no-instituto-goethe-por-roberto-leal\/#article","isPartOf":{"@id":"https:\/\/www.albertopeixoto.com.br\/blog\/2018\/07\/04\/poesia-de-jovina-souza-no-instituto-goethe-por-roberto-leal\/"},"author":{"name":"Alberto Peixoto","@id":"https:\/\/www.albertopeixoto.com.br\/blog\/#\/schema\/person\/7c0ad65e044773b9ace71e4bed27392e"},"headline":"A Poesia de Jovina Souza no Instituto Goethe\/ Por Roberto Leal","datePublished":"2018-07-04T17:17:13+00:00","mainEntityOfPage":{"@id":"https:\/\/www.albertopeixoto.com.br\/blog\/2018\/07\/04\/poesia-de-jovina-souza-no-instituto-goethe-por-roberto-leal\/"},"wordCount":398,"commentCount":0,"publisher":{"@id":"https:\/\/www.albertopeixoto.com.br\/blog\/#\/schema\/person\/7c0ad65e044773b9ace71e4bed27392e"},"image":{"@id":"https:\/\/www.albertopeixoto.com.br\/blog\/2018\/07\/04\/poesia-de-jovina-souza-no-instituto-goethe-por-roberto-leal\/#primaryimage"},"thumbnailUrl":"https:\/\/www.albertopeixoto.com.br\/blog\/wp-content\/uploads\/2018\/07\/Roberto-Leal-237x300.jpg","inLanguage":"pt-BR","potentialAction":[{"@type":"CommentAction","name":"Comment","target":["https:\/\/www.albertopeixoto.com.br\/blog\/2018\/07\/04\/poesia-de-jovina-souza-no-instituto-goethe-por-roberto-leal\/#respond"]}]},{"@type":"WebPage","@id":"https:\/\/www.albertopeixoto.com.br\/blog\/2018\/07\/04\/poesia-de-jovina-souza-no-instituto-goethe-por-roberto-leal\/","url":"https:\/\/www.albertopeixoto.com.br\/blog\/2018\/07\/04\/poesia-de-jovina-souza-no-instituto-goethe-por-roberto-leal\/","name":"A Poesia de Jovina Souza no Instituto Goethe\/ Por Roberto Leal - Alberto Peixoto","isPartOf":{"@id":"https:\/\/www.albertopeixoto.com.br\/blog\/#website"},"primaryImageOfPage":{"@id":"https:\/\/www.albertopeixoto.com.br\/blog\/2018\/07\/04\/poesia-de-jovina-souza-no-instituto-goethe-por-roberto-leal\/#primaryimage"},"image":{"@id":"https:\/\/www.albertopeixoto.com.br\/blog\/2018\/07\/04\/poesia-de-jovina-souza-no-instituto-goethe-por-roberto-leal\/#primaryimage"},"thumbnailUrl":"https:\/\/www.albertopeixoto.com.br\/blog\/wp-content\/uploads\/2018\/07\/Roberto-Leal-237x300.jpg","datePublished":"2018-07-04T17:17:13+00:00","breadcrumb":{"@id":"https:\/\/www.albertopeixoto.com.br\/blog\/2018\/07\/04\/poesia-de-jovina-souza-no-instituto-goethe-por-roberto-leal\/#breadcrumb"},"inLanguage":"pt-BR","potentialAction":[{"@type":"ReadAction","target":["https:\/\/www.albertopeixoto.com.br\/blog\/2018\/07\/04\/poesia-de-jovina-souza-no-instituto-goethe-por-roberto-leal\/"]}]},{"@type":"ImageObject","inLanguage":"pt-BR","@id":"https:\/\/www.albertopeixoto.com.br\/blog\/2018\/07\/04\/poesia-de-jovina-souza-no-instituto-goethe-por-roberto-leal\/#primaryimage","url":"https:\/\/www.albertopeixoto.com.br\/blog\/wp-content\/uploads\/2018\/07\/Roberto-Leal.jpg","contentUrl":"https:\/\/www.albertopeixoto.com.br\/blog\/wp-content\/uploads\/2018\/07\/Roberto-Leal.jpg","width":303,"height":384,"caption":"Jovina Souza FOTO: RLeal"},{"@type":"BreadcrumbList","@id":"https:\/\/www.albertopeixoto.com.br\/blog\/2018\/07\/04\/poesia-de-jovina-souza-no-instituto-goethe-por-roberto-leal\/#breadcrumb","itemListElement":[{"@type":"ListItem","position":1,"name":"In\u00edcio","item":"https:\/\/www.albertopeixoto.com.br\/blog\/"},{"@type":"ListItem","position":2,"name":"A Poesia de Jovina Souza no Instituto Goethe\/ Por Roberto Leal"}]},{"@type":"WebSite","@id":"https:\/\/www.albertopeixoto.com.br\/blog\/#website","url":"https:\/\/www.albertopeixoto.com.br\/blog\/","name":"Alberto Peixoto","description":"Site do escritor feirense Alberto Peixoto","publisher":{"@id":"https:\/\/www.albertopeixoto.com.br\/blog\/#\/schema\/person\/7c0ad65e044773b9ace71e4bed27392e"},"potentialAction":[{"@type":"SearchAction","target":{"@type":"EntryPoint","urlTemplate":"https:\/\/www.albertopeixoto.com.br\/blog\/?s={search_term_string}"},"query-input":{"@type":"PropertyValueSpecification","valueRequired":true,"valueName":"search_term_string"}}],"inLanguage":"pt-BR"},{"@type":["Person","Organization"],"@id":"https:\/\/www.albertopeixoto.com.br\/blog\/#\/schema\/person\/7c0ad65e044773b9ace71e4bed27392e","name":"Alberto Peixoto","image":{"@type":"ImageObject","inLanguage":"pt-BR","@id":"https:\/\/secure.gravatar.com\/avatar\/56073ba688fdc11029c75ad4a19a7d0404f80a73249f4fb56c9c021b86beab08?s=96&d=mm&r=g","url":"https:\/\/secure.gravatar.com\/avatar\/56073ba688fdc11029c75ad4a19a7d0404f80a73249f4fb56c9c021b86beab08?s=96&d=mm&r=g","contentUrl":"https:\/\/secure.gravatar.com\/avatar\/56073ba688fdc11029c75ad4a19a7d0404f80a73249f4fb56c9c021b86beab08?s=96&d=mm&r=g","caption":"Alberto Peixoto"},"logo":{"@id":"https:\/\/secure.gravatar.com\/avatar\/56073ba688fdc11029c75ad4a19a7d0404f80a73249f4fb56c9c021b86beab08?s=96&d=mm&r=g"},"sameAs":["https:\/\/www.albertopeixoto.com.br\/","https:\/\/www.facebook.com\/antonioalberto.oliveirapeixoto"],"url":"https:\/\/www.albertopeixoto.com.br\/blog\/author\/apeixoto\/"}]}},"_links":{"self":[{"href":"https:\/\/www.albertopeixoto.com.br\/blog\/wp-json\/wp\/v2\/posts\/999","targetHints":{"allow":["GET"]}}],"collection":[{"href":"https:\/\/www.albertopeixoto.com.br\/blog\/wp-json\/wp\/v2\/posts"}],"about":[{"href":"https:\/\/www.albertopeixoto.com.br\/blog\/wp-json\/wp\/v2\/types\/post"}],"author":[{"embeddable":true,"href":"https:\/\/www.albertopeixoto.com.br\/blog\/wp-json\/wp\/v2\/users\/2"}],"replies":[{"embeddable":true,"href":"https:\/\/www.albertopeixoto.com.br\/blog\/wp-json\/wp\/v2\/comments?post=999"}],"version-history":[{"count":1,"href":"https:\/\/www.albertopeixoto.com.br\/blog\/wp-json\/wp\/v2\/posts\/999\/revisions"}],"predecessor-version":[{"id":1002,"href":"https:\/\/www.albertopeixoto.com.br\/blog\/wp-json\/wp\/v2\/posts\/999\/revisions\/1002"}],"wp:attachment":[{"href":"https:\/\/www.albertopeixoto.com.br\/blog\/wp-json\/wp\/v2\/media?parent=999"}],"wp:term":[{"taxonomy":"category","embeddable":true,"href":"https:\/\/www.albertopeixoto.com.br\/blog\/wp-json\/wp\/v2\/categories?post=999"},{"taxonomy":"post_tag","embeddable":true,"href":"https:\/\/www.albertopeixoto.com.br\/blog\/wp-json\/wp\/v2\/tags?post=999"}],"curies":[{"name":"wp","href":"https:\/\/api.w.org\/{rel}","templated":true}]}}