{"id":996,"date":"2018-07-04T14:01:55","date_gmt":"2018-07-04T17:01:55","guid":{"rendered":"https:\/\/www.albertopeixoto.com.br\/blog\/?p=996"},"modified":"2018-07-04T14:01:55","modified_gmt":"2018-07-04T17:01:55","slug":"este-nao-e-o-brasil-que-nos-queremos-por-sergio-jones","status":"publish","type":"post","link":"https:\/\/www.albertopeixoto.com.br\/blog\/2018\/07\/04\/este-nao-e-o-brasil-que-nos-queremos-por-sergio-jones\/","title":{"rendered":"Este n\u00e3o \u00e9 o Brasil que n\u00f3s queremos\/ Por S\u00e9rgio Jones*"},"content":{"rendered":"<div id=\"attachment_997\" style=\"width: 310px\" class=\"wp-caption alignright\"><a href=\"https:\/\/www.albertopeixoto.com.br\/blog\/wp-content\/uploads\/2018\/07\/Trabalho-Infantil.jpg\"><img loading=\"lazy\" decoding=\"async\" aria-describedby=\"caption-attachment-997\" class=\"size-medium wp-image-997\" src=\"https:\/\/www.albertopeixoto.com.br\/blog\/wp-content\/uploads\/2018\/07\/Trabalho-Infantil-300x200.jpg\" alt=\"\" width=\"300\" height=\"200\" srcset=\"https:\/\/www.albertopeixoto.com.br\/blog\/wp-content\/uploads\/2018\/07\/Trabalho-Infantil-300x200.jpg 300w, https:\/\/www.albertopeixoto.com.br\/blog\/wp-content\/uploads\/2018\/07\/Trabalho-Infantil-768x512.jpg 768w, https:\/\/www.albertopeixoto.com.br\/blog\/wp-content\/uploads\/2018\/07\/Trabalho-Infantil.jpg 800w\" sizes=\"auto, (max-width: 300px) 100vw, 300px\" \/><\/a><p id=\"caption-attachment-997\" class=\"wp-caption-text\">A pr\u00e9-escola \u00e9 a etapa mais importante do desenvolvimento infantil<br \/>FOTO: Prefeitura Municipal de Pirassununga<\/p><\/div>\n<p style=\"text-align: justify\">Como n\u00f3s todos estamos cansados de saber, embora muitos por interesses escusos n\u00e3o querem admitir, o poder \u00e9 perverso e quem os det\u00e9m, quase sempre, \u00e9 a esc\u00f3ria da humanidade. Na disputa social s\u00f3 triunfam os mais violentos e sanguin\u00e1rios. Por isso mesmo, existem grupos que combatem toda a forma de governos e lutam para deixar os homens livres para que possam viver em um sistema mais igualit\u00e1rio fugindo das garras predat\u00f3rias do capitalismo selvagem que, para a desgra\u00e7a da humanidade, tem se proliferado que nem erva daninha.<\/p>\n<p style=\"text-align: justify\">De acordo com dados recentes, estes apontam segundo pesquisas elaboradas pelo \u00cdndice Firjan de Desenvolvimento Municipal (IFDM), um quinto da popula\u00e7\u00e3o, equivalente a 1,2 milh\u00e3o, de crian\u00e7as na faixa et\u00e1ria entre 4 e 5 anos, no Brasil, est\u00e3o fora das salas de aula em 2016.O que implica dizer que\u00a0o pa\u00eds levar\u00e1 quase 20 anos para conseguir acolher todas as crian\u00e7as dessas duas idades na pr\u00e9-escola, apesar de a meta n\u00famero 1 do\u00a0<strong>Plano Nacional de Educa\u00e7\u00e3o\u00a0<\/strong>(<strong>PNE<\/strong>) ter estabelecido o ano de 2016 como limite para a universaliza\u00e7\u00e3o da\u00a0<strong>educa\u00e7\u00e3o infantil pr\u00e9-escolar<\/strong>.<\/p>\n<p style=\"text-align: justify\">\u201cA\u00a0<a href=\"http:\/\/www.ihu.unisinos.br\/78-noticias\/551039-brasil-tem-28-milhoes-de-criancas-e-adolescentes-fora-da-escola\"><strong>pr\u00e9-escola<\/strong><\/a>\u00a0\u00e9 a etapa mais importante do\u00a0<strong>desenvolvimento infantil<\/strong>, pois \u00e9 quando a crian\u00e7a desenvolve as habilidades cognitivas necess\u00e1rias para iniciar o processo de\u00a0<a href=\"http:\/\/www.ihu.unisinos.br\/186-noticias\/noticias-2017\/566558-no-brasil-alfabetizacao-entre-criancas-mais-ricas-e-seis-vezes-maior-que-entre-as-pobres\"><strong>alfabetiza\u00e7\u00e3o<\/strong><\/a>. Passar por ela diminui as dificuldades que podem surgir em toda a trajet\u00f3ria escolar\u201d, explica\u00a0<strong>Gabriel Barreto Corr\u00eaa<\/strong>, gerente de\u00a0<strong>Pol\u00edticas Educacionais\u00a0<\/strong>do movimento<strong>\u00a0Todos pela Educa\u00e7\u00e3o<\/strong>.<\/p>\n<p style=\"text-align: justify\">Tal situa\u00e7\u00e3o de crueldade e o trato que o poder p\u00fablico dispensa \u00e0 estas crian\u00e7as acabam fazendo com que esse processo de\u00a0<a href=\"http:\/\/www.ihu.unisinos.br\/noticias\/526341-educacao-inclusiva-ainda-e-assunto-polemico-no-brasil\"><strong>inclus\u00e3o<\/strong><\/a>\u00a0seja um pouco mais lento. O que torna necess\u00e1rio uma pol\u00edtica de estado que agilize esse processo.<\/p>\n<p style=\"text-align: justify\">Reconhecem os profissionais da \u00e1rea que a estrutura\u00e7\u00e3o do\u00a0<a href=\"http:\/\/www.ihu.unisinos.br\/78-noticias\/574677-base-nacional-curricular-para-educacao-basica-e-aprovada-pelo-cne\"><strong>ensino infantil<\/strong><\/a>\u00a0\u00e9 complexa, porque requer investimento e planejamento diferenciados: a \u00a0<strong>pr\u00e9-escola<\/strong>\u00a0pede uma estrutura mais l\u00fadica, diferenciada, turmas menores, porque s\u00e3o alunos que requerem mais aten\u00e7\u00e3o. N\u00e3o \u00e9 s\u00f3 colocar dentro da institui\u00e7\u00e3o, mas ter condi\u00e7\u00f5es de abrigar e dar ensino qualificado.<\/p>\n<p style=\"text-align: justify\">Outro dado que chama a aten\u00e7\u00e3o na citada pesquisa \u00e9 a quantidade de crian\u00e7as de 0 a 3 anos fora de creches. Apesar de o ensino para essa faixa et\u00e1ria n\u00e3o ser obrigat\u00f3rio, em 2016 mais de 2\/3 dos meninos e meninas dessa idade estavam fora das salas de aula. Segundo eles, a meta do Plano Nacional de Educa\u00e7\u00e3o (<strong>PNE)<\/strong>\u00a0\u00e9 ampliar a oferta de creches para atender, no m\u00ednimo, 50% das crian\u00e7as at\u00e9 3 anos at\u00e9 2024. Mantendo o ritmo dos \u00faltimos tr\u00eas anos, o pa\u00eds bater\u00e1 a meta definida tr\u00eas anos depois do recomendado pelo\u00a0<strong>PNE<\/strong>, em 2027. O que nos fica patenteado \u00e9 que educa\u00e7\u00e3o nunca foi uma quest\u00e3o de prioridade do atual governo golpista, muito menos ainda da rude esc\u00f3ria, que \u00e9 formada a elite brasileira, respons\u00e1vel pelo destino desta tr\u00e1gica na\u00e7\u00e3o.<\/p>\n<p style=\"text-align: justify\"><strong>S\u00e9rgio Jones, jornalista\u00a0<\/strong><strong>(sergiojones@live.com)<\/strong><\/p>\n","protected":false},"excerpt":{"rendered":"<p>Como n\u00f3s todos estamos cansados de saber, embora muitos por interesses escusos n\u00e3o querem admitir, o poder \u00e9 perverso e quem os det\u00e9m, quase sempre, \u00e9 a esc\u00f3ria da humanidade. Na disputa social s\u00f3 triunfam os mais violentos e sanguin\u00e1rios. &hellip; <a href=\"https:\/\/www.albertopeixoto.com.br\/blog\/2018\/07\/04\/este-nao-e-o-brasil-que-nos-queremos-por-sergio-jones\/\">Continue reading <span class=\"meta-nav\">&rarr;<\/span><\/a><\/p>\n","protected":false},"author":2,"featured_media":0,"comment_status":"open","ping_status":"open","sticky":false,"template":"","format":"standard","meta":{"footnotes":""},"categories":[1],"tags":[],"class_list":["post-996","post","type-post","status-publish","format-standard","hentry","category-sem-categoria"],"yoast_head":"<!-- This site is optimized with the Yoast SEO plugin v28.3 - https:\/\/yoast.com\/product\/yoast-seo-wordpress\/ -->\n<title>Este n\u00e3o \u00e9 o Brasil que n\u00f3s queremos\/ Por S\u00e9rgio Jones* - Alberto Peixoto<\/title>\n<meta name=\"robots\" content=\"index, follow, max-snippet:-1, max-image-preview:large, max-video-preview:-1\" \/>\n<link rel=\"canonical\" href=\"https:\/\/www.albertopeixoto.com.br\/blog\/2018\/07\/04\/este-nao-e-o-brasil-que-nos-queremos-por-sergio-jones\/\" \/>\n<meta property=\"og:locale\" content=\"pt_BR\" \/>\n<meta property=\"og:type\" content=\"article\" \/>\n<meta property=\"og:title\" content=\"Este n\u00e3o \u00e9 o Brasil que n\u00f3s queremos\/ Por S\u00e9rgio Jones* - Alberto Peixoto\" \/>\n<meta property=\"og:description\" content=\"Como n\u00f3s todos estamos cansados de saber, embora muitos por interesses escusos n\u00e3o querem admitir, o poder \u00e9 perverso e quem os det\u00e9m, quase sempre, \u00e9 a esc\u00f3ria da humanidade. Na disputa social s\u00f3 triunfam os mais violentos e sanguin\u00e1rios. &hellip; Continue reading &rarr;\" \/>\n<meta property=\"og:url\" content=\"https:\/\/www.albertopeixoto.com.br\/blog\/2018\/07\/04\/este-nao-e-o-brasil-que-nos-queremos-por-sergio-jones\/\" \/>\n<meta property=\"og:site_name\" content=\"Alberto Peixoto\" \/>\n<meta property=\"article:publisher\" content=\"https:\/\/www.facebook.com\/antonioalberto.oliveirapeixoto\" \/>\n<meta property=\"article:author\" content=\"https:\/\/www.facebook.com\/antonioalberto.oliveirapeixoto\" \/>\n<meta property=\"article:published_time\" content=\"2018-07-04T17:01:55+00:00\" \/>\n<meta property=\"og:image\" content=\"https:\/\/www.albertopeixoto.com.br\/blog\/wp-content\/uploads\/2018\/07\/Trabalho-Infantil-300x200.jpg\" \/>\n<meta name=\"author\" content=\"Alberto Peixoto\" \/>\n<meta name=\"twitter:card\" content=\"summary_large_image\" \/>\n<meta name=\"twitter:label1\" content=\"Escrito por\" \/>\n\t<meta name=\"twitter:data1\" content=\"Alberto Peixoto\" \/>\n\t<meta name=\"twitter:label2\" content=\"Est. tempo de leitura\" \/>\n\t<meta name=\"twitter:data2\" content=\"3 minutos\" \/>\n<script type=\"application\/ld+json\" class=\"yoast-schema-graph\">{\"@context\":\"https:\\\/\\\/schema.org\",\"@graph\":[{\"@type\":\"Article\",\"@id\":\"https:\\\/\\\/www.albertopeixoto.com.br\\\/blog\\\/2018\\\/07\\\/04\\\/este-nao-e-o-brasil-que-nos-queremos-por-sergio-jones\\\/#article\",\"isPartOf\":{\"@id\":\"https:\\\/\\\/www.albertopeixoto.com.br\\\/blog\\\/2018\\\/07\\\/04\\\/este-nao-e-o-brasil-que-nos-queremos-por-sergio-jones\\\/\"},\"author\":{\"name\":\"Alberto Peixoto\",\"@id\":\"https:\\\/\\\/www.albertopeixoto.com.br\\\/blog\\\/#\\\/schema\\\/person\\\/7c0ad65e044773b9ace71e4bed27392e\"},\"headline\":\"Este n\u00e3o \u00e9 o Brasil que n\u00f3s queremos\\\/ Por S\u00e9rgio Jones*\",\"datePublished\":\"2018-07-04T17:01:55+00:00\",\"mainEntityOfPage\":{\"@id\":\"https:\\\/\\\/www.albertopeixoto.com.br\\\/blog\\\/2018\\\/07\\\/04\\\/este-nao-e-o-brasil-que-nos-queremos-por-sergio-jones\\\/\"},\"wordCount\":538,\"commentCount\":0,\"publisher\":{\"@id\":\"https:\\\/\\\/www.albertopeixoto.com.br\\\/blog\\\/#\\\/schema\\\/person\\\/7c0ad65e044773b9ace71e4bed27392e\"},\"image\":{\"@id\":\"https:\\\/\\\/www.albertopeixoto.com.br\\\/blog\\\/2018\\\/07\\\/04\\\/este-nao-e-o-brasil-que-nos-queremos-por-sergio-jones\\\/#primaryimage\"},\"thumbnailUrl\":\"https:\\\/\\\/www.albertopeixoto.com.br\\\/blog\\\/wp-content\\\/uploads\\\/2018\\\/07\\\/Trabalho-Infantil-300x200.jpg\",\"inLanguage\":\"pt-BR\",\"potentialAction\":[{\"@type\":\"CommentAction\",\"name\":\"Comment\",\"target\":[\"https:\\\/\\\/www.albertopeixoto.com.br\\\/blog\\\/2018\\\/07\\\/04\\\/este-nao-e-o-brasil-que-nos-queremos-por-sergio-jones\\\/#respond\"]}]},{\"@type\":\"WebPage\",\"@id\":\"https:\\\/\\\/www.albertopeixoto.com.br\\\/blog\\\/2018\\\/07\\\/04\\\/este-nao-e-o-brasil-que-nos-queremos-por-sergio-jones\\\/\",\"url\":\"https:\\\/\\\/www.albertopeixoto.com.br\\\/blog\\\/2018\\\/07\\\/04\\\/este-nao-e-o-brasil-que-nos-queremos-por-sergio-jones\\\/\",\"name\":\"Este n\u00e3o \u00e9 o Brasil que n\u00f3s queremos\\\/ Por S\u00e9rgio Jones* - Alberto Peixoto\",\"isPartOf\":{\"@id\":\"https:\\\/\\\/www.albertopeixoto.com.br\\\/blog\\\/#website\"},\"primaryImageOfPage\":{\"@id\":\"https:\\\/\\\/www.albertopeixoto.com.br\\\/blog\\\/2018\\\/07\\\/04\\\/este-nao-e-o-brasil-que-nos-queremos-por-sergio-jones\\\/#primaryimage\"},\"image\":{\"@id\":\"https:\\\/\\\/www.albertopeixoto.com.br\\\/blog\\\/2018\\\/07\\\/04\\\/este-nao-e-o-brasil-que-nos-queremos-por-sergio-jones\\\/#primaryimage\"},\"thumbnailUrl\":\"https:\\\/\\\/www.albertopeixoto.com.br\\\/blog\\\/wp-content\\\/uploads\\\/2018\\\/07\\\/Trabalho-Infantil-300x200.jpg\",\"datePublished\":\"2018-07-04T17:01:55+00:00\",\"breadcrumb\":{\"@id\":\"https:\\\/\\\/www.albertopeixoto.com.br\\\/blog\\\/2018\\\/07\\\/04\\\/este-nao-e-o-brasil-que-nos-queremos-por-sergio-jones\\\/#breadcrumb\"},\"inLanguage\":\"pt-BR\",\"potentialAction\":[{\"@type\":\"ReadAction\",\"target\":[\"https:\\\/\\\/www.albertopeixoto.com.br\\\/blog\\\/2018\\\/07\\\/04\\\/este-nao-e-o-brasil-que-nos-queremos-por-sergio-jones\\\/\"]}]},{\"@type\":\"ImageObject\",\"inLanguage\":\"pt-BR\",\"@id\":\"https:\\\/\\\/www.albertopeixoto.com.br\\\/blog\\\/2018\\\/07\\\/04\\\/este-nao-e-o-brasil-que-nos-queremos-por-sergio-jones\\\/#primaryimage\",\"url\":\"https:\\\/\\\/www.albertopeixoto.com.br\\\/blog\\\/wp-content\\\/uploads\\\/2018\\\/07\\\/Trabalho-Infantil.jpg\",\"contentUrl\":\"https:\\\/\\\/www.albertopeixoto.com.br\\\/blog\\\/wp-content\\\/uploads\\\/2018\\\/07\\\/Trabalho-Infantil.jpg\",\"width\":800,\"height\":533,\"caption\":\"A pr\u00e9-escola \u00e9 a etapa mais importante do desenvolvimento infantil FOTO: Prefeitura Municipal de Pirassununga\"},{\"@type\":\"BreadcrumbList\",\"@id\":\"https:\\\/\\\/www.albertopeixoto.com.br\\\/blog\\\/2018\\\/07\\\/04\\\/este-nao-e-o-brasil-que-nos-queremos-por-sergio-jones\\\/#breadcrumb\",\"itemListElement\":[{\"@type\":\"ListItem\",\"position\":1,\"name\":\"In\u00edcio\",\"item\":\"https:\\\/\\\/www.albertopeixoto.com.br\\\/blog\\\/\"},{\"@type\":\"ListItem\",\"position\":2,\"name\":\"Este n\u00e3o \u00e9 o Brasil que n\u00f3s queremos\\\/ Por S\u00e9rgio Jones*\"}]},{\"@type\":\"WebSite\",\"@id\":\"https:\\\/\\\/www.albertopeixoto.com.br\\\/blog\\\/#website\",\"url\":\"https:\\\/\\\/www.albertopeixoto.com.br\\\/blog\\\/\",\"name\":\"Alberto Peixoto\",\"description\":\"Site do escritor feirense Alberto Peixoto\",\"publisher\":{\"@id\":\"https:\\\/\\\/www.albertopeixoto.com.br\\\/blog\\\/#\\\/schema\\\/person\\\/7c0ad65e044773b9ace71e4bed27392e\"},\"potentialAction\":[{\"@type\":\"SearchAction\",\"target\":{\"@type\":\"EntryPoint\",\"urlTemplate\":\"https:\\\/\\\/www.albertopeixoto.com.br\\\/blog\\\/?s={search_term_string}\"},\"query-input\":{\"@type\":\"PropertyValueSpecification\",\"valueRequired\":true,\"valueName\":\"search_term_string\"}}],\"inLanguage\":\"pt-BR\"},{\"@type\":[\"Person\",\"Organization\"],\"@id\":\"https:\\\/\\\/www.albertopeixoto.com.br\\\/blog\\\/#\\\/schema\\\/person\\\/7c0ad65e044773b9ace71e4bed27392e\",\"name\":\"Alberto Peixoto\",\"image\":{\"@type\":\"ImageObject\",\"inLanguage\":\"pt-BR\",\"@id\":\"https:\\\/\\\/secure.gravatar.com\\\/avatar\\\/56073ba688fdc11029c75ad4a19a7d0404f80a73249f4fb56c9c021b86beab08?s=96&d=mm&r=g\",\"url\":\"https:\\\/\\\/secure.gravatar.com\\\/avatar\\\/56073ba688fdc11029c75ad4a19a7d0404f80a73249f4fb56c9c021b86beab08?s=96&d=mm&r=g\",\"contentUrl\":\"https:\\\/\\\/secure.gravatar.com\\\/avatar\\\/56073ba688fdc11029c75ad4a19a7d0404f80a73249f4fb56c9c021b86beab08?s=96&d=mm&r=g\",\"caption\":\"Alberto Peixoto\"},\"logo\":{\"@id\":\"https:\\\/\\\/secure.gravatar.com\\\/avatar\\\/56073ba688fdc11029c75ad4a19a7d0404f80a73249f4fb56c9c021b86beab08?s=96&d=mm&r=g\"},\"sameAs\":[\"https:\\\/\\\/www.albertopeixoto.com.br\\\/\",\"https:\\\/\\\/www.facebook.com\\\/antonioalberto.oliveirapeixoto\"],\"url\":\"https:\\\/\\\/www.albertopeixoto.com.br\\\/blog\\\/author\\\/apeixoto\\\/\"}]}<\/script>\n<!-- \/ Yoast SEO plugin. -->","yoast_head_json":{"title":"Este n\u00e3o \u00e9 o Brasil que n\u00f3s queremos\/ Por S\u00e9rgio Jones* - Alberto Peixoto","robots":{"index":"index","follow":"follow","max-snippet":"max-snippet:-1","max-image-preview":"max-image-preview:large","max-video-preview":"max-video-preview:-1"},"canonical":"https:\/\/www.albertopeixoto.com.br\/blog\/2018\/07\/04\/este-nao-e-o-brasil-que-nos-queremos-por-sergio-jones\/","og_locale":"pt_BR","og_type":"article","og_title":"Este n\u00e3o \u00e9 o Brasil que n\u00f3s queremos\/ Por S\u00e9rgio Jones* - Alberto Peixoto","og_description":"Como n\u00f3s todos estamos cansados de saber, embora muitos por interesses escusos n\u00e3o querem admitir, o poder \u00e9 perverso e quem os det\u00e9m, quase sempre, \u00e9 a esc\u00f3ria da humanidade. Na disputa social s\u00f3 triunfam os mais violentos e sanguin\u00e1rios. &hellip; Continue reading &rarr;","og_url":"https:\/\/www.albertopeixoto.com.br\/blog\/2018\/07\/04\/este-nao-e-o-brasil-que-nos-queremos-por-sergio-jones\/","og_site_name":"Alberto Peixoto","article_publisher":"https:\/\/www.facebook.com\/antonioalberto.oliveirapeixoto","article_author":"https:\/\/www.facebook.com\/antonioalberto.oliveirapeixoto","article_published_time":"2018-07-04T17:01:55+00:00","og_image":[{"url":"https:\/\/www.albertopeixoto.com.br\/blog\/wp-content\/uploads\/2018\/07\/Trabalho-Infantil-300x200.jpg","type":"","width":"","height":""}],"author":"Alberto Peixoto","twitter_card":"summary_large_image","twitter_misc":{"Escrito por":"Alberto Peixoto","Est. tempo de leitura":"3 minutos"},"schema":{"@context":"https:\/\/schema.org","@graph":[{"@type":"Article","@id":"https:\/\/www.albertopeixoto.com.br\/blog\/2018\/07\/04\/este-nao-e-o-brasil-que-nos-queremos-por-sergio-jones\/#article","isPartOf":{"@id":"https:\/\/www.albertopeixoto.com.br\/blog\/2018\/07\/04\/este-nao-e-o-brasil-que-nos-queremos-por-sergio-jones\/"},"author":{"name":"Alberto Peixoto","@id":"https:\/\/www.albertopeixoto.com.br\/blog\/#\/schema\/person\/7c0ad65e044773b9ace71e4bed27392e"},"headline":"Este n\u00e3o \u00e9 o Brasil que n\u00f3s queremos\/ Por S\u00e9rgio Jones*","datePublished":"2018-07-04T17:01:55+00:00","mainEntityOfPage":{"@id":"https:\/\/www.albertopeixoto.com.br\/blog\/2018\/07\/04\/este-nao-e-o-brasil-que-nos-queremos-por-sergio-jones\/"},"wordCount":538,"commentCount":0,"publisher":{"@id":"https:\/\/www.albertopeixoto.com.br\/blog\/#\/schema\/person\/7c0ad65e044773b9ace71e4bed27392e"},"image":{"@id":"https:\/\/www.albertopeixoto.com.br\/blog\/2018\/07\/04\/este-nao-e-o-brasil-que-nos-queremos-por-sergio-jones\/#primaryimage"},"thumbnailUrl":"https:\/\/www.albertopeixoto.com.br\/blog\/wp-content\/uploads\/2018\/07\/Trabalho-Infantil-300x200.jpg","inLanguage":"pt-BR","potentialAction":[{"@type":"CommentAction","name":"Comment","target":["https:\/\/www.albertopeixoto.com.br\/blog\/2018\/07\/04\/este-nao-e-o-brasil-que-nos-queremos-por-sergio-jones\/#respond"]}]},{"@type":"WebPage","@id":"https:\/\/www.albertopeixoto.com.br\/blog\/2018\/07\/04\/este-nao-e-o-brasil-que-nos-queremos-por-sergio-jones\/","url":"https:\/\/www.albertopeixoto.com.br\/blog\/2018\/07\/04\/este-nao-e-o-brasil-que-nos-queremos-por-sergio-jones\/","name":"Este n\u00e3o \u00e9 o Brasil que n\u00f3s queremos\/ Por S\u00e9rgio Jones* - Alberto Peixoto","isPartOf":{"@id":"https:\/\/www.albertopeixoto.com.br\/blog\/#website"},"primaryImageOfPage":{"@id":"https:\/\/www.albertopeixoto.com.br\/blog\/2018\/07\/04\/este-nao-e-o-brasil-que-nos-queremos-por-sergio-jones\/#primaryimage"},"image":{"@id":"https:\/\/www.albertopeixoto.com.br\/blog\/2018\/07\/04\/este-nao-e-o-brasil-que-nos-queremos-por-sergio-jones\/#primaryimage"},"thumbnailUrl":"https:\/\/www.albertopeixoto.com.br\/blog\/wp-content\/uploads\/2018\/07\/Trabalho-Infantil-300x200.jpg","datePublished":"2018-07-04T17:01:55+00:00","breadcrumb":{"@id":"https:\/\/www.albertopeixoto.com.br\/blog\/2018\/07\/04\/este-nao-e-o-brasil-que-nos-queremos-por-sergio-jones\/#breadcrumb"},"inLanguage":"pt-BR","potentialAction":[{"@type":"ReadAction","target":["https:\/\/www.albertopeixoto.com.br\/blog\/2018\/07\/04\/este-nao-e-o-brasil-que-nos-queremos-por-sergio-jones\/"]}]},{"@type":"ImageObject","inLanguage":"pt-BR","@id":"https:\/\/www.albertopeixoto.com.br\/blog\/2018\/07\/04\/este-nao-e-o-brasil-que-nos-queremos-por-sergio-jones\/#primaryimage","url":"https:\/\/www.albertopeixoto.com.br\/blog\/wp-content\/uploads\/2018\/07\/Trabalho-Infantil.jpg","contentUrl":"https:\/\/www.albertopeixoto.com.br\/blog\/wp-content\/uploads\/2018\/07\/Trabalho-Infantil.jpg","width":800,"height":533,"caption":"A pr\u00e9-escola \u00e9 a etapa mais importante do desenvolvimento infantil FOTO: Prefeitura Municipal de Pirassununga"},{"@type":"BreadcrumbList","@id":"https:\/\/www.albertopeixoto.com.br\/blog\/2018\/07\/04\/este-nao-e-o-brasil-que-nos-queremos-por-sergio-jones\/#breadcrumb","itemListElement":[{"@type":"ListItem","position":1,"name":"In\u00edcio","item":"https:\/\/www.albertopeixoto.com.br\/blog\/"},{"@type":"ListItem","position":2,"name":"Este n\u00e3o \u00e9 o Brasil que n\u00f3s queremos\/ Por S\u00e9rgio Jones*"}]},{"@type":"WebSite","@id":"https:\/\/www.albertopeixoto.com.br\/blog\/#website","url":"https:\/\/www.albertopeixoto.com.br\/blog\/","name":"Alberto Peixoto","description":"Site do escritor feirense Alberto Peixoto","publisher":{"@id":"https:\/\/www.albertopeixoto.com.br\/blog\/#\/schema\/person\/7c0ad65e044773b9ace71e4bed27392e"},"potentialAction":[{"@type":"SearchAction","target":{"@type":"EntryPoint","urlTemplate":"https:\/\/www.albertopeixoto.com.br\/blog\/?s={search_term_string}"},"query-input":{"@type":"PropertyValueSpecification","valueRequired":true,"valueName":"search_term_string"}}],"inLanguage":"pt-BR"},{"@type":["Person","Organization"],"@id":"https:\/\/www.albertopeixoto.com.br\/blog\/#\/schema\/person\/7c0ad65e044773b9ace71e4bed27392e","name":"Alberto Peixoto","image":{"@type":"ImageObject","inLanguage":"pt-BR","@id":"https:\/\/secure.gravatar.com\/avatar\/56073ba688fdc11029c75ad4a19a7d0404f80a73249f4fb56c9c021b86beab08?s=96&d=mm&r=g","url":"https:\/\/secure.gravatar.com\/avatar\/56073ba688fdc11029c75ad4a19a7d0404f80a73249f4fb56c9c021b86beab08?s=96&d=mm&r=g","contentUrl":"https:\/\/secure.gravatar.com\/avatar\/56073ba688fdc11029c75ad4a19a7d0404f80a73249f4fb56c9c021b86beab08?s=96&d=mm&r=g","caption":"Alberto Peixoto"},"logo":{"@id":"https:\/\/secure.gravatar.com\/avatar\/56073ba688fdc11029c75ad4a19a7d0404f80a73249f4fb56c9c021b86beab08?s=96&d=mm&r=g"},"sameAs":["https:\/\/www.albertopeixoto.com.br\/","https:\/\/www.facebook.com\/antonioalberto.oliveirapeixoto"],"url":"https:\/\/www.albertopeixoto.com.br\/blog\/author\/apeixoto\/"}]}},"_links":{"self":[{"href":"https:\/\/www.albertopeixoto.com.br\/blog\/wp-json\/wp\/v2\/posts\/996","targetHints":{"allow":["GET"]}}],"collection":[{"href":"https:\/\/www.albertopeixoto.com.br\/blog\/wp-json\/wp\/v2\/posts"}],"about":[{"href":"https:\/\/www.albertopeixoto.com.br\/blog\/wp-json\/wp\/v2\/types\/post"}],"author":[{"embeddable":true,"href":"https:\/\/www.albertopeixoto.com.br\/blog\/wp-json\/wp\/v2\/users\/2"}],"replies":[{"embeddable":true,"href":"https:\/\/www.albertopeixoto.com.br\/blog\/wp-json\/wp\/v2\/comments?post=996"}],"version-history":[{"count":1,"href":"https:\/\/www.albertopeixoto.com.br\/blog\/wp-json\/wp\/v2\/posts\/996\/revisions"}],"predecessor-version":[{"id":998,"href":"https:\/\/www.albertopeixoto.com.br\/blog\/wp-json\/wp\/v2\/posts\/996\/revisions\/998"}],"wp:attachment":[{"href":"https:\/\/www.albertopeixoto.com.br\/blog\/wp-json\/wp\/v2\/media?parent=996"}],"wp:term":[{"taxonomy":"category","embeddable":true,"href":"https:\/\/www.albertopeixoto.com.br\/blog\/wp-json\/wp\/v2\/categories?post=996"},{"taxonomy":"post_tag","embeddable":true,"href":"https:\/\/www.albertopeixoto.com.br\/blog\/wp-json\/wp\/v2\/tags?post=996"}],"curies":[{"name":"wp","href":"https:\/\/api.w.org\/{rel}","templated":true}]}}