{"id":729,"date":"2017-08-05T21:54:49","date_gmt":"2017-08-06T00:54:49","guid":{"rendered":"https:\/\/www.albertopeixoto.com.br\/blog\/?p=729"},"modified":"2017-08-07T16:54:21","modified_gmt":"2017-08-07T19:54:21","slug":"reeleger-corruptos-jamais","status":"publish","type":"post","link":"https:\/\/www.albertopeixoto.com.br\/blog\/2017\/08\/05\/reeleger-corruptos-jamais\/","title":{"rendered":"Reeleger corruptos? Jamais."},"content":{"rendered":"<div id=\"attachment_730\" style=\"width: 288px\" class=\"wp-caption alignright\"><a href=\"https:\/\/www.albertopeixoto.com.br\/blog\/wp-content\/uploads\/2017\/08\/Corruptos.jpg\"><img loading=\"lazy\" decoding=\"async\" aria-describedby=\"caption-attachment-730\" class=\"size-full wp-image-730\" src=\"https:\/\/www.albertopeixoto.com.br\/blog\/wp-content\/uploads\/2017\/08\/Corruptos.jpg\" alt=\"\" width=\"278\" height=\"182\" \/><\/a><p id=\"caption-attachment-730\" class=\"wp-caption-text\">A corrup\u00e7\u00e3o venceu no Brasil. Agora \u00e9 oficial: Brasil, pa\u00eds da corrup\u00e7\u00e3o\u201d.<\/p><\/div>\n<p style=\"text-align: justify\">O que ocorreu no dia 02 de agosto de 2017, foi para degradar mais ainda as enlameadas p\u00e1ginas da historia brasileira; tanto da forma pol\u00edtica como social,\u00a0 j\u00e1 que o eleitor brasileiro tamb\u00e9m \u00e9 culpado.<\/p>\n<p style=\"text-align: justify\">Todos os canalhas que votaram protegendo o presidente golpista Michel Temer, s\u00e3o t\u00e3o corruptos quanto ele. Derrotaram, mais uma vez, a democracia. Conforme se noticia, o custo para os cofres do pa\u00eds na compra dos votos dos deputados corruptos, foi cerca de R$ 13,4 bilh\u00f5es, valor este, que daria para comprar 5 Neymar.<\/p>\n<p style=\"text-align: justify\">A vit\u00f3ria de Temer \u00e9 a vit\u00f3ria daqueles que sa\u00edram com a mala cheia de dinheiro e a derrota fica com o povo brasileiro. Encha o tanque de combust\u00edvel do seu ve\u00edculo e ajude Temer a pagar aos deputados que comprou.<\/p>\n<p style=\"text-align: justify\">De acordo declara\u00e7\u00e3o do ex-presidente FHC<em>, &#8220;Foi uma vit\u00f3ria de Pirro, porque n\u00e3o adianta nada para o pa\u00eds. Adianta, claro, para o presidente Temer. Mas, para o pa\u00eds, essa n\u00e3o era a grande quest\u00e3o&#8221; \u2013 <\/em><strong>Vit\u00f3ria de Pirro<\/strong> \u00e9 uma express\u00e3o para se referir a uma vit\u00f3ria obtida a alto pre\u00e7o por Pirro, rei da Maced\u00f4nia, potencialmente acarretadora de preju\u00edzos irrepar\u00e1veis.<\/p>\n<p style=\"text-align: justify\">Para estes deputados o Brasil deve continuar a ser o pa\u00eds desonesto que eles criaram sob as permissividades da popula\u00e7\u00e3o. Segundo noticiaram a impressa internacional, <strong><em>\u201ca corrup\u00e7\u00e3o venceu no Brasil. Agora \u00e9 oficial: Brasil, pa\u00eds da corrup\u00e7\u00e3o\u201d.<\/em><\/strong><\/p>\n<p style=\"text-align: justify\">\u00c9 inconceb\u00edvel acreditar que nas pr\u00f3ximas elei\u00e7\u00f5es algum eleitor em s\u00e3 consci\u00eancia vote nestes pol\u00edticos, que vestiram a camisa da corrup\u00e7\u00e3o e s\u00e3o coniventes com os crimes de corrup\u00e7\u00e3o, lavagem de dinheiro e forma\u00e7\u00e3o de quadrilha em que Michel Temer \u00e9 acusado \u2013 exceto os coxinhas, \u00e9 claro.<\/p>\n<p style=\"text-align: justify\">Mas n\u00e3o fica s\u00f3 nisso. Foi noticiado pelo site <a href=\"http:\/\/www.brasil247.com\/\">www.brasil247.com<\/a> que em outro processo, Temer tamb\u00e9m dever\u00e1 ser apontado como chefe de organiza\u00e7\u00e3o criminosa, comandante do grupo integrado por ele, pelos ex-deputados Eduardo Cunha e Henrique Eduardo Alves, entre outros pol\u00edticos do PMDB e por obstru\u00e7\u00e3o da justi\u00e7a no caso JBS.<\/p>\n<p style=\"text-align: justify\">As elei\u00e7\u00f5es est\u00e3o bem pr\u00f3ximas. Precisamos trabalhar para que estes canalhas n\u00e3o se reelejam. Infelizmente o brasileiro tem mem\u00f3ria curta.<\/p>\n<p style=\"text-align: justify\"><strong>Alberto Peixoto &#8211; Escritor<\/strong><\/p>\n<p>&nbsp;<\/p>\n<p>&nbsp;<\/p>\n<p>.<\/p>\n","protected":false},"excerpt":{"rendered":"<p>O que ocorreu no dia 02 de agosto de 2017, foi para degradar mais ainda as enlameadas p\u00e1ginas da historia brasileira; tanto da forma pol\u00edtica como social,\u00a0 j\u00e1 que o eleitor brasileiro tamb\u00e9m \u00e9 culpado. Todos os canalhas que votaram &hellip; <a href=\"https:\/\/www.albertopeixoto.com.br\/blog\/2017\/08\/05\/reeleger-corruptos-jamais\/\">Continue reading <span class=\"meta-nav\">&rarr;<\/span><\/a><\/p>\n","protected":false},"author":2,"featured_media":0,"comment_status":"open","ping_status":"open","sticky":false,"template":"","format":"standard","meta":{"footnotes":""},"categories":[1],"tags":[],"class_list":["post-729","post","type-post","status-publish","format-standard","hentry","category-sem-categoria"],"yoast_head":"<!-- This site is optimized with the Yoast SEO plugin v28.3 - https:\/\/yoast.com\/product\/yoast-seo-wordpress\/ -->\n<title>Reeleger corruptos? Jamais. - Alberto Peixoto<\/title>\n<meta name=\"robots\" content=\"index, follow, max-snippet:-1, max-image-preview:large, max-video-preview:-1\" \/>\n<link rel=\"canonical\" href=\"https:\/\/www.albertopeixoto.com.br\/blog\/2017\/08\/05\/reeleger-corruptos-jamais\/\" \/>\n<meta property=\"og:locale\" content=\"pt_BR\" \/>\n<meta property=\"og:type\" content=\"article\" \/>\n<meta property=\"og:title\" content=\"Reeleger corruptos? Jamais. - Alberto Peixoto\" \/>\n<meta property=\"og:description\" content=\"O que ocorreu no dia 02 de agosto de 2017, foi para degradar mais ainda as enlameadas p\u00e1ginas da historia brasileira; tanto da forma pol\u00edtica como social,\u00a0 j\u00e1 que o eleitor brasileiro tamb\u00e9m \u00e9 culpado. Todos os canalhas que votaram &hellip; Continue reading &rarr;\" \/>\n<meta property=\"og:url\" content=\"https:\/\/www.albertopeixoto.com.br\/blog\/2017\/08\/05\/reeleger-corruptos-jamais\/\" \/>\n<meta property=\"og:site_name\" content=\"Alberto Peixoto\" \/>\n<meta property=\"article:publisher\" content=\"https:\/\/www.facebook.com\/antonioalberto.oliveirapeixoto\" \/>\n<meta property=\"article:author\" content=\"https:\/\/www.facebook.com\/antonioalberto.oliveirapeixoto\" \/>\n<meta property=\"article:published_time\" content=\"2017-08-06T00:54:49+00:00\" \/>\n<meta property=\"article:modified_time\" content=\"2017-08-07T19:54:21+00:00\" \/>\n<meta property=\"og:image\" content=\"https:\/\/www.albertopeixoto.com.br\/blog\/wp-content\/uploads\/2017\/08\/Corruptos.jpg\" \/>\n<meta name=\"author\" content=\"Alberto Peixoto\" \/>\n<meta name=\"twitter:card\" content=\"summary_large_image\" \/>\n<meta name=\"twitter:label1\" content=\"Escrito por\" \/>\n\t<meta name=\"twitter:data1\" content=\"Alberto Peixoto\" \/>\n\t<meta name=\"twitter:label2\" content=\"Est. tempo de leitura\" \/>\n\t<meta name=\"twitter:data2\" content=\"2 minutos\" \/>\n<script type=\"application\/ld+json\" class=\"yoast-schema-graph\">{\"@context\":\"https:\\\/\\\/schema.org\",\"@graph\":[{\"@type\":\"Article\",\"@id\":\"https:\\\/\\\/www.albertopeixoto.com.br\\\/blog\\\/2017\\\/08\\\/05\\\/reeleger-corruptos-jamais\\\/#article\",\"isPartOf\":{\"@id\":\"https:\\\/\\\/www.albertopeixoto.com.br\\\/blog\\\/2017\\\/08\\\/05\\\/reeleger-corruptos-jamais\\\/\"},\"author\":{\"name\":\"Alberto Peixoto\",\"@id\":\"https:\\\/\\\/www.albertopeixoto.com.br\\\/blog\\\/#\\\/schema\\\/person\\\/7c0ad65e044773b9ace71e4bed27392e\"},\"headline\":\"Reeleger corruptos? Jamais.\",\"datePublished\":\"2017-08-06T00:54:49+00:00\",\"dateModified\":\"2017-08-07T19:54:21+00:00\",\"mainEntityOfPage\":{\"@id\":\"https:\\\/\\\/www.albertopeixoto.com.br\\\/blog\\\/2017\\\/08\\\/05\\\/reeleger-corruptos-jamais\\\/\"},\"wordCount\":416,\"commentCount\":0,\"publisher\":{\"@id\":\"https:\\\/\\\/www.albertopeixoto.com.br\\\/blog\\\/#\\\/schema\\\/person\\\/7c0ad65e044773b9ace71e4bed27392e\"},\"image\":{\"@id\":\"https:\\\/\\\/www.albertopeixoto.com.br\\\/blog\\\/2017\\\/08\\\/05\\\/reeleger-corruptos-jamais\\\/#primaryimage\"},\"thumbnailUrl\":\"https:\\\/\\\/www.albertopeixoto.com.br\\\/blog\\\/wp-content\\\/uploads\\\/2017\\\/08\\\/Corruptos.jpg\",\"inLanguage\":\"pt-BR\",\"potentialAction\":[{\"@type\":\"CommentAction\",\"name\":\"Comment\",\"target\":[\"https:\\\/\\\/www.albertopeixoto.com.br\\\/blog\\\/2017\\\/08\\\/05\\\/reeleger-corruptos-jamais\\\/#respond\"]}]},{\"@type\":\"WebPage\",\"@id\":\"https:\\\/\\\/www.albertopeixoto.com.br\\\/blog\\\/2017\\\/08\\\/05\\\/reeleger-corruptos-jamais\\\/\",\"url\":\"https:\\\/\\\/www.albertopeixoto.com.br\\\/blog\\\/2017\\\/08\\\/05\\\/reeleger-corruptos-jamais\\\/\",\"name\":\"Reeleger corruptos? Jamais. - Alberto Peixoto\",\"isPartOf\":{\"@id\":\"https:\\\/\\\/www.albertopeixoto.com.br\\\/blog\\\/#website\"},\"primaryImageOfPage\":{\"@id\":\"https:\\\/\\\/www.albertopeixoto.com.br\\\/blog\\\/2017\\\/08\\\/05\\\/reeleger-corruptos-jamais\\\/#primaryimage\"},\"image\":{\"@id\":\"https:\\\/\\\/www.albertopeixoto.com.br\\\/blog\\\/2017\\\/08\\\/05\\\/reeleger-corruptos-jamais\\\/#primaryimage\"},\"thumbnailUrl\":\"https:\\\/\\\/www.albertopeixoto.com.br\\\/blog\\\/wp-content\\\/uploads\\\/2017\\\/08\\\/Corruptos.jpg\",\"datePublished\":\"2017-08-06T00:54:49+00:00\",\"dateModified\":\"2017-08-07T19:54:21+00:00\",\"breadcrumb\":{\"@id\":\"https:\\\/\\\/www.albertopeixoto.com.br\\\/blog\\\/2017\\\/08\\\/05\\\/reeleger-corruptos-jamais\\\/#breadcrumb\"},\"inLanguage\":\"pt-BR\",\"potentialAction\":[{\"@type\":\"ReadAction\",\"target\":[\"https:\\\/\\\/www.albertopeixoto.com.br\\\/blog\\\/2017\\\/08\\\/05\\\/reeleger-corruptos-jamais\\\/\"]}]},{\"@type\":\"ImageObject\",\"inLanguage\":\"pt-BR\",\"@id\":\"https:\\\/\\\/www.albertopeixoto.com.br\\\/blog\\\/2017\\\/08\\\/05\\\/reeleger-corruptos-jamais\\\/#primaryimage\",\"url\":\"https:\\\/\\\/www.albertopeixoto.com.br\\\/blog\\\/wp-content\\\/uploads\\\/2017\\\/08\\\/Corruptos.jpg\",\"contentUrl\":\"https:\\\/\\\/www.albertopeixoto.com.br\\\/blog\\\/wp-content\\\/uploads\\\/2017\\\/08\\\/Corruptos.jpg\",\"width\":278,\"height\":182,\"caption\":\"A corrup\u00e7\u00e3o venceu no Brasil. Agora \u00e9 oficial: Brasil, pa\u00eds da corrup\u00e7\u00e3o\u201d.\"},{\"@type\":\"BreadcrumbList\",\"@id\":\"https:\\\/\\\/www.albertopeixoto.com.br\\\/blog\\\/2017\\\/08\\\/05\\\/reeleger-corruptos-jamais\\\/#breadcrumb\",\"itemListElement\":[{\"@type\":\"ListItem\",\"position\":1,\"name\":\"In\u00edcio\",\"item\":\"https:\\\/\\\/www.albertopeixoto.com.br\\\/blog\\\/\"},{\"@type\":\"ListItem\",\"position\":2,\"name\":\"Reeleger corruptos? Jamais.\"}]},{\"@type\":\"WebSite\",\"@id\":\"https:\\\/\\\/www.albertopeixoto.com.br\\\/blog\\\/#website\",\"url\":\"https:\\\/\\\/www.albertopeixoto.com.br\\\/blog\\\/\",\"name\":\"Alberto Peixoto\",\"description\":\"Site do escritor feirense Alberto Peixoto\",\"publisher\":{\"@id\":\"https:\\\/\\\/www.albertopeixoto.com.br\\\/blog\\\/#\\\/schema\\\/person\\\/7c0ad65e044773b9ace71e4bed27392e\"},\"potentialAction\":[{\"@type\":\"SearchAction\",\"target\":{\"@type\":\"EntryPoint\",\"urlTemplate\":\"https:\\\/\\\/www.albertopeixoto.com.br\\\/blog\\\/?s={search_term_string}\"},\"query-input\":{\"@type\":\"PropertyValueSpecification\",\"valueRequired\":true,\"valueName\":\"search_term_string\"}}],\"inLanguage\":\"pt-BR\"},{\"@type\":[\"Person\",\"Organization\"],\"@id\":\"https:\\\/\\\/www.albertopeixoto.com.br\\\/blog\\\/#\\\/schema\\\/person\\\/7c0ad65e044773b9ace71e4bed27392e\",\"name\":\"Alberto Peixoto\",\"image\":{\"@type\":\"ImageObject\",\"inLanguage\":\"pt-BR\",\"@id\":\"https:\\\/\\\/secure.gravatar.com\\\/avatar\\\/56073ba688fdc11029c75ad4a19a7d0404f80a73249f4fb56c9c021b86beab08?s=96&d=mm&r=g\",\"url\":\"https:\\\/\\\/secure.gravatar.com\\\/avatar\\\/56073ba688fdc11029c75ad4a19a7d0404f80a73249f4fb56c9c021b86beab08?s=96&d=mm&r=g\",\"contentUrl\":\"https:\\\/\\\/secure.gravatar.com\\\/avatar\\\/56073ba688fdc11029c75ad4a19a7d0404f80a73249f4fb56c9c021b86beab08?s=96&d=mm&r=g\",\"caption\":\"Alberto Peixoto\"},\"logo\":{\"@id\":\"https:\\\/\\\/secure.gravatar.com\\\/avatar\\\/56073ba688fdc11029c75ad4a19a7d0404f80a73249f4fb56c9c021b86beab08?s=96&d=mm&r=g\"},\"sameAs\":[\"https:\\\/\\\/www.albertopeixoto.com.br\\\/\",\"https:\\\/\\\/www.facebook.com\\\/antonioalberto.oliveirapeixoto\"],\"url\":\"https:\\\/\\\/www.albertopeixoto.com.br\\\/blog\\\/author\\\/apeixoto\\\/\"}]}<\/script>\n<!-- \/ Yoast SEO plugin. -->","yoast_head_json":{"title":"Reeleger corruptos? Jamais. - Alberto Peixoto","robots":{"index":"index","follow":"follow","max-snippet":"max-snippet:-1","max-image-preview":"max-image-preview:large","max-video-preview":"max-video-preview:-1"},"canonical":"https:\/\/www.albertopeixoto.com.br\/blog\/2017\/08\/05\/reeleger-corruptos-jamais\/","og_locale":"pt_BR","og_type":"article","og_title":"Reeleger corruptos? Jamais. - Alberto Peixoto","og_description":"O que ocorreu no dia 02 de agosto de 2017, foi para degradar mais ainda as enlameadas p\u00e1ginas da historia brasileira; tanto da forma pol\u00edtica como social,\u00a0 j\u00e1 que o eleitor brasileiro tamb\u00e9m \u00e9 culpado. Todos os canalhas que votaram &hellip; Continue reading &rarr;","og_url":"https:\/\/www.albertopeixoto.com.br\/blog\/2017\/08\/05\/reeleger-corruptos-jamais\/","og_site_name":"Alberto Peixoto","article_publisher":"https:\/\/www.facebook.com\/antonioalberto.oliveirapeixoto","article_author":"https:\/\/www.facebook.com\/antonioalberto.oliveirapeixoto","article_published_time":"2017-08-06T00:54:49+00:00","article_modified_time":"2017-08-07T19:54:21+00:00","og_image":[{"url":"https:\/\/www.albertopeixoto.com.br\/blog\/wp-content\/uploads\/2017\/08\/Corruptos.jpg","type":"","width":"","height":""}],"author":"Alberto Peixoto","twitter_card":"summary_large_image","twitter_misc":{"Escrito por":"Alberto Peixoto","Est. tempo de leitura":"2 minutos"},"schema":{"@context":"https:\/\/schema.org","@graph":[{"@type":"Article","@id":"https:\/\/www.albertopeixoto.com.br\/blog\/2017\/08\/05\/reeleger-corruptos-jamais\/#article","isPartOf":{"@id":"https:\/\/www.albertopeixoto.com.br\/blog\/2017\/08\/05\/reeleger-corruptos-jamais\/"},"author":{"name":"Alberto Peixoto","@id":"https:\/\/www.albertopeixoto.com.br\/blog\/#\/schema\/person\/7c0ad65e044773b9ace71e4bed27392e"},"headline":"Reeleger corruptos? Jamais.","datePublished":"2017-08-06T00:54:49+00:00","dateModified":"2017-08-07T19:54:21+00:00","mainEntityOfPage":{"@id":"https:\/\/www.albertopeixoto.com.br\/blog\/2017\/08\/05\/reeleger-corruptos-jamais\/"},"wordCount":416,"commentCount":0,"publisher":{"@id":"https:\/\/www.albertopeixoto.com.br\/blog\/#\/schema\/person\/7c0ad65e044773b9ace71e4bed27392e"},"image":{"@id":"https:\/\/www.albertopeixoto.com.br\/blog\/2017\/08\/05\/reeleger-corruptos-jamais\/#primaryimage"},"thumbnailUrl":"https:\/\/www.albertopeixoto.com.br\/blog\/wp-content\/uploads\/2017\/08\/Corruptos.jpg","inLanguage":"pt-BR","potentialAction":[{"@type":"CommentAction","name":"Comment","target":["https:\/\/www.albertopeixoto.com.br\/blog\/2017\/08\/05\/reeleger-corruptos-jamais\/#respond"]}]},{"@type":"WebPage","@id":"https:\/\/www.albertopeixoto.com.br\/blog\/2017\/08\/05\/reeleger-corruptos-jamais\/","url":"https:\/\/www.albertopeixoto.com.br\/blog\/2017\/08\/05\/reeleger-corruptos-jamais\/","name":"Reeleger corruptos? Jamais. - Alberto Peixoto","isPartOf":{"@id":"https:\/\/www.albertopeixoto.com.br\/blog\/#website"},"primaryImageOfPage":{"@id":"https:\/\/www.albertopeixoto.com.br\/blog\/2017\/08\/05\/reeleger-corruptos-jamais\/#primaryimage"},"image":{"@id":"https:\/\/www.albertopeixoto.com.br\/blog\/2017\/08\/05\/reeleger-corruptos-jamais\/#primaryimage"},"thumbnailUrl":"https:\/\/www.albertopeixoto.com.br\/blog\/wp-content\/uploads\/2017\/08\/Corruptos.jpg","datePublished":"2017-08-06T00:54:49+00:00","dateModified":"2017-08-07T19:54:21+00:00","breadcrumb":{"@id":"https:\/\/www.albertopeixoto.com.br\/blog\/2017\/08\/05\/reeleger-corruptos-jamais\/#breadcrumb"},"inLanguage":"pt-BR","potentialAction":[{"@type":"ReadAction","target":["https:\/\/www.albertopeixoto.com.br\/blog\/2017\/08\/05\/reeleger-corruptos-jamais\/"]}]},{"@type":"ImageObject","inLanguage":"pt-BR","@id":"https:\/\/www.albertopeixoto.com.br\/blog\/2017\/08\/05\/reeleger-corruptos-jamais\/#primaryimage","url":"https:\/\/www.albertopeixoto.com.br\/blog\/wp-content\/uploads\/2017\/08\/Corruptos.jpg","contentUrl":"https:\/\/www.albertopeixoto.com.br\/blog\/wp-content\/uploads\/2017\/08\/Corruptos.jpg","width":278,"height":182,"caption":"A corrup\u00e7\u00e3o venceu no Brasil. Agora \u00e9 oficial: Brasil, pa\u00eds da corrup\u00e7\u00e3o\u201d."},{"@type":"BreadcrumbList","@id":"https:\/\/www.albertopeixoto.com.br\/blog\/2017\/08\/05\/reeleger-corruptos-jamais\/#breadcrumb","itemListElement":[{"@type":"ListItem","position":1,"name":"In\u00edcio","item":"https:\/\/www.albertopeixoto.com.br\/blog\/"},{"@type":"ListItem","position":2,"name":"Reeleger corruptos? Jamais."}]},{"@type":"WebSite","@id":"https:\/\/www.albertopeixoto.com.br\/blog\/#website","url":"https:\/\/www.albertopeixoto.com.br\/blog\/","name":"Alberto Peixoto","description":"Site do escritor feirense Alberto Peixoto","publisher":{"@id":"https:\/\/www.albertopeixoto.com.br\/blog\/#\/schema\/person\/7c0ad65e044773b9ace71e4bed27392e"},"potentialAction":[{"@type":"SearchAction","target":{"@type":"EntryPoint","urlTemplate":"https:\/\/www.albertopeixoto.com.br\/blog\/?s={search_term_string}"},"query-input":{"@type":"PropertyValueSpecification","valueRequired":true,"valueName":"search_term_string"}}],"inLanguage":"pt-BR"},{"@type":["Person","Organization"],"@id":"https:\/\/www.albertopeixoto.com.br\/blog\/#\/schema\/person\/7c0ad65e044773b9ace71e4bed27392e","name":"Alberto Peixoto","image":{"@type":"ImageObject","inLanguage":"pt-BR","@id":"https:\/\/secure.gravatar.com\/avatar\/56073ba688fdc11029c75ad4a19a7d0404f80a73249f4fb56c9c021b86beab08?s=96&d=mm&r=g","url":"https:\/\/secure.gravatar.com\/avatar\/56073ba688fdc11029c75ad4a19a7d0404f80a73249f4fb56c9c021b86beab08?s=96&d=mm&r=g","contentUrl":"https:\/\/secure.gravatar.com\/avatar\/56073ba688fdc11029c75ad4a19a7d0404f80a73249f4fb56c9c021b86beab08?s=96&d=mm&r=g","caption":"Alberto Peixoto"},"logo":{"@id":"https:\/\/secure.gravatar.com\/avatar\/56073ba688fdc11029c75ad4a19a7d0404f80a73249f4fb56c9c021b86beab08?s=96&d=mm&r=g"},"sameAs":["https:\/\/www.albertopeixoto.com.br\/","https:\/\/www.facebook.com\/antonioalberto.oliveirapeixoto"],"url":"https:\/\/www.albertopeixoto.com.br\/blog\/author\/apeixoto\/"}]}},"_links":{"self":[{"href":"https:\/\/www.albertopeixoto.com.br\/blog\/wp-json\/wp\/v2\/posts\/729","targetHints":{"allow":["GET"]}}],"collection":[{"href":"https:\/\/www.albertopeixoto.com.br\/blog\/wp-json\/wp\/v2\/posts"}],"about":[{"href":"https:\/\/www.albertopeixoto.com.br\/blog\/wp-json\/wp\/v2\/types\/post"}],"author":[{"embeddable":true,"href":"https:\/\/www.albertopeixoto.com.br\/blog\/wp-json\/wp\/v2\/users\/2"}],"replies":[{"embeddable":true,"href":"https:\/\/www.albertopeixoto.com.br\/blog\/wp-json\/wp\/v2\/comments?post=729"}],"version-history":[{"count":2,"href":"https:\/\/www.albertopeixoto.com.br\/blog\/wp-json\/wp\/v2\/posts\/729\/revisions"}],"predecessor-version":[{"id":732,"href":"https:\/\/www.albertopeixoto.com.br\/blog\/wp-json\/wp\/v2\/posts\/729\/revisions\/732"}],"wp:attachment":[{"href":"https:\/\/www.albertopeixoto.com.br\/blog\/wp-json\/wp\/v2\/media?parent=729"}],"wp:term":[{"taxonomy":"category","embeddable":true,"href":"https:\/\/www.albertopeixoto.com.br\/blog\/wp-json\/wp\/v2\/categories?post=729"},{"taxonomy":"post_tag","embeddable":true,"href":"https:\/\/www.albertopeixoto.com.br\/blog\/wp-json\/wp\/v2\/tags?post=729"}],"curies":[{"name":"wp","href":"https:\/\/api.w.org\/{rel}","templated":true}]}}