{"id":259,"date":"2015-11-21T10:44:27","date_gmt":"2015-11-21T13:44:27","guid":{"rendered":"https:\/\/www.albertopeixoto.com.br\/blog\/?p=259"},"modified":"2015-11-21T10:44:27","modified_gmt":"2015-11-21T13:44:27","slug":"vivendo-as-diferencas","status":"publish","type":"post","link":"https:\/\/www.albertopeixoto.com.br\/blog\/2015\/11\/21\/vivendo-as-diferencas\/","title":{"rendered":"Vivendo as diferen\u00e7as"},"content":{"rendered":"<p>Estamos vivendo o terceiro mil\u00eanio onde o avan\u00e7o tecnol\u00f3gico tem sido uma constante. Neste mundo \u201cglobalizado\u201d j\u00e1 derrubamos fronteiras intranspon\u00edveis, estamos ligados em todos os acontecimentos em tempo real, cada vez mais descobrimos coisas novas entre o c\u00e9u e a terra e a cada dia que passa nos afastamos mais e mais de nossos pares, sejam homens ou mulheres. Nossa intoler\u00e2ncia para o diferente est\u00e1 cada vez mais presente nas rela\u00e7\u00f5es sejam de trabalho ou afetivas. As Organiza\u00e7\u00f5es que j\u00e1 acordaram para a quest\u00e3o fazem programas que estimulam a diversidade, acreditando que a soma dos diferentes \u00e9 muito maior que a facilidade dos iguais, mas, mesmo assim, encontramos obst\u00e1culos que aparecem sutilmente travestidos no dia-a-dia, como falta de desempenho profissional, baixa produtividade, dificuldade de trabalhar em equipe.<\/p>\n<p>Acredito que \u00e9 sempre muito bom conviver com as diferen\u00e7as. Se tivermos de fazer um apanhado de tudo que realizamos, vamos perceber que sempre temos que estar interagindo com a vontade das pessoas, dos gostos, dos credos e cren\u00e7as, no trabalho, em casa, com filhos, amigos, at\u00e9 mesmo com quem n\u00e3o nos relacionamos e, de certa forma, acabamos sendo influenciados por alguma atitude.<\/p>\n<p>A verdade \u00e9 que, particularmente, gosto muito da diferen\u00e7a, ela engrandece: se n\u00e3o for boa, aprendemos com ela que nos ensina a n\u00e3o fazermos igual e sim da melhor maneira, seja para n\u00f3s ou para o nosso pr\u00f3ximo, sendo essa diferen\u00e7a positiva, a gente tamb\u00e9m aprende, ningu\u00e9m pensa igual. Acho que por si s\u00f3 as diferen\u00e7as j\u00e1 come\u00e7am por a\u00ed.<\/p>\n<p>Na verdade ser diferente \u00e9 que \u00e9 legal&#8230; Cria a curiosidade, instiga a mente das pessoas para o novo &#8211; mania que todo mundo tem medo &#8211; faz com que a gente pegue carona no desconhecido e experimente novos aprendizados, maneiras melhores de fazer e ser, como seres humanos, profissionais, amigos, pais, filhos e colegas de trabalho, al\u00e9m dos amigos distantes e pr\u00f3ximos.<\/p>\n<p>O fato \u00e9 que n\u00e3o precisamos aceitar tudo que \u00e9 diferente, mas sim aceitar a conviver com ele e com as distintas maneiras de ser e de pensar das pessoas. \u00c9 isso que nos enriquece como entes humanos.<\/p>\n","protected":false},"excerpt":{"rendered":"<p>Estamos vivendo o terceiro mil\u00eanio onde o avan\u00e7o tecnol\u00f3gico tem sido uma constante. Neste mundo \u201cglobalizado\u201d j\u00e1 derrubamos fronteiras intranspon\u00edveis, estamos ligados em todos os acontecimentos em tempo real, cada vez mais descobrimos coisas novas entre o c\u00e9u e a &hellip; <a href=\"https:\/\/www.albertopeixoto.com.br\/blog\/2015\/11\/21\/vivendo-as-diferencas\/\">Continue reading <span class=\"meta-nav\">&rarr;<\/span><\/a><\/p>\n","protected":false},"author":2,"featured_media":0,"comment_status":"open","ping_status":"open","sticky":false,"template":"","format":"standard","meta":{"footnotes":""},"categories":[3],"tags":[],"class_list":["post-259","post","type-post","status-publish","format-standard","hentry","category-textos"],"yoast_head":"<!-- This site is optimized with the Yoast SEO plugin v28.3 - https:\/\/yoast.com\/product\/yoast-seo-wordpress\/ -->\n<title>Vivendo as diferen\u00e7as - Alberto Peixoto<\/title>\n<meta name=\"robots\" content=\"index, follow, max-snippet:-1, max-image-preview:large, max-video-preview:-1\" \/>\n<link rel=\"canonical\" href=\"https:\/\/www.albertopeixoto.com.br\/blog\/2015\/11\/21\/vivendo-as-diferencas\/\" \/>\n<meta property=\"og:locale\" content=\"pt_BR\" \/>\n<meta property=\"og:type\" content=\"article\" \/>\n<meta property=\"og:title\" content=\"Vivendo as diferen\u00e7as - Alberto Peixoto\" \/>\n<meta property=\"og:description\" content=\"Estamos vivendo o terceiro mil\u00eanio onde o avan\u00e7o tecnol\u00f3gico tem sido uma constante. Neste mundo \u201cglobalizado\u201d j\u00e1 derrubamos fronteiras intranspon\u00edveis, estamos ligados em todos os acontecimentos em tempo real, cada vez mais descobrimos coisas novas entre o c\u00e9u e a &hellip; Continue reading &rarr;\" \/>\n<meta property=\"og:url\" content=\"https:\/\/www.albertopeixoto.com.br\/blog\/2015\/11\/21\/vivendo-as-diferencas\/\" \/>\n<meta property=\"og:site_name\" content=\"Alberto Peixoto\" \/>\n<meta property=\"article:publisher\" content=\"https:\/\/www.facebook.com\/antonioalberto.oliveirapeixoto\" \/>\n<meta property=\"article:author\" content=\"https:\/\/www.facebook.com\/antonioalberto.oliveirapeixoto\" \/>\n<meta property=\"article:published_time\" content=\"2015-11-21T13:44:27+00:00\" \/>\n<meta property=\"og:image\" content=\"https:\/\/www.albertopeixoto.com.br\/blog\/wp-content\/uploads\/2015\/11\/apeixoto-230.jpg\" \/>\n\t<meta property=\"og:image:width\" content=\"230\" \/>\n\t<meta property=\"og:image:height\" content=\"345\" \/>\n\t<meta property=\"og:image:type\" content=\"image\/jpeg\" \/>\n<meta name=\"author\" content=\"Alberto Peixoto\" \/>\n<meta name=\"twitter:card\" content=\"summary_large_image\" \/>\n<meta name=\"twitter:label1\" content=\"Escrito por\" \/>\n\t<meta name=\"twitter:data1\" content=\"Alberto Peixoto\" \/>\n\t<meta name=\"twitter:label2\" content=\"Est. tempo de leitura\" \/>\n\t<meta name=\"twitter:data2\" content=\"2 minutos\" \/>\n<script type=\"application\/ld+json\" class=\"yoast-schema-graph\">{\"@context\":\"https:\\\/\\\/schema.org\",\"@graph\":[{\"@type\":\"Article\",\"@id\":\"https:\\\/\\\/www.albertopeixoto.com.br\\\/blog\\\/2015\\\/11\\\/21\\\/vivendo-as-diferencas\\\/#article\",\"isPartOf\":{\"@id\":\"https:\\\/\\\/www.albertopeixoto.com.br\\\/blog\\\/2015\\\/11\\\/21\\\/vivendo-as-diferencas\\\/\"},\"author\":{\"name\":\"Alberto Peixoto\",\"@id\":\"https:\\\/\\\/www.albertopeixoto.com.br\\\/blog\\\/#\\\/schema\\\/person\\\/7c0ad65e044773b9ace71e4bed27392e\"},\"headline\":\"Vivendo as diferen\u00e7as\",\"datePublished\":\"2015-11-21T13:44:27+00:00\",\"mainEntityOfPage\":{\"@id\":\"https:\\\/\\\/www.albertopeixoto.com.br\\\/blog\\\/2015\\\/11\\\/21\\\/vivendo-as-diferencas\\\/\"},\"wordCount\":373,\"commentCount\":0,\"publisher\":{\"@id\":\"https:\\\/\\\/www.albertopeixoto.com.br\\\/blog\\\/#\\\/schema\\\/person\\\/7c0ad65e044773b9ace71e4bed27392e\"},\"articleSection\":[\"Textos\"],\"inLanguage\":\"pt-BR\",\"potentialAction\":[{\"@type\":\"CommentAction\",\"name\":\"Comment\",\"target\":[\"https:\\\/\\\/www.albertopeixoto.com.br\\\/blog\\\/2015\\\/11\\\/21\\\/vivendo-as-diferencas\\\/#respond\"]}]},{\"@type\":\"WebPage\",\"@id\":\"https:\\\/\\\/www.albertopeixoto.com.br\\\/blog\\\/2015\\\/11\\\/21\\\/vivendo-as-diferencas\\\/\",\"url\":\"https:\\\/\\\/www.albertopeixoto.com.br\\\/blog\\\/2015\\\/11\\\/21\\\/vivendo-as-diferencas\\\/\",\"name\":\"Vivendo as diferen\u00e7as - Alberto Peixoto\",\"isPartOf\":{\"@id\":\"https:\\\/\\\/www.albertopeixoto.com.br\\\/blog\\\/#website\"},\"datePublished\":\"2015-11-21T13:44:27+00:00\",\"breadcrumb\":{\"@id\":\"https:\\\/\\\/www.albertopeixoto.com.br\\\/blog\\\/2015\\\/11\\\/21\\\/vivendo-as-diferencas\\\/#breadcrumb\"},\"inLanguage\":\"pt-BR\",\"potentialAction\":[{\"@type\":\"ReadAction\",\"target\":[\"https:\\\/\\\/www.albertopeixoto.com.br\\\/blog\\\/2015\\\/11\\\/21\\\/vivendo-as-diferencas\\\/\"]}]},{\"@type\":\"BreadcrumbList\",\"@id\":\"https:\\\/\\\/www.albertopeixoto.com.br\\\/blog\\\/2015\\\/11\\\/21\\\/vivendo-as-diferencas\\\/#breadcrumb\",\"itemListElement\":[{\"@type\":\"ListItem\",\"position\":1,\"name\":\"In\u00edcio\",\"item\":\"https:\\\/\\\/www.albertopeixoto.com.br\\\/blog\\\/\"},{\"@type\":\"ListItem\",\"position\":2,\"name\":\"Vivendo as diferen\u00e7as\"}]},{\"@type\":\"WebSite\",\"@id\":\"https:\\\/\\\/www.albertopeixoto.com.br\\\/blog\\\/#website\",\"url\":\"https:\\\/\\\/www.albertopeixoto.com.br\\\/blog\\\/\",\"name\":\"Alberto Peixoto\",\"description\":\"Site do escritor feirense Alberto Peixoto\",\"publisher\":{\"@id\":\"https:\\\/\\\/www.albertopeixoto.com.br\\\/blog\\\/#\\\/schema\\\/person\\\/7c0ad65e044773b9ace71e4bed27392e\"},\"potentialAction\":[{\"@type\":\"SearchAction\",\"target\":{\"@type\":\"EntryPoint\",\"urlTemplate\":\"https:\\\/\\\/www.albertopeixoto.com.br\\\/blog\\\/?s={search_term_string}\"},\"query-input\":{\"@type\":\"PropertyValueSpecification\",\"valueRequired\":true,\"valueName\":\"search_term_string\"}}],\"inLanguage\":\"pt-BR\"},{\"@type\":[\"Person\",\"Organization\"],\"@id\":\"https:\\\/\\\/www.albertopeixoto.com.br\\\/blog\\\/#\\\/schema\\\/person\\\/7c0ad65e044773b9ace71e4bed27392e\",\"name\":\"Alberto Peixoto\",\"image\":{\"@type\":\"ImageObject\",\"inLanguage\":\"pt-BR\",\"@id\":\"https:\\\/\\\/secure.gravatar.com\\\/avatar\\\/56073ba688fdc11029c75ad4a19a7d0404f80a73249f4fb56c9c021b86beab08?s=96&d=mm&r=g\",\"url\":\"https:\\\/\\\/secure.gravatar.com\\\/avatar\\\/56073ba688fdc11029c75ad4a19a7d0404f80a73249f4fb56c9c021b86beab08?s=96&d=mm&r=g\",\"contentUrl\":\"https:\\\/\\\/secure.gravatar.com\\\/avatar\\\/56073ba688fdc11029c75ad4a19a7d0404f80a73249f4fb56c9c021b86beab08?s=96&d=mm&r=g\",\"caption\":\"Alberto Peixoto\"},\"logo\":{\"@id\":\"https:\\\/\\\/secure.gravatar.com\\\/avatar\\\/56073ba688fdc11029c75ad4a19a7d0404f80a73249f4fb56c9c021b86beab08?s=96&d=mm&r=g\"},\"sameAs\":[\"https:\\\/\\\/www.albertopeixoto.com.br\\\/\",\"https:\\\/\\\/www.facebook.com\\\/antonioalberto.oliveirapeixoto\"],\"url\":\"https:\\\/\\\/www.albertopeixoto.com.br\\\/blog\\\/author\\\/apeixoto\\\/\"}]}<\/script>\n<!-- \/ Yoast SEO plugin. -->","yoast_head_json":{"title":"Vivendo as diferen\u00e7as - Alberto Peixoto","robots":{"index":"index","follow":"follow","max-snippet":"max-snippet:-1","max-image-preview":"max-image-preview:large","max-video-preview":"max-video-preview:-1"},"canonical":"https:\/\/www.albertopeixoto.com.br\/blog\/2015\/11\/21\/vivendo-as-diferencas\/","og_locale":"pt_BR","og_type":"article","og_title":"Vivendo as diferen\u00e7as - Alberto Peixoto","og_description":"Estamos vivendo o terceiro mil\u00eanio onde o avan\u00e7o tecnol\u00f3gico tem sido uma constante. Neste mundo \u201cglobalizado\u201d j\u00e1 derrubamos fronteiras intranspon\u00edveis, estamos ligados em todos os acontecimentos em tempo real, cada vez mais descobrimos coisas novas entre o c\u00e9u e a &hellip; Continue reading &rarr;","og_url":"https:\/\/www.albertopeixoto.com.br\/blog\/2015\/11\/21\/vivendo-as-diferencas\/","og_site_name":"Alberto Peixoto","article_publisher":"https:\/\/www.facebook.com\/antonioalberto.oliveirapeixoto","article_author":"https:\/\/www.facebook.com\/antonioalberto.oliveirapeixoto","article_published_time":"2015-11-21T13:44:27+00:00","og_image":[{"width":230,"height":345,"url":"https:\/\/www.albertopeixoto.com.br\/blog\/wp-content\/uploads\/2015\/11\/apeixoto-230.jpg","type":"image\/jpeg"}],"author":"Alberto Peixoto","twitter_card":"summary_large_image","twitter_misc":{"Escrito por":"Alberto Peixoto","Est. tempo de leitura":"2 minutos"},"schema":{"@context":"https:\/\/schema.org","@graph":[{"@type":"Article","@id":"https:\/\/www.albertopeixoto.com.br\/blog\/2015\/11\/21\/vivendo-as-diferencas\/#article","isPartOf":{"@id":"https:\/\/www.albertopeixoto.com.br\/blog\/2015\/11\/21\/vivendo-as-diferencas\/"},"author":{"name":"Alberto Peixoto","@id":"https:\/\/www.albertopeixoto.com.br\/blog\/#\/schema\/person\/7c0ad65e044773b9ace71e4bed27392e"},"headline":"Vivendo as diferen\u00e7as","datePublished":"2015-11-21T13:44:27+00:00","mainEntityOfPage":{"@id":"https:\/\/www.albertopeixoto.com.br\/blog\/2015\/11\/21\/vivendo-as-diferencas\/"},"wordCount":373,"commentCount":0,"publisher":{"@id":"https:\/\/www.albertopeixoto.com.br\/blog\/#\/schema\/person\/7c0ad65e044773b9ace71e4bed27392e"},"articleSection":["Textos"],"inLanguage":"pt-BR","potentialAction":[{"@type":"CommentAction","name":"Comment","target":["https:\/\/www.albertopeixoto.com.br\/blog\/2015\/11\/21\/vivendo-as-diferencas\/#respond"]}]},{"@type":"WebPage","@id":"https:\/\/www.albertopeixoto.com.br\/blog\/2015\/11\/21\/vivendo-as-diferencas\/","url":"https:\/\/www.albertopeixoto.com.br\/blog\/2015\/11\/21\/vivendo-as-diferencas\/","name":"Vivendo as diferen\u00e7as - Alberto Peixoto","isPartOf":{"@id":"https:\/\/www.albertopeixoto.com.br\/blog\/#website"},"datePublished":"2015-11-21T13:44:27+00:00","breadcrumb":{"@id":"https:\/\/www.albertopeixoto.com.br\/blog\/2015\/11\/21\/vivendo-as-diferencas\/#breadcrumb"},"inLanguage":"pt-BR","potentialAction":[{"@type":"ReadAction","target":["https:\/\/www.albertopeixoto.com.br\/blog\/2015\/11\/21\/vivendo-as-diferencas\/"]}]},{"@type":"BreadcrumbList","@id":"https:\/\/www.albertopeixoto.com.br\/blog\/2015\/11\/21\/vivendo-as-diferencas\/#breadcrumb","itemListElement":[{"@type":"ListItem","position":1,"name":"In\u00edcio","item":"https:\/\/www.albertopeixoto.com.br\/blog\/"},{"@type":"ListItem","position":2,"name":"Vivendo as diferen\u00e7as"}]},{"@type":"WebSite","@id":"https:\/\/www.albertopeixoto.com.br\/blog\/#website","url":"https:\/\/www.albertopeixoto.com.br\/blog\/","name":"Alberto Peixoto","description":"Site do escritor feirense Alberto Peixoto","publisher":{"@id":"https:\/\/www.albertopeixoto.com.br\/blog\/#\/schema\/person\/7c0ad65e044773b9ace71e4bed27392e"},"potentialAction":[{"@type":"SearchAction","target":{"@type":"EntryPoint","urlTemplate":"https:\/\/www.albertopeixoto.com.br\/blog\/?s={search_term_string}"},"query-input":{"@type":"PropertyValueSpecification","valueRequired":true,"valueName":"search_term_string"}}],"inLanguage":"pt-BR"},{"@type":["Person","Organization"],"@id":"https:\/\/www.albertopeixoto.com.br\/blog\/#\/schema\/person\/7c0ad65e044773b9ace71e4bed27392e","name":"Alberto Peixoto","image":{"@type":"ImageObject","inLanguage":"pt-BR","@id":"https:\/\/secure.gravatar.com\/avatar\/56073ba688fdc11029c75ad4a19a7d0404f80a73249f4fb56c9c021b86beab08?s=96&d=mm&r=g","url":"https:\/\/secure.gravatar.com\/avatar\/56073ba688fdc11029c75ad4a19a7d0404f80a73249f4fb56c9c021b86beab08?s=96&d=mm&r=g","contentUrl":"https:\/\/secure.gravatar.com\/avatar\/56073ba688fdc11029c75ad4a19a7d0404f80a73249f4fb56c9c021b86beab08?s=96&d=mm&r=g","caption":"Alberto Peixoto"},"logo":{"@id":"https:\/\/secure.gravatar.com\/avatar\/56073ba688fdc11029c75ad4a19a7d0404f80a73249f4fb56c9c021b86beab08?s=96&d=mm&r=g"},"sameAs":["https:\/\/www.albertopeixoto.com.br\/","https:\/\/www.facebook.com\/antonioalberto.oliveirapeixoto"],"url":"https:\/\/www.albertopeixoto.com.br\/blog\/author\/apeixoto\/"}]}},"_links":{"self":[{"href":"https:\/\/www.albertopeixoto.com.br\/blog\/wp-json\/wp\/v2\/posts\/259","targetHints":{"allow":["GET"]}}],"collection":[{"href":"https:\/\/www.albertopeixoto.com.br\/blog\/wp-json\/wp\/v2\/posts"}],"about":[{"href":"https:\/\/www.albertopeixoto.com.br\/blog\/wp-json\/wp\/v2\/types\/post"}],"author":[{"embeddable":true,"href":"https:\/\/www.albertopeixoto.com.br\/blog\/wp-json\/wp\/v2\/users\/2"}],"replies":[{"embeddable":true,"href":"https:\/\/www.albertopeixoto.com.br\/blog\/wp-json\/wp\/v2\/comments?post=259"}],"version-history":[{"count":1,"href":"https:\/\/www.albertopeixoto.com.br\/blog\/wp-json\/wp\/v2\/posts\/259\/revisions"}],"predecessor-version":[{"id":260,"href":"https:\/\/www.albertopeixoto.com.br\/blog\/wp-json\/wp\/v2\/posts\/259\/revisions\/260"}],"wp:attachment":[{"href":"https:\/\/www.albertopeixoto.com.br\/blog\/wp-json\/wp\/v2\/media?parent=259"}],"wp:term":[{"taxonomy":"category","embeddable":true,"href":"https:\/\/www.albertopeixoto.com.br\/blog\/wp-json\/wp\/v2\/categories?post=259"},{"taxonomy":"post_tag","embeddable":true,"href":"https:\/\/www.albertopeixoto.com.br\/blog\/wp-json\/wp\/v2\/tags?post=259"}],"curies":[{"name":"wp","href":"https:\/\/api.w.org\/{rel}","templated":true}]}}