{"id":250,"date":"2015-11-21T10:40:44","date_gmt":"2015-11-21T13:40:44","guid":{"rendered":"https:\/\/www.albertopeixoto.com.br\/blog\/?p=250"},"modified":"2015-11-21T10:40:44","modified_gmt":"2015-11-21T13:40:44","slug":"troque-um-parlamentar-por-344-professores","status":"publish","type":"post","link":"https:\/\/www.albertopeixoto.com.br\/blog\/2015\/11\/21\/troque-um-parlamentar-por-344-professores\/","title":{"rendered":"Troque um parlamentar por 344 professores"},"content":{"rendered":"<p>Quem se importa com os professores? Quest\u00e3o que po\u00adderia deslizar, perigosamente, para esta outra: quem se im\u00adporta com o ensino?<\/p>\n<p>Recebi uma mensagem eletr\u00f4nica em que um professor de F\u00edsica, do ensino m\u00e9dio de uma escola p\u00fablica, dizia sentir-se humilhado e at\u00e9 de dizer que, como educador percebia mensalmente R$ 650,00 de sal\u00e1rio bruto. Inclusive que existem colegas de profiss\u00e3o que ganham ainda menos. Algo em torno de R$ 440,00. Ser\u00e1 que algu\u00e9m acha que, com um sal\u00e1rio assim, a rede de ensino poder\u00e1 contar com professores competentes e dispostos a ensinar?<\/p>\n<p>Seguindo com seus coment\u00e1rios, disse: <\/p>\n<p><em>\u201cN\u00e3o querendo generalizar, pois ainda existem bons professores lecionando, atualmente a regra \u00e9 essa: O professor faz de conta que d\u00e1 aula, o aluno faz de conta que aprende, o Governo faz de conta que paga e a escola aprova um aluno mal preparado. Incr\u00edvel, mas \u00e9 a pura verdade! Sinceramente, eu leciono porque sou um idealista e atualmente vejo a profiss\u00e3o como um trabalho social\u201d.<\/p>\n<p>Um parlamentar no Brasil custa para os cofres do Estado R$ 10,2 milh\u00f5es por ano. Com certeza, devem ser os parlamentares mais caros do mundo! Segundo as pesquisas deste mesmo professor, na It\u00e1lia, s\u00e3o gastos com parlamentares R$ 3,9 milh\u00f5es, na Fran\u00e7a, pouco mais de R$ 2,8 milh\u00f5es, na Espanha, cada parlamentar custa por ano R$ 850 mil e na vizinha, Argentina, R$ 1,3 milh\u00f5es.<\/p>\n<p>Podemos observar, atrav\u00e9s destes n\u00fameros, que um parlamentar brasileiro custa ao er\u00e1rio o equivalente a 688 professores de n\u00edvel superior. N\u00e3o est\u00e3o computados outras benesses usufru\u00eddas pelos parlamentares, como as famigeradas passagens para toda parte do planeta utilizada n\u00e3o s\u00f3 por seus familiares, mas, at\u00e9 por amigos deste grupo de privilegiados, entre outras.<\/p>\n<p>A proposta do professor em quest\u00e3o \u00e9 a seguinte: Diante dos fatos, gostaria muito, amigo, que voc\u00ea divulgasse minha campanha, na qual o lema \u00e9: &#8220;troque um parlamentar por 344 professores&#8221;. COMO VOCE VAI VOTAR DEPOIS DE LER ESTE ARTIGO?<\/em><\/p>\n","protected":false},"excerpt":{"rendered":"<p>Quem se importa com os professores? Quest\u00e3o que po\u00adderia deslizar, perigosamente, para esta outra: quem se im\u00adporta com o ensino? Recebi uma mensagem eletr\u00f4nica em que um professor de F\u00edsica, do ensino m\u00e9dio de uma escola p\u00fablica, dizia sentir-se humilhado &hellip; <a href=\"https:\/\/www.albertopeixoto.com.br\/blog\/2015\/11\/21\/troque-um-parlamentar-por-344-professores\/\">Continue reading <span class=\"meta-nav\">&rarr;<\/span><\/a><\/p>\n","protected":false},"author":2,"featured_media":0,"comment_status":"open","ping_status":"open","sticky":false,"template":"","format":"standard","meta":{"footnotes":""},"categories":[3],"tags":[],"class_list":["post-250","post","type-post","status-publish","format-standard","hentry","category-textos"],"yoast_head":"<!-- This site is optimized with the Yoast SEO plugin v28.3 - https:\/\/yoast.com\/product\/yoast-seo-wordpress\/ -->\n<title>Troque um parlamentar por 344 professores - Alberto Peixoto<\/title>\n<meta name=\"robots\" content=\"index, follow, max-snippet:-1, max-image-preview:large, max-video-preview:-1\" \/>\n<link rel=\"canonical\" href=\"https:\/\/www.albertopeixoto.com.br\/blog\/2015\/11\/21\/troque-um-parlamentar-por-344-professores\/\" \/>\n<meta property=\"og:locale\" content=\"pt_BR\" \/>\n<meta property=\"og:type\" content=\"article\" \/>\n<meta property=\"og:title\" content=\"Troque um parlamentar por 344 professores - Alberto Peixoto\" \/>\n<meta property=\"og:description\" content=\"Quem se importa com os professores? Quest\u00e3o que po\u00adderia deslizar, perigosamente, para esta outra: quem se im\u00adporta com o ensino? Recebi uma mensagem eletr\u00f4nica em que um professor de F\u00edsica, do ensino m\u00e9dio de uma escola p\u00fablica, dizia sentir-se humilhado &hellip; Continue reading &rarr;\" \/>\n<meta property=\"og:url\" content=\"https:\/\/www.albertopeixoto.com.br\/blog\/2015\/11\/21\/troque-um-parlamentar-por-344-professores\/\" \/>\n<meta property=\"og:site_name\" content=\"Alberto Peixoto\" \/>\n<meta property=\"article:publisher\" content=\"https:\/\/www.facebook.com\/antonioalberto.oliveirapeixoto\" \/>\n<meta property=\"article:author\" content=\"https:\/\/www.facebook.com\/antonioalberto.oliveirapeixoto\" \/>\n<meta property=\"article:published_time\" content=\"2015-11-21T13:40:44+00:00\" \/>\n<meta property=\"og:image\" content=\"https:\/\/www.albertopeixoto.com.br\/blog\/wp-content\/uploads\/2015\/11\/apeixoto-230.jpg\" \/>\n\t<meta property=\"og:image:width\" content=\"230\" \/>\n\t<meta property=\"og:image:height\" content=\"345\" \/>\n\t<meta property=\"og:image:type\" content=\"image\/jpeg\" \/>\n<meta name=\"author\" content=\"Alberto Peixoto\" \/>\n<meta name=\"twitter:card\" content=\"summary_large_image\" \/>\n<meta name=\"twitter:label1\" content=\"Escrito por\" \/>\n\t<meta name=\"twitter:data1\" content=\"Alberto Peixoto\" \/>\n\t<meta name=\"twitter:label2\" content=\"Est. tempo de leitura\" \/>\n\t<meta name=\"twitter:data2\" content=\"2 minutos\" \/>\n<script type=\"application\/ld+json\" class=\"yoast-schema-graph\">{\"@context\":\"https:\\\/\\\/schema.org\",\"@graph\":[{\"@type\":\"Article\",\"@id\":\"https:\\\/\\\/www.albertopeixoto.com.br\\\/blog\\\/2015\\\/11\\\/21\\\/troque-um-parlamentar-por-344-professores\\\/#article\",\"isPartOf\":{\"@id\":\"https:\\\/\\\/www.albertopeixoto.com.br\\\/blog\\\/2015\\\/11\\\/21\\\/troque-um-parlamentar-por-344-professores\\\/\"},\"author\":{\"name\":\"Alberto Peixoto\",\"@id\":\"https:\\\/\\\/www.albertopeixoto.com.br\\\/blog\\\/#\\\/schema\\\/person\\\/7c0ad65e044773b9ace71e4bed27392e\"},\"headline\":\"Troque um parlamentar por 344 professores\",\"datePublished\":\"2015-11-21T13:40:44+00:00\",\"mainEntityOfPage\":{\"@id\":\"https:\\\/\\\/www.albertopeixoto.com.br\\\/blog\\\/2015\\\/11\\\/21\\\/troque-um-parlamentar-por-344-professores\\\/\"},\"wordCount\":344,\"commentCount\":0,\"publisher\":{\"@id\":\"https:\\\/\\\/www.albertopeixoto.com.br\\\/blog\\\/#\\\/schema\\\/person\\\/7c0ad65e044773b9ace71e4bed27392e\"},\"articleSection\":[\"Textos\"],\"inLanguage\":\"pt-BR\",\"potentialAction\":[{\"@type\":\"CommentAction\",\"name\":\"Comment\",\"target\":[\"https:\\\/\\\/www.albertopeixoto.com.br\\\/blog\\\/2015\\\/11\\\/21\\\/troque-um-parlamentar-por-344-professores\\\/#respond\"]}]},{\"@type\":\"WebPage\",\"@id\":\"https:\\\/\\\/www.albertopeixoto.com.br\\\/blog\\\/2015\\\/11\\\/21\\\/troque-um-parlamentar-por-344-professores\\\/\",\"url\":\"https:\\\/\\\/www.albertopeixoto.com.br\\\/blog\\\/2015\\\/11\\\/21\\\/troque-um-parlamentar-por-344-professores\\\/\",\"name\":\"Troque um parlamentar por 344 professores - Alberto Peixoto\",\"isPartOf\":{\"@id\":\"https:\\\/\\\/www.albertopeixoto.com.br\\\/blog\\\/#website\"},\"datePublished\":\"2015-11-21T13:40:44+00:00\",\"breadcrumb\":{\"@id\":\"https:\\\/\\\/www.albertopeixoto.com.br\\\/blog\\\/2015\\\/11\\\/21\\\/troque-um-parlamentar-por-344-professores\\\/#breadcrumb\"},\"inLanguage\":\"pt-BR\",\"potentialAction\":[{\"@type\":\"ReadAction\",\"target\":[\"https:\\\/\\\/www.albertopeixoto.com.br\\\/blog\\\/2015\\\/11\\\/21\\\/troque-um-parlamentar-por-344-professores\\\/\"]}]},{\"@type\":\"BreadcrumbList\",\"@id\":\"https:\\\/\\\/www.albertopeixoto.com.br\\\/blog\\\/2015\\\/11\\\/21\\\/troque-um-parlamentar-por-344-professores\\\/#breadcrumb\",\"itemListElement\":[{\"@type\":\"ListItem\",\"position\":1,\"name\":\"In\u00edcio\",\"item\":\"https:\\\/\\\/www.albertopeixoto.com.br\\\/blog\\\/\"},{\"@type\":\"ListItem\",\"position\":2,\"name\":\"Troque um parlamentar por 344 professores\"}]},{\"@type\":\"WebSite\",\"@id\":\"https:\\\/\\\/www.albertopeixoto.com.br\\\/blog\\\/#website\",\"url\":\"https:\\\/\\\/www.albertopeixoto.com.br\\\/blog\\\/\",\"name\":\"Alberto Peixoto\",\"description\":\"Site do escritor feirense Alberto Peixoto\",\"publisher\":{\"@id\":\"https:\\\/\\\/www.albertopeixoto.com.br\\\/blog\\\/#\\\/schema\\\/person\\\/7c0ad65e044773b9ace71e4bed27392e\"},\"potentialAction\":[{\"@type\":\"SearchAction\",\"target\":{\"@type\":\"EntryPoint\",\"urlTemplate\":\"https:\\\/\\\/www.albertopeixoto.com.br\\\/blog\\\/?s={search_term_string}\"},\"query-input\":{\"@type\":\"PropertyValueSpecification\",\"valueRequired\":true,\"valueName\":\"search_term_string\"}}],\"inLanguage\":\"pt-BR\"},{\"@type\":[\"Person\",\"Organization\"],\"@id\":\"https:\\\/\\\/www.albertopeixoto.com.br\\\/blog\\\/#\\\/schema\\\/person\\\/7c0ad65e044773b9ace71e4bed27392e\",\"name\":\"Alberto Peixoto\",\"image\":{\"@type\":\"ImageObject\",\"inLanguage\":\"pt-BR\",\"@id\":\"https:\\\/\\\/secure.gravatar.com\\\/avatar\\\/56073ba688fdc11029c75ad4a19a7d0404f80a73249f4fb56c9c021b86beab08?s=96&d=mm&r=g\",\"url\":\"https:\\\/\\\/secure.gravatar.com\\\/avatar\\\/56073ba688fdc11029c75ad4a19a7d0404f80a73249f4fb56c9c021b86beab08?s=96&d=mm&r=g\",\"contentUrl\":\"https:\\\/\\\/secure.gravatar.com\\\/avatar\\\/56073ba688fdc11029c75ad4a19a7d0404f80a73249f4fb56c9c021b86beab08?s=96&d=mm&r=g\",\"caption\":\"Alberto Peixoto\"},\"logo\":{\"@id\":\"https:\\\/\\\/secure.gravatar.com\\\/avatar\\\/56073ba688fdc11029c75ad4a19a7d0404f80a73249f4fb56c9c021b86beab08?s=96&d=mm&r=g\"},\"sameAs\":[\"https:\\\/\\\/www.albertopeixoto.com.br\\\/\",\"https:\\\/\\\/www.facebook.com\\\/antonioalberto.oliveirapeixoto\"],\"url\":\"https:\\\/\\\/www.albertopeixoto.com.br\\\/blog\\\/author\\\/apeixoto\\\/\"}]}<\/script>\n<!-- \/ Yoast SEO plugin. -->","yoast_head_json":{"title":"Troque um parlamentar por 344 professores - Alberto Peixoto","robots":{"index":"index","follow":"follow","max-snippet":"max-snippet:-1","max-image-preview":"max-image-preview:large","max-video-preview":"max-video-preview:-1"},"canonical":"https:\/\/www.albertopeixoto.com.br\/blog\/2015\/11\/21\/troque-um-parlamentar-por-344-professores\/","og_locale":"pt_BR","og_type":"article","og_title":"Troque um parlamentar por 344 professores - Alberto Peixoto","og_description":"Quem se importa com os professores? Quest\u00e3o que po\u00adderia deslizar, perigosamente, para esta outra: quem se im\u00adporta com o ensino? Recebi uma mensagem eletr\u00f4nica em que um professor de F\u00edsica, do ensino m\u00e9dio de uma escola p\u00fablica, dizia sentir-se humilhado &hellip; Continue reading &rarr;","og_url":"https:\/\/www.albertopeixoto.com.br\/blog\/2015\/11\/21\/troque-um-parlamentar-por-344-professores\/","og_site_name":"Alberto Peixoto","article_publisher":"https:\/\/www.facebook.com\/antonioalberto.oliveirapeixoto","article_author":"https:\/\/www.facebook.com\/antonioalberto.oliveirapeixoto","article_published_time":"2015-11-21T13:40:44+00:00","og_image":[{"width":230,"height":345,"url":"https:\/\/www.albertopeixoto.com.br\/blog\/wp-content\/uploads\/2015\/11\/apeixoto-230.jpg","type":"image\/jpeg"}],"author":"Alberto Peixoto","twitter_card":"summary_large_image","twitter_misc":{"Escrito por":"Alberto Peixoto","Est. tempo de leitura":"2 minutos"},"schema":{"@context":"https:\/\/schema.org","@graph":[{"@type":"Article","@id":"https:\/\/www.albertopeixoto.com.br\/blog\/2015\/11\/21\/troque-um-parlamentar-por-344-professores\/#article","isPartOf":{"@id":"https:\/\/www.albertopeixoto.com.br\/blog\/2015\/11\/21\/troque-um-parlamentar-por-344-professores\/"},"author":{"name":"Alberto Peixoto","@id":"https:\/\/www.albertopeixoto.com.br\/blog\/#\/schema\/person\/7c0ad65e044773b9ace71e4bed27392e"},"headline":"Troque um parlamentar por 344 professores","datePublished":"2015-11-21T13:40:44+00:00","mainEntityOfPage":{"@id":"https:\/\/www.albertopeixoto.com.br\/blog\/2015\/11\/21\/troque-um-parlamentar-por-344-professores\/"},"wordCount":344,"commentCount":0,"publisher":{"@id":"https:\/\/www.albertopeixoto.com.br\/blog\/#\/schema\/person\/7c0ad65e044773b9ace71e4bed27392e"},"articleSection":["Textos"],"inLanguage":"pt-BR","potentialAction":[{"@type":"CommentAction","name":"Comment","target":["https:\/\/www.albertopeixoto.com.br\/blog\/2015\/11\/21\/troque-um-parlamentar-por-344-professores\/#respond"]}]},{"@type":"WebPage","@id":"https:\/\/www.albertopeixoto.com.br\/blog\/2015\/11\/21\/troque-um-parlamentar-por-344-professores\/","url":"https:\/\/www.albertopeixoto.com.br\/blog\/2015\/11\/21\/troque-um-parlamentar-por-344-professores\/","name":"Troque um parlamentar por 344 professores - Alberto Peixoto","isPartOf":{"@id":"https:\/\/www.albertopeixoto.com.br\/blog\/#website"},"datePublished":"2015-11-21T13:40:44+00:00","breadcrumb":{"@id":"https:\/\/www.albertopeixoto.com.br\/blog\/2015\/11\/21\/troque-um-parlamentar-por-344-professores\/#breadcrumb"},"inLanguage":"pt-BR","potentialAction":[{"@type":"ReadAction","target":["https:\/\/www.albertopeixoto.com.br\/blog\/2015\/11\/21\/troque-um-parlamentar-por-344-professores\/"]}]},{"@type":"BreadcrumbList","@id":"https:\/\/www.albertopeixoto.com.br\/blog\/2015\/11\/21\/troque-um-parlamentar-por-344-professores\/#breadcrumb","itemListElement":[{"@type":"ListItem","position":1,"name":"In\u00edcio","item":"https:\/\/www.albertopeixoto.com.br\/blog\/"},{"@type":"ListItem","position":2,"name":"Troque um parlamentar por 344 professores"}]},{"@type":"WebSite","@id":"https:\/\/www.albertopeixoto.com.br\/blog\/#website","url":"https:\/\/www.albertopeixoto.com.br\/blog\/","name":"Alberto Peixoto","description":"Site do escritor feirense Alberto Peixoto","publisher":{"@id":"https:\/\/www.albertopeixoto.com.br\/blog\/#\/schema\/person\/7c0ad65e044773b9ace71e4bed27392e"},"potentialAction":[{"@type":"SearchAction","target":{"@type":"EntryPoint","urlTemplate":"https:\/\/www.albertopeixoto.com.br\/blog\/?s={search_term_string}"},"query-input":{"@type":"PropertyValueSpecification","valueRequired":true,"valueName":"search_term_string"}}],"inLanguage":"pt-BR"},{"@type":["Person","Organization"],"@id":"https:\/\/www.albertopeixoto.com.br\/blog\/#\/schema\/person\/7c0ad65e044773b9ace71e4bed27392e","name":"Alberto Peixoto","image":{"@type":"ImageObject","inLanguage":"pt-BR","@id":"https:\/\/secure.gravatar.com\/avatar\/56073ba688fdc11029c75ad4a19a7d0404f80a73249f4fb56c9c021b86beab08?s=96&d=mm&r=g","url":"https:\/\/secure.gravatar.com\/avatar\/56073ba688fdc11029c75ad4a19a7d0404f80a73249f4fb56c9c021b86beab08?s=96&d=mm&r=g","contentUrl":"https:\/\/secure.gravatar.com\/avatar\/56073ba688fdc11029c75ad4a19a7d0404f80a73249f4fb56c9c021b86beab08?s=96&d=mm&r=g","caption":"Alberto Peixoto"},"logo":{"@id":"https:\/\/secure.gravatar.com\/avatar\/56073ba688fdc11029c75ad4a19a7d0404f80a73249f4fb56c9c021b86beab08?s=96&d=mm&r=g"},"sameAs":["https:\/\/www.albertopeixoto.com.br\/","https:\/\/www.facebook.com\/antonioalberto.oliveirapeixoto"],"url":"https:\/\/www.albertopeixoto.com.br\/blog\/author\/apeixoto\/"}]}},"_links":{"self":[{"href":"https:\/\/www.albertopeixoto.com.br\/blog\/wp-json\/wp\/v2\/posts\/250","targetHints":{"allow":["GET"]}}],"collection":[{"href":"https:\/\/www.albertopeixoto.com.br\/blog\/wp-json\/wp\/v2\/posts"}],"about":[{"href":"https:\/\/www.albertopeixoto.com.br\/blog\/wp-json\/wp\/v2\/types\/post"}],"author":[{"embeddable":true,"href":"https:\/\/www.albertopeixoto.com.br\/blog\/wp-json\/wp\/v2\/users\/2"}],"replies":[{"embeddable":true,"href":"https:\/\/www.albertopeixoto.com.br\/blog\/wp-json\/wp\/v2\/comments?post=250"}],"version-history":[{"count":1,"href":"https:\/\/www.albertopeixoto.com.br\/blog\/wp-json\/wp\/v2\/posts\/250\/revisions"}],"predecessor-version":[{"id":251,"href":"https:\/\/www.albertopeixoto.com.br\/blog\/wp-json\/wp\/v2\/posts\/250\/revisions\/251"}],"wp:attachment":[{"href":"https:\/\/www.albertopeixoto.com.br\/blog\/wp-json\/wp\/v2\/media?parent=250"}],"wp:term":[{"taxonomy":"category","embeddable":true,"href":"https:\/\/www.albertopeixoto.com.br\/blog\/wp-json\/wp\/v2\/categories?post=250"},{"taxonomy":"post_tag","embeddable":true,"href":"https:\/\/www.albertopeixoto.com.br\/blog\/wp-json\/wp\/v2\/tags?post=250"}],"curies":[{"name":"wp","href":"https:\/\/api.w.org\/{rel}","templated":true}]}}