{"id":242,"date":"2015-11-21T10:37:04","date_gmt":"2015-11-21T13:37:04","guid":{"rendered":"https:\/\/www.albertopeixoto.com.br\/blog\/?p=242"},"modified":"2015-11-21T10:37:04","modified_gmt":"2015-11-21T13:37:04","slug":"seguranca-no-mercado-de-capitais","status":"publish","type":"post","link":"https:\/\/www.albertopeixoto.com.br\/blog\/2015\/11\/21\/seguranca-no-mercado-de-capitais\/","title":{"rendered":"Seguran\u00e7a no mercado de capitais"},"content":{"rendered":"<p>Quando se trata de seguran\u00e7a no mercado de capitais, podemos admitir que n\u00e3o se pode garanti-la, por\u00e9m, quando bem aperfei\u00e7oado e estruturado, este mercado possibilita a recambia\u00e7\u00e3o do capital para variados investimentos, permitindo a estabiliza\u00e7\u00e3o de uma parcela maior de projetos produtivos, fortalecendo o desenvolvimento da economia. Do que se pode entender, que a seguran\u00e7a vem atrav\u00e9s da agrega\u00e7\u00e3o de valor, ao produto, de forma a torn\u00e1-lo mais competitivo e globalizado, o que a torna arma indispens\u00e1vel para a sobrevivencia e prosperidade das empresas, assegurando-lhes espa\u00e7o para desenvolvimento e seguran\u00e7a no retorno do capital aplicado.<\/p>\n<p>Por\u00e9m, a globalizal\u00e7\u00e3o trouxe consigo tamb\u00e9m uma gama de problemas muito significativos sendo um deles, a satura\u00e7\u00e3o no mercado. A car\u00eancia de conhecimentos de t\u00e9cnicas na produ\u00e7\u00e3o de grupos comerciais, de capacidade de ajustar-se \u00e0 varia\u00e7\u00e3o de estilos de vida e a satura\u00e7\u00e3o do mercado, s\u00e3o alguns dos motivos citados pelos peritos para a \u201cmorte anunciada\u201d de v\u00e1rios eixos comerciais. Esta satura\u00e7\u00e3o, aliada a falta de adapta\u00e7\u00e3o e a capacidade de gerir os neg\u00f3cios, induz a insucessos. Outro ponto crucial \u00e9 o crescimento exacerbado dos centros comerciais.<\/p>\n<p>Enquanto a rentabilidade, destaca-se como uma maneira de exprimir a forma\u00e7\u00e3o de fundos proporcionados pela produ\u00e7\u00e3o, ap\u00f3s desconto do capital de produ\u00e7\u00e3o, grande parte das organiza\u00e7\u00f5es est\u00e1 interessada que, com um m\u00ednimo de ativos, seja produzido um maior resultado. \u00c9 o conhecido \u201cEarning Power\u201d, um indicador que tamb\u00e9m pode ser \u00fatil no c\u00e1lculo da rentabilidade, importante na determina\u00e7\u00e3o da estrutura de capitais ou do endividamento das organiza\u00e7\u00f5es, possibilitando avaliar se um aumento de endividamento \u00e9 potencial ou amortece a rentabilidade dos capitais pr\u00f3prios da organiza\u00e7\u00e3o.  Se o custo do capital de terceiros for inferior a esta rela\u00e7\u00e3o, um aumento da d\u00edvida torna a rentabilidade dos capitais pr\u00f3prios, melhor. Sendo superior, um aumento do crescimento do endividamento prejudicaria a rentabilidade dos capitais pr\u00f3prios, reduzindo a rentabilidade financeira.<\/p>\n","protected":false},"excerpt":{"rendered":"<p>Quando se trata de seguran\u00e7a no mercado de capitais, podemos admitir que n\u00e3o se pode garanti-la, por\u00e9m, quando bem aperfei\u00e7oado e estruturado, este mercado possibilita a recambia\u00e7\u00e3o do capital para variados investimentos, permitindo a estabiliza\u00e7\u00e3o de uma parcela maior de &hellip; <a href=\"https:\/\/www.albertopeixoto.com.br\/blog\/2015\/11\/21\/seguranca-no-mercado-de-capitais\/\">Continue reading <span class=\"meta-nav\">&rarr;<\/span><\/a><\/p>\n","protected":false},"author":2,"featured_media":0,"comment_status":"open","ping_status":"open","sticky":false,"template":"","format":"standard","meta":{"footnotes":""},"categories":[3],"tags":[],"class_list":["post-242","post","type-post","status-publish","format-standard","hentry","category-textos"],"yoast_head":"<!-- This site is optimized with the Yoast SEO plugin v28.3 - https:\/\/yoast.com\/product\/yoast-seo-wordpress\/ -->\n<title>Seguran\u00e7a no mercado de capitais - Alberto Peixoto<\/title>\n<meta name=\"robots\" content=\"index, follow, max-snippet:-1, max-image-preview:large, max-video-preview:-1\" \/>\n<link rel=\"canonical\" href=\"https:\/\/www.albertopeixoto.com.br\/blog\/2015\/11\/21\/seguranca-no-mercado-de-capitais\/\" \/>\n<meta property=\"og:locale\" content=\"pt_BR\" \/>\n<meta property=\"og:type\" content=\"article\" \/>\n<meta property=\"og:title\" content=\"Seguran\u00e7a no mercado de capitais - Alberto Peixoto\" \/>\n<meta property=\"og:description\" content=\"Quando se trata de seguran\u00e7a no mercado de capitais, podemos admitir que n\u00e3o se pode garanti-la, por\u00e9m, quando bem aperfei\u00e7oado e estruturado, este mercado possibilita a recambia\u00e7\u00e3o do capital para variados investimentos, permitindo a estabiliza\u00e7\u00e3o de uma parcela maior de &hellip; Continue reading &rarr;\" \/>\n<meta property=\"og:url\" content=\"https:\/\/www.albertopeixoto.com.br\/blog\/2015\/11\/21\/seguranca-no-mercado-de-capitais\/\" \/>\n<meta property=\"og:site_name\" content=\"Alberto Peixoto\" \/>\n<meta property=\"article:publisher\" content=\"https:\/\/www.facebook.com\/antonioalberto.oliveirapeixoto\" \/>\n<meta property=\"article:author\" content=\"https:\/\/www.facebook.com\/antonioalberto.oliveirapeixoto\" \/>\n<meta property=\"article:published_time\" content=\"2015-11-21T13:37:04+00:00\" \/>\n<meta property=\"og:image\" content=\"https:\/\/www.albertopeixoto.com.br\/blog\/wp-content\/uploads\/2015\/11\/apeixoto-230.jpg\" \/>\n\t<meta property=\"og:image:width\" content=\"230\" \/>\n\t<meta property=\"og:image:height\" content=\"345\" \/>\n\t<meta property=\"og:image:type\" content=\"image\/jpeg\" \/>\n<meta name=\"author\" content=\"Alberto Peixoto\" \/>\n<meta name=\"twitter:card\" content=\"summary_large_image\" \/>\n<meta name=\"twitter:label1\" content=\"Escrito por\" \/>\n\t<meta name=\"twitter:data1\" content=\"Alberto Peixoto\" \/>\n\t<meta name=\"twitter:label2\" content=\"Est. tempo de leitura\" \/>\n\t<meta name=\"twitter:data2\" content=\"2 minutos\" \/>\n<script type=\"application\/ld+json\" class=\"yoast-schema-graph\">{\"@context\":\"https:\\\/\\\/schema.org\",\"@graph\":[{\"@type\":\"Article\",\"@id\":\"https:\\\/\\\/www.albertopeixoto.com.br\\\/blog\\\/2015\\\/11\\\/21\\\/seguranca-no-mercado-de-capitais\\\/#article\",\"isPartOf\":{\"@id\":\"https:\\\/\\\/www.albertopeixoto.com.br\\\/blog\\\/2015\\\/11\\\/21\\\/seguranca-no-mercado-de-capitais\\\/\"},\"author\":{\"name\":\"Alberto Peixoto\",\"@id\":\"https:\\\/\\\/www.albertopeixoto.com.br\\\/blog\\\/#\\\/schema\\\/person\\\/7c0ad65e044773b9ace71e4bed27392e\"},\"headline\":\"Seguran\u00e7a no mercado de capitais\",\"datePublished\":\"2015-11-21T13:37:04+00:00\",\"mainEntityOfPage\":{\"@id\":\"https:\\\/\\\/www.albertopeixoto.com.br\\\/blog\\\/2015\\\/11\\\/21\\\/seguranca-no-mercado-de-capitais\\\/\"},\"wordCount\":353,\"commentCount\":0,\"publisher\":{\"@id\":\"https:\\\/\\\/www.albertopeixoto.com.br\\\/blog\\\/#\\\/schema\\\/person\\\/7c0ad65e044773b9ace71e4bed27392e\"},\"articleSection\":[\"Textos\"],\"inLanguage\":\"pt-BR\",\"potentialAction\":[{\"@type\":\"CommentAction\",\"name\":\"Comment\",\"target\":[\"https:\\\/\\\/www.albertopeixoto.com.br\\\/blog\\\/2015\\\/11\\\/21\\\/seguranca-no-mercado-de-capitais\\\/#respond\"]}]},{\"@type\":\"WebPage\",\"@id\":\"https:\\\/\\\/www.albertopeixoto.com.br\\\/blog\\\/2015\\\/11\\\/21\\\/seguranca-no-mercado-de-capitais\\\/\",\"url\":\"https:\\\/\\\/www.albertopeixoto.com.br\\\/blog\\\/2015\\\/11\\\/21\\\/seguranca-no-mercado-de-capitais\\\/\",\"name\":\"Seguran\u00e7a no mercado de capitais - Alberto Peixoto\",\"isPartOf\":{\"@id\":\"https:\\\/\\\/www.albertopeixoto.com.br\\\/blog\\\/#website\"},\"datePublished\":\"2015-11-21T13:37:04+00:00\",\"breadcrumb\":{\"@id\":\"https:\\\/\\\/www.albertopeixoto.com.br\\\/blog\\\/2015\\\/11\\\/21\\\/seguranca-no-mercado-de-capitais\\\/#breadcrumb\"},\"inLanguage\":\"pt-BR\",\"potentialAction\":[{\"@type\":\"ReadAction\",\"target\":[\"https:\\\/\\\/www.albertopeixoto.com.br\\\/blog\\\/2015\\\/11\\\/21\\\/seguranca-no-mercado-de-capitais\\\/\"]}]},{\"@type\":\"BreadcrumbList\",\"@id\":\"https:\\\/\\\/www.albertopeixoto.com.br\\\/blog\\\/2015\\\/11\\\/21\\\/seguranca-no-mercado-de-capitais\\\/#breadcrumb\",\"itemListElement\":[{\"@type\":\"ListItem\",\"position\":1,\"name\":\"In\u00edcio\",\"item\":\"https:\\\/\\\/www.albertopeixoto.com.br\\\/blog\\\/\"},{\"@type\":\"ListItem\",\"position\":2,\"name\":\"Seguran\u00e7a no mercado de capitais\"}]},{\"@type\":\"WebSite\",\"@id\":\"https:\\\/\\\/www.albertopeixoto.com.br\\\/blog\\\/#website\",\"url\":\"https:\\\/\\\/www.albertopeixoto.com.br\\\/blog\\\/\",\"name\":\"Alberto Peixoto\",\"description\":\"Site do escritor feirense Alberto Peixoto\",\"publisher\":{\"@id\":\"https:\\\/\\\/www.albertopeixoto.com.br\\\/blog\\\/#\\\/schema\\\/person\\\/7c0ad65e044773b9ace71e4bed27392e\"},\"potentialAction\":[{\"@type\":\"SearchAction\",\"target\":{\"@type\":\"EntryPoint\",\"urlTemplate\":\"https:\\\/\\\/www.albertopeixoto.com.br\\\/blog\\\/?s={search_term_string}\"},\"query-input\":{\"@type\":\"PropertyValueSpecification\",\"valueRequired\":true,\"valueName\":\"search_term_string\"}}],\"inLanguage\":\"pt-BR\"},{\"@type\":[\"Person\",\"Organization\"],\"@id\":\"https:\\\/\\\/www.albertopeixoto.com.br\\\/blog\\\/#\\\/schema\\\/person\\\/7c0ad65e044773b9ace71e4bed27392e\",\"name\":\"Alberto Peixoto\",\"image\":{\"@type\":\"ImageObject\",\"inLanguage\":\"pt-BR\",\"@id\":\"https:\\\/\\\/secure.gravatar.com\\\/avatar\\\/56073ba688fdc11029c75ad4a19a7d0404f80a73249f4fb56c9c021b86beab08?s=96&d=mm&r=g\",\"url\":\"https:\\\/\\\/secure.gravatar.com\\\/avatar\\\/56073ba688fdc11029c75ad4a19a7d0404f80a73249f4fb56c9c021b86beab08?s=96&d=mm&r=g\",\"contentUrl\":\"https:\\\/\\\/secure.gravatar.com\\\/avatar\\\/56073ba688fdc11029c75ad4a19a7d0404f80a73249f4fb56c9c021b86beab08?s=96&d=mm&r=g\",\"caption\":\"Alberto Peixoto\"},\"logo\":{\"@id\":\"https:\\\/\\\/secure.gravatar.com\\\/avatar\\\/56073ba688fdc11029c75ad4a19a7d0404f80a73249f4fb56c9c021b86beab08?s=96&d=mm&r=g\"},\"sameAs\":[\"https:\\\/\\\/www.albertopeixoto.com.br\\\/\",\"https:\\\/\\\/www.facebook.com\\\/antonioalberto.oliveirapeixoto\"],\"url\":\"https:\\\/\\\/www.albertopeixoto.com.br\\\/blog\\\/author\\\/apeixoto\\\/\"}]}<\/script>\n<!-- \/ Yoast SEO plugin. -->","yoast_head_json":{"title":"Seguran\u00e7a no mercado de capitais - Alberto Peixoto","robots":{"index":"index","follow":"follow","max-snippet":"max-snippet:-1","max-image-preview":"max-image-preview:large","max-video-preview":"max-video-preview:-1"},"canonical":"https:\/\/www.albertopeixoto.com.br\/blog\/2015\/11\/21\/seguranca-no-mercado-de-capitais\/","og_locale":"pt_BR","og_type":"article","og_title":"Seguran\u00e7a no mercado de capitais - Alberto Peixoto","og_description":"Quando se trata de seguran\u00e7a no mercado de capitais, podemos admitir que n\u00e3o se pode garanti-la, por\u00e9m, quando bem aperfei\u00e7oado e estruturado, este mercado possibilita a recambia\u00e7\u00e3o do capital para variados investimentos, permitindo a estabiliza\u00e7\u00e3o de uma parcela maior de &hellip; Continue reading &rarr;","og_url":"https:\/\/www.albertopeixoto.com.br\/blog\/2015\/11\/21\/seguranca-no-mercado-de-capitais\/","og_site_name":"Alberto Peixoto","article_publisher":"https:\/\/www.facebook.com\/antonioalberto.oliveirapeixoto","article_author":"https:\/\/www.facebook.com\/antonioalberto.oliveirapeixoto","article_published_time":"2015-11-21T13:37:04+00:00","og_image":[{"width":230,"height":345,"url":"https:\/\/www.albertopeixoto.com.br\/blog\/wp-content\/uploads\/2015\/11\/apeixoto-230.jpg","type":"image\/jpeg"}],"author":"Alberto Peixoto","twitter_card":"summary_large_image","twitter_misc":{"Escrito por":"Alberto Peixoto","Est. tempo de leitura":"2 minutos"},"schema":{"@context":"https:\/\/schema.org","@graph":[{"@type":"Article","@id":"https:\/\/www.albertopeixoto.com.br\/blog\/2015\/11\/21\/seguranca-no-mercado-de-capitais\/#article","isPartOf":{"@id":"https:\/\/www.albertopeixoto.com.br\/blog\/2015\/11\/21\/seguranca-no-mercado-de-capitais\/"},"author":{"name":"Alberto Peixoto","@id":"https:\/\/www.albertopeixoto.com.br\/blog\/#\/schema\/person\/7c0ad65e044773b9ace71e4bed27392e"},"headline":"Seguran\u00e7a no mercado de capitais","datePublished":"2015-11-21T13:37:04+00:00","mainEntityOfPage":{"@id":"https:\/\/www.albertopeixoto.com.br\/blog\/2015\/11\/21\/seguranca-no-mercado-de-capitais\/"},"wordCount":353,"commentCount":0,"publisher":{"@id":"https:\/\/www.albertopeixoto.com.br\/blog\/#\/schema\/person\/7c0ad65e044773b9ace71e4bed27392e"},"articleSection":["Textos"],"inLanguage":"pt-BR","potentialAction":[{"@type":"CommentAction","name":"Comment","target":["https:\/\/www.albertopeixoto.com.br\/blog\/2015\/11\/21\/seguranca-no-mercado-de-capitais\/#respond"]}]},{"@type":"WebPage","@id":"https:\/\/www.albertopeixoto.com.br\/blog\/2015\/11\/21\/seguranca-no-mercado-de-capitais\/","url":"https:\/\/www.albertopeixoto.com.br\/blog\/2015\/11\/21\/seguranca-no-mercado-de-capitais\/","name":"Seguran\u00e7a no mercado de capitais - Alberto Peixoto","isPartOf":{"@id":"https:\/\/www.albertopeixoto.com.br\/blog\/#website"},"datePublished":"2015-11-21T13:37:04+00:00","breadcrumb":{"@id":"https:\/\/www.albertopeixoto.com.br\/blog\/2015\/11\/21\/seguranca-no-mercado-de-capitais\/#breadcrumb"},"inLanguage":"pt-BR","potentialAction":[{"@type":"ReadAction","target":["https:\/\/www.albertopeixoto.com.br\/blog\/2015\/11\/21\/seguranca-no-mercado-de-capitais\/"]}]},{"@type":"BreadcrumbList","@id":"https:\/\/www.albertopeixoto.com.br\/blog\/2015\/11\/21\/seguranca-no-mercado-de-capitais\/#breadcrumb","itemListElement":[{"@type":"ListItem","position":1,"name":"In\u00edcio","item":"https:\/\/www.albertopeixoto.com.br\/blog\/"},{"@type":"ListItem","position":2,"name":"Seguran\u00e7a no mercado de capitais"}]},{"@type":"WebSite","@id":"https:\/\/www.albertopeixoto.com.br\/blog\/#website","url":"https:\/\/www.albertopeixoto.com.br\/blog\/","name":"Alberto Peixoto","description":"Site do escritor feirense Alberto Peixoto","publisher":{"@id":"https:\/\/www.albertopeixoto.com.br\/blog\/#\/schema\/person\/7c0ad65e044773b9ace71e4bed27392e"},"potentialAction":[{"@type":"SearchAction","target":{"@type":"EntryPoint","urlTemplate":"https:\/\/www.albertopeixoto.com.br\/blog\/?s={search_term_string}"},"query-input":{"@type":"PropertyValueSpecification","valueRequired":true,"valueName":"search_term_string"}}],"inLanguage":"pt-BR"},{"@type":["Person","Organization"],"@id":"https:\/\/www.albertopeixoto.com.br\/blog\/#\/schema\/person\/7c0ad65e044773b9ace71e4bed27392e","name":"Alberto Peixoto","image":{"@type":"ImageObject","inLanguage":"pt-BR","@id":"https:\/\/secure.gravatar.com\/avatar\/56073ba688fdc11029c75ad4a19a7d0404f80a73249f4fb56c9c021b86beab08?s=96&d=mm&r=g","url":"https:\/\/secure.gravatar.com\/avatar\/56073ba688fdc11029c75ad4a19a7d0404f80a73249f4fb56c9c021b86beab08?s=96&d=mm&r=g","contentUrl":"https:\/\/secure.gravatar.com\/avatar\/56073ba688fdc11029c75ad4a19a7d0404f80a73249f4fb56c9c021b86beab08?s=96&d=mm&r=g","caption":"Alberto Peixoto"},"logo":{"@id":"https:\/\/secure.gravatar.com\/avatar\/56073ba688fdc11029c75ad4a19a7d0404f80a73249f4fb56c9c021b86beab08?s=96&d=mm&r=g"},"sameAs":["https:\/\/www.albertopeixoto.com.br\/","https:\/\/www.facebook.com\/antonioalberto.oliveirapeixoto"],"url":"https:\/\/www.albertopeixoto.com.br\/blog\/author\/apeixoto\/"}]}},"_links":{"self":[{"href":"https:\/\/www.albertopeixoto.com.br\/blog\/wp-json\/wp\/v2\/posts\/242","targetHints":{"allow":["GET"]}}],"collection":[{"href":"https:\/\/www.albertopeixoto.com.br\/blog\/wp-json\/wp\/v2\/posts"}],"about":[{"href":"https:\/\/www.albertopeixoto.com.br\/blog\/wp-json\/wp\/v2\/types\/post"}],"author":[{"embeddable":true,"href":"https:\/\/www.albertopeixoto.com.br\/blog\/wp-json\/wp\/v2\/users\/2"}],"replies":[{"embeddable":true,"href":"https:\/\/www.albertopeixoto.com.br\/blog\/wp-json\/wp\/v2\/comments?post=242"}],"version-history":[{"count":1,"href":"https:\/\/www.albertopeixoto.com.br\/blog\/wp-json\/wp\/v2\/posts\/242\/revisions"}],"predecessor-version":[{"id":243,"href":"https:\/\/www.albertopeixoto.com.br\/blog\/wp-json\/wp\/v2\/posts\/242\/revisions\/243"}],"wp:attachment":[{"href":"https:\/\/www.albertopeixoto.com.br\/blog\/wp-json\/wp\/v2\/media?parent=242"}],"wp:term":[{"taxonomy":"category","embeddable":true,"href":"https:\/\/www.albertopeixoto.com.br\/blog\/wp-json\/wp\/v2\/categories?post=242"},{"taxonomy":"post_tag","embeddable":true,"href":"https:\/\/www.albertopeixoto.com.br\/blog\/wp-json\/wp\/v2\/tags?post=242"}],"curies":[{"name":"wp","href":"https:\/\/api.w.org\/{rel}","templated":true}]}}