{"id":2163,"date":"2020-06-23T13:47:48","date_gmt":"2020-06-23T16:47:48","guid":{"rendered":"https:\/\/www.albertopeixoto.com.br\/blog\/?p=2163"},"modified":"2020-06-23T13:47:52","modified_gmt":"2020-06-23T16:47:52","slug":"colbert-promete-alcar-voo-livre-enquanto-o-feirense-morre-em-terra-por-sergio-jones","status":"publish","type":"post","link":"https:\/\/www.albertopeixoto.com.br\/blog\/2020\/06\/23\/colbert-promete-alcar-voo-livre-enquanto-o-feirense-morre-em-terra-por-sergio-jones\/","title":{"rendered":"Colbert promete al\u00e7ar voo livre enquanto o feirense morre em terra: \/ Por S\u00e9rgio Jones*"},"content":{"rendered":"\n<figure class=\"wp-block-image size-large is-resized\"><img loading=\"lazy\" decoding=\"async\" src=\"https:\/\/www.albertopeixoto.com.br\/blog\/wp-content\/uploads\/2020\/06\/Jose-Ronaldo-e-Colbert-Martins_foto_valter_pontes_cooperphoto.jpg\" alt=\"\" class=\"wp-image-2164\" width=\"597\" height=\"418\" srcset=\"https:\/\/www.albertopeixoto.com.br\/blog\/wp-content\/uploads\/2020\/06\/Jose-Ronaldo-e-Colbert-Martins_foto_valter_pontes_cooperphoto.jpg 600w, https:\/\/www.albertopeixoto.com.br\/blog\/wp-content\/uploads\/2020\/06\/Jose-Ronaldo-e-Colbert-Martins_foto_valter_pontes_cooperphoto-300x210.jpg 300w\" sizes=\"auto, (max-width: 597px) 100vw, 597px\" \/><figcaption><strong>Colbert Martins disse que ganhar\u00e1 as elei\u00e7\u00f5es para prefeito de Feira de Santana<br>FOTO: <a href=\"https:\/\/bahia.ba\/municipios\/prefeito-colbert-martins-diz-que-ganhara-eleicao-junto-com-ze-ronaldo\/\">Bahia.Ba<\/a><\/strong><\/figcaption><\/figure>\n\n\n\n<p class=\"wp-block-paragraph\">Considerado um dos pontos ideais para o voo livre na Bahia, o Morro de S\u00e3o Jos\u00e9, localizado no distrito de Maria Quit\u00e9ria, volta ao cen\u00e1rio pol\u00edtico com a promessa de que vai ganhar o seu mirante e, assim, ser\u00e1 definitivamente inclu\u00eddo no roteiro dos admiradores desta pr\u00e1tica esportiva.<\/p>\n\n\n\n<p class=\"wp-block-paragraph\">\u00c9 o que anuncia o arauto das boas novas em plena pandemia, o prefeito de direito e n\u00e3o de fato, Colbert Martins. Ele adiantou para toda imprensa, de forma estapaf\u00fardia que a licita\u00e7\u00e3o, tipo menor pre\u00e7o, para a constru\u00e7\u00e3o do mirante est\u00e1 marcada para acontecer no dia 13 de julho, a partir das 8h30, no teatro Margarida Ribeiro, \u00e0 rua Jos\u00e9 Pereira Mascarenhas,409, Capuchinhos.<\/p>\n\n\n\n<p class=\"wp-block-paragraph\">A falta de imagina\u00e7\u00e3o e de projetos sociais do desgoverno do munic\u00edpio da terrinha de Lucas \u00e9 mais do que evidente, por parte de Colbert Martins, ao tentar perpetrar de forma p\u00edfia reinventar a roda.<\/p>\n\n\n\n<p class=\"wp-block-paragraph\">Digo isso pelo simples fato de que essa \u201cest\u00f3ria\u201d \u00e9 requentada por j\u00e1 ter sido ventilada durante a malfadada administra\u00e7\u00e3o do tamb\u00e9m manietado, prefeito Tarc\u00edzio Pimenta.<\/p>\n\n\n\n<p class=\"wp-block-paragraph\">O argumento utilizado pelo atual alcaide permanece o mesmo de antanho. N\u00e3o tiveram nem o cuidado ou preocupa\u00e7\u00e3o de mudar ou trabalhar o texto, repassado para a m\u00eddia local.<\/p>\n\n\n\n<p class=\"wp-block-paragraph\">Esperamos que dessa vez n\u00e3o aconte\u00e7a como no passado, em que a inten\u00e7\u00e3o n\u00e3o saiu do papel. Decorrido o ano eleitoral a promessa n\u00e3o conseguiu al\u00e7ar voo, e at\u00e9 o presente momento, a mesma, literalmente, continua em plena queda livre.<\/p>\n\n\n\n<p class=\"wp-block-paragraph\">O mimo direcionado aos desportistas e apreciadores dessa modalidade \u00e9 mais do que suspeito, principalmente pelo fato de acontecer em ano eleitoral e pand\u00eamico.<\/p>\n\n\n\n<p class=\"wp-block-paragraph\">Quando a nossa necessidade mais urgente \u00e9 voltar \u00e0s aten\u00e7\u00f5es para o combate ao Covid-19, respons\u00e1vel pela morte de dezenas de feirenses.<\/p>\n\n\n\n<p class=\"wp-block-paragraph\">N\u00e3o me parece ser essa a ora do governo tentar voo livre. Pois o povo continua morrendo de uma \u2019gripezinha\u2019 assim definida pelos terraplanistas, entre os quais o alcaide de plant\u00e3o demonstra ter uma forte identidade e simpatia pela causa.<\/p>\n\n\n\n<p class=\"wp-block-paragraph\"><strong>S\u00e9rgio Jones, jornalista (sergiojones@live.com)<\/strong><strong><\/strong><\/p>\n","protected":false},"excerpt":{"rendered":"<p>Considerado um dos pontos ideais para o voo livre na Bahia, o Morro de S\u00e3o Jos\u00e9, localizado no distrito de Maria Quit\u00e9ria, volta ao cen\u00e1rio pol\u00edtico com a promessa de que vai ganhar o seu mirante e, assim, ser\u00e1 definitivamente &hellip; <a href=\"https:\/\/www.albertopeixoto.com.br\/blog\/2020\/06\/23\/colbert-promete-alcar-voo-livre-enquanto-o-feirense-morre-em-terra-por-sergio-jones\/\">Continue reading <span class=\"meta-nav\">&rarr;<\/span><\/a><\/p>\n","protected":false},"author":2,"featured_media":0,"comment_status":"open","ping_status":"open","sticky":false,"template":"","format":"standard","meta":{"footnotes":""},"categories":[1],"tags":[],"class_list":["post-2163","post","type-post","status-publish","format-standard","hentry","category-sem-categoria"],"yoast_head":"<!-- This site is optimized with the Yoast SEO plugin v28.3 - https:\/\/yoast.com\/product\/yoast-seo-wordpress\/ -->\n<title>Colbert promete al\u00e7ar voo livre enquanto o feirense morre em terra: \/ Por S\u00e9rgio Jones* - Alberto Peixoto<\/title>\n<meta name=\"robots\" content=\"index, follow, max-snippet:-1, max-image-preview:large, max-video-preview:-1\" \/>\n<link rel=\"canonical\" href=\"https:\/\/www.albertopeixoto.com.br\/blog\/2020\/06\/23\/colbert-promete-alcar-voo-livre-enquanto-o-feirense-morre-em-terra-por-sergio-jones\/\" \/>\n<meta property=\"og:locale\" content=\"pt_BR\" \/>\n<meta property=\"og:type\" content=\"article\" \/>\n<meta property=\"og:title\" content=\"Colbert promete al\u00e7ar voo livre enquanto o feirense morre em terra: \/ Por S\u00e9rgio Jones* - Alberto Peixoto\" \/>\n<meta property=\"og:description\" content=\"Considerado um dos pontos ideais para o voo livre na Bahia, o Morro de S\u00e3o Jos\u00e9, localizado no distrito de Maria Quit\u00e9ria, volta ao cen\u00e1rio pol\u00edtico com a promessa de que vai ganhar o seu mirante e, assim, ser\u00e1 definitivamente &hellip; Continue reading &rarr;\" \/>\n<meta property=\"og:url\" content=\"https:\/\/www.albertopeixoto.com.br\/blog\/2020\/06\/23\/colbert-promete-alcar-voo-livre-enquanto-o-feirense-morre-em-terra-por-sergio-jones\/\" \/>\n<meta property=\"og:site_name\" content=\"Alberto Peixoto\" \/>\n<meta property=\"article:publisher\" content=\"https:\/\/www.facebook.com\/antonioalberto.oliveirapeixoto\" \/>\n<meta property=\"article:author\" content=\"https:\/\/www.facebook.com\/antonioalberto.oliveirapeixoto\" \/>\n<meta property=\"article:published_time\" content=\"2020-06-23T16:47:48+00:00\" \/>\n<meta property=\"article:modified_time\" content=\"2020-06-23T16:47:52+00:00\" \/>\n<meta property=\"og:image\" content=\"https:\/\/www.albertopeixoto.com.br\/blog\/wp-content\/uploads\/2020\/06\/Jose-Ronaldo-e-Colbert-Martins_foto_valter_pontes_cooperphoto.jpg\" \/>\n<meta name=\"author\" content=\"Alberto Peixoto\" \/>\n<meta name=\"twitter:card\" content=\"summary_large_image\" \/>\n<meta name=\"twitter:label1\" content=\"Escrito por\" \/>\n\t<meta name=\"twitter:data1\" content=\"Alberto Peixoto\" \/>\n\t<meta name=\"twitter:label2\" content=\"Est. tempo de leitura\" \/>\n\t<meta name=\"twitter:data2\" content=\"2 minutos\" \/>\n<script type=\"application\/ld+json\" class=\"yoast-schema-graph\">{\"@context\":\"https:\\\/\\\/schema.org\",\"@graph\":[{\"@type\":\"Article\",\"@id\":\"https:\\\/\\\/www.albertopeixoto.com.br\\\/blog\\\/2020\\\/06\\\/23\\\/colbert-promete-alcar-voo-livre-enquanto-o-feirense-morre-em-terra-por-sergio-jones\\\/#article\",\"isPartOf\":{\"@id\":\"https:\\\/\\\/www.albertopeixoto.com.br\\\/blog\\\/2020\\\/06\\\/23\\\/colbert-promete-alcar-voo-livre-enquanto-o-feirense-morre-em-terra-por-sergio-jones\\\/\"},\"author\":{\"name\":\"Alberto Peixoto\",\"@id\":\"https:\\\/\\\/www.albertopeixoto.com.br\\\/blog\\\/#\\\/schema\\\/person\\\/7c0ad65e044773b9ace71e4bed27392e\"},\"headline\":\"Colbert promete al\u00e7ar voo livre enquanto o feirense morre em terra: \\\/ Por S\u00e9rgio Jones*\",\"datePublished\":\"2020-06-23T16:47:48+00:00\",\"dateModified\":\"2020-06-23T16:47:52+00:00\",\"mainEntityOfPage\":{\"@id\":\"https:\\\/\\\/www.albertopeixoto.com.br\\\/blog\\\/2020\\\/06\\\/23\\\/colbert-promete-alcar-voo-livre-enquanto-o-feirense-morre-em-terra-por-sergio-jones\\\/\"},\"wordCount\":392,\"commentCount\":0,\"publisher\":{\"@id\":\"https:\\\/\\\/www.albertopeixoto.com.br\\\/blog\\\/#\\\/schema\\\/person\\\/7c0ad65e044773b9ace71e4bed27392e\"},\"image\":{\"@id\":\"https:\\\/\\\/www.albertopeixoto.com.br\\\/blog\\\/2020\\\/06\\\/23\\\/colbert-promete-alcar-voo-livre-enquanto-o-feirense-morre-em-terra-por-sergio-jones\\\/#primaryimage\"},\"thumbnailUrl\":\"https:\\\/\\\/www.albertopeixoto.com.br\\\/blog\\\/wp-content\\\/uploads\\\/2020\\\/06\\\/Jose-Ronaldo-e-Colbert-Martins_foto_valter_pontes_cooperphoto.jpg\",\"inLanguage\":\"pt-BR\",\"potentialAction\":[{\"@type\":\"CommentAction\",\"name\":\"Comment\",\"target\":[\"https:\\\/\\\/www.albertopeixoto.com.br\\\/blog\\\/2020\\\/06\\\/23\\\/colbert-promete-alcar-voo-livre-enquanto-o-feirense-morre-em-terra-por-sergio-jones\\\/#respond\"]}]},{\"@type\":\"WebPage\",\"@id\":\"https:\\\/\\\/www.albertopeixoto.com.br\\\/blog\\\/2020\\\/06\\\/23\\\/colbert-promete-alcar-voo-livre-enquanto-o-feirense-morre-em-terra-por-sergio-jones\\\/\",\"url\":\"https:\\\/\\\/www.albertopeixoto.com.br\\\/blog\\\/2020\\\/06\\\/23\\\/colbert-promete-alcar-voo-livre-enquanto-o-feirense-morre-em-terra-por-sergio-jones\\\/\",\"name\":\"Colbert promete al\u00e7ar voo livre enquanto o feirense morre em terra: \\\/ Por S\u00e9rgio Jones* - Alberto Peixoto\",\"isPartOf\":{\"@id\":\"https:\\\/\\\/www.albertopeixoto.com.br\\\/blog\\\/#website\"},\"primaryImageOfPage\":{\"@id\":\"https:\\\/\\\/www.albertopeixoto.com.br\\\/blog\\\/2020\\\/06\\\/23\\\/colbert-promete-alcar-voo-livre-enquanto-o-feirense-morre-em-terra-por-sergio-jones\\\/#primaryimage\"},\"image\":{\"@id\":\"https:\\\/\\\/www.albertopeixoto.com.br\\\/blog\\\/2020\\\/06\\\/23\\\/colbert-promete-alcar-voo-livre-enquanto-o-feirense-morre-em-terra-por-sergio-jones\\\/#primaryimage\"},\"thumbnailUrl\":\"https:\\\/\\\/www.albertopeixoto.com.br\\\/blog\\\/wp-content\\\/uploads\\\/2020\\\/06\\\/Jose-Ronaldo-e-Colbert-Martins_foto_valter_pontes_cooperphoto.jpg\",\"datePublished\":\"2020-06-23T16:47:48+00:00\",\"dateModified\":\"2020-06-23T16:47:52+00:00\",\"breadcrumb\":{\"@id\":\"https:\\\/\\\/www.albertopeixoto.com.br\\\/blog\\\/2020\\\/06\\\/23\\\/colbert-promete-alcar-voo-livre-enquanto-o-feirense-morre-em-terra-por-sergio-jones\\\/#breadcrumb\"},\"inLanguage\":\"pt-BR\",\"potentialAction\":[{\"@type\":\"ReadAction\",\"target\":[\"https:\\\/\\\/www.albertopeixoto.com.br\\\/blog\\\/2020\\\/06\\\/23\\\/colbert-promete-alcar-voo-livre-enquanto-o-feirense-morre-em-terra-por-sergio-jones\\\/\"]}]},{\"@type\":\"ImageObject\",\"inLanguage\":\"pt-BR\",\"@id\":\"https:\\\/\\\/www.albertopeixoto.com.br\\\/blog\\\/2020\\\/06\\\/23\\\/colbert-promete-alcar-voo-livre-enquanto-o-feirense-morre-em-terra-por-sergio-jones\\\/#primaryimage\",\"url\":\"https:\\\/\\\/www.albertopeixoto.com.br\\\/blog\\\/wp-content\\\/uploads\\\/2020\\\/06\\\/Jose-Ronaldo-e-Colbert-Martins_foto_valter_pontes_cooperphoto.jpg\",\"contentUrl\":\"https:\\\/\\\/www.albertopeixoto.com.br\\\/blog\\\/wp-content\\\/uploads\\\/2020\\\/06\\\/Jose-Ronaldo-e-Colbert-Martins_foto_valter_pontes_cooperphoto.jpg\",\"width\":600,\"height\":420,\"caption\":\"????????????????????????????????????\"},{\"@type\":\"BreadcrumbList\",\"@id\":\"https:\\\/\\\/www.albertopeixoto.com.br\\\/blog\\\/2020\\\/06\\\/23\\\/colbert-promete-alcar-voo-livre-enquanto-o-feirense-morre-em-terra-por-sergio-jones\\\/#breadcrumb\",\"itemListElement\":[{\"@type\":\"ListItem\",\"position\":1,\"name\":\"In\u00edcio\",\"item\":\"https:\\\/\\\/www.albertopeixoto.com.br\\\/blog\\\/\"},{\"@type\":\"ListItem\",\"position\":2,\"name\":\"Colbert promete al\u00e7ar voo livre enquanto o feirense morre em terra: \\\/ Por S\u00e9rgio Jones*\"}]},{\"@type\":\"WebSite\",\"@id\":\"https:\\\/\\\/www.albertopeixoto.com.br\\\/blog\\\/#website\",\"url\":\"https:\\\/\\\/www.albertopeixoto.com.br\\\/blog\\\/\",\"name\":\"Alberto Peixoto\",\"description\":\"Site do escritor feirense Alberto Peixoto\",\"publisher\":{\"@id\":\"https:\\\/\\\/www.albertopeixoto.com.br\\\/blog\\\/#\\\/schema\\\/person\\\/7c0ad65e044773b9ace71e4bed27392e\"},\"potentialAction\":[{\"@type\":\"SearchAction\",\"target\":{\"@type\":\"EntryPoint\",\"urlTemplate\":\"https:\\\/\\\/www.albertopeixoto.com.br\\\/blog\\\/?s={search_term_string}\"},\"query-input\":{\"@type\":\"PropertyValueSpecification\",\"valueRequired\":true,\"valueName\":\"search_term_string\"}}],\"inLanguage\":\"pt-BR\"},{\"@type\":[\"Person\",\"Organization\"],\"@id\":\"https:\\\/\\\/www.albertopeixoto.com.br\\\/blog\\\/#\\\/schema\\\/person\\\/7c0ad65e044773b9ace71e4bed27392e\",\"name\":\"Alberto Peixoto\",\"image\":{\"@type\":\"ImageObject\",\"inLanguage\":\"pt-BR\",\"@id\":\"https:\\\/\\\/secure.gravatar.com\\\/avatar\\\/56073ba688fdc11029c75ad4a19a7d0404f80a73249f4fb56c9c021b86beab08?s=96&d=mm&r=g\",\"url\":\"https:\\\/\\\/secure.gravatar.com\\\/avatar\\\/56073ba688fdc11029c75ad4a19a7d0404f80a73249f4fb56c9c021b86beab08?s=96&d=mm&r=g\",\"contentUrl\":\"https:\\\/\\\/secure.gravatar.com\\\/avatar\\\/56073ba688fdc11029c75ad4a19a7d0404f80a73249f4fb56c9c021b86beab08?s=96&d=mm&r=g\",\"caption\":\"Alberto Peixoto\"},\"logo\":{\"@id\":\"https:\\\/\\\/secure.gravatar.com\\\/avatar\\\/56073ba688fdc11029c75ad4a19a7d0404f80a73249f4fb56c9c021b86beab08?s=96&d=mm&r=g\"},\"sameAs\":[\"https:\\\/\\\/www.albertopeixoto.com.br\\\/\",\"https:\\\/\\\/www.facebook.com\\\/antonioalberto.oliveirapeixoto\"],\"url\":\"https:\\\/\\\/www.albertopeixoto.com.br\\\/blog\\\/author\\\/apeixoto\\\/\"}]}<\/script>\n<!-- \/ Yoast SEO plugin. -->","yoast_head_json":{"title":"Colbert promete al\u00e7ar voo livre enquanto o feirense morre em terra: \/ Por S\u00e9rgio Jones* - Alberto Peixoto","robots":{"index":"index","follow":"follow","max-snippet":"max-snippet:-1","max-image-preview":"max-image-preview:large","max-video-preview":"max-video-preview:-1"},"canonical":"https:\/\/www.albertopeixoto.com.br\/blog\/2020\/06\/23\/colbert-promete-alcar-voo-livre-enquanto-o-feirense-morre-em-terra-por-sergio-jones\/","og_locale":"pt_BR","og_type":"article","og_title":"Colbert promete al\u00e7ar voo livre enquanto o feirense morre em terra: \/ Por S\u00e9rgio Jones* - Alberto Peixoto","og_description":"Considerado um dos pontos ideais para o voo livre na Bahia, o Morro de S\u00e3o Jos\u00e9, localizado no distrito de Maria Quit\u00e9ria, volta ao cen\u00e1rio pol\u00edtico com a promessa de que vai ganhar o seu mirante e, assim, ser\u00e1 definitivamente &hellip; Continue reading &rarr;","og_url":"https:\/\/www.albertopeixoto.com.br\/blog\/2020\/06\/23\/colbert-promete-alcar-voo-livre-enquanto-o-feirense-morre-em-terra-por-sergio-jones\/","og_site_name":"Alberto Peixoto","article_publisher":"https:\/\/www.facebook.com\/antonioalberto.oliveirapeixoto","article_author":"https:\/\/www.facebook.com\/antonioalberto.oliveirapeixoto","article_published_time":"2020-06-23T16:47:48+00:00","article_modified_time":"2020-06-23T16:47:52+00:00","og_image":[{"url":"https:\/\/www.albertopeixoto.com.br\/blog\/wp-content\/uploads\/2020\/06\/Jose-Ronaldo-e-Colbert-Martins_foto_valter_pontes_cooperphoto.jpg","type":"","width":"","height":""}],"author":"Alberto Peixoto","twitter_card":"summary_large_image","twitter_misc":{"Escrito por":"Alberto Peixoto","Est. tempo de leitura":"2 minutos"},"schema":{"@context":"https:\/\/schema.org","@graph":[{"@type":"Article","@id":"https:\/\/www.albertopeixoto.com.br\/blog\/2020\/06\/23\/colbert-promete-alcar-voo-livre-enquanto-o-feirense-morre-em-terra-por-sergio-jones\/#article","isPartOf":{"@id":"https:\/\/www.albertopeixoto.com.br\/blog\/2020\/06\/23\/colbert-promete-alcar-voo-livre-enquanto-o-feirense-morre-em-terra-por-sergio-jones\/"},"author":{"name":"Alberto Peixoto","@id":"https:\/\/www.albertopeixoto.com.br\/blog\/#\/schema\/person\/7c0ad65e044773b9ace71e4bed27392e"},"headline":"Colbert promete al\u00e7ar voo livre enquanto o feirense morre em terra: \/ Por S\u00e9rgio Jones*","datePublished":"2020-06-23T16:47:48+00:00","dateModified":"2020-06-23T16:47:52+00:00","mainEntityOfPage":{"@id":"https:\/\/www.albertopeixoto.com.br\/blog\/2020\/06\/23\/colbert-promete-alcar-voo-livre-enquanto-o-feirense-morre-em-terra-por-sergio-jones\/"},"wordCount":392,"commentCount":0,"publisher":{"@id":"https:\/\/www.albertopeixoto.com.br\/blog\/#\/schema\/person\/7c0ad65e044773b9ace71e4bed27392e"},"image":{"@id":"https:\/\/www.albertopeixoto.com.br\/blog\/2020\/06\/23\/colbert-promete-alcar-voo-livre-enquanto-o-feirense-morre-em-terra-por-sergio-jones\/#primaryimage"},"thumbnailUrl":"https:\/\/www.albertopeixoto.com.br\/blog\/wp-content\/uploads\/2020\/06\/Jose-Ronaldo-e-Colbert-Martins_foto_valter_pontes_cooperphoto.jpg","inLanguage":"pt-BR","potentialAction":[{"@type":"CommentAction","name":"Comment","target":["https:\/\/www.albertopeixoto.com.br\/blog\/2020\/06\/23\/colbert-promete-alcar-voo-livre-enquanto-o-feirense-morre-em-terra-por-sergio-jones\/#respond"]}]},{"@type":"WebPage","@id":"https:\/\/www.albertopeixoto.com.br\/blog\/2020\/06\/23\/colbert-promete-alcar-voo-livre-enquanto-o-feirense-morre-em-terra-por-sergio-jones\/","url":"https:\/\/www.albertopeixoto.com.br\/blog\/2020\/06\/23\/colbert-promete-alcar-voo-livre-enquanto-o-feirense-morre-em-terra-por-sergio-jones\/","name":"Colbert promete al\u00e7ar voo livre enquanto o feirense morre em terra: \/ Por S\u00e9rgio Jones* - Alberto Peixoto","isPartOf":{"@id":"https:\/\/www.albertopeixoto.com.br\/blog\/#website"},"primaryImageOfPage":{"@id":"https:\/\/www.albertopeixoto.com.br\/blog\/2020\/06\/23\/colbert-promete-alcar-voo-livre-enquanto-o-feirense-morre-em-terra-por-sergio-jones\/#primaryimage"},"image":{"@id":"https:\/\/www.albertopeixoto.com.br\/blog\/2020\/06\/23\/colbert-promete-alcar-voo-livre-enquanto-o-feirense-morre-em-terra-por-sergio-jones\/#primaryimage"},"thumbnailUrl":"https:\/\/www.albertopeixoto.com.br\/blog\/wp-content\/uploads\/2020\/06\/Jose-Ronaldo-e-Colbert-Martins_foto_valter_pontes_cooperphoto.jpg","datePublished":"2020-06-23T16:47:48+00:00","dateModified":"2020-06-23T16:47:52+00:00","breadcrumb":{"@id":"https:\/\/www.albertopeixoto.com.br\/blog\/2020\/06\/23\/colbert-promete-alcar-voo-livre-enquanto-o-feirense-morre-em-terra-por-sergio-jones\/#breadcrumb"},"inLanguage":"pt-BR","potentialAction":[{"@type":"ReadAction","target":["https:\/\/www.albertopeixoto.com.br\/blog\/2020\/06\/23\/colbert-promete-alcar-voo-livre-enquanto-o-feirense-morre-em-terra-por-sergio-jones\/"]}]},{"@type":"ImageObject","inLanguage":"pt-BR","@id":"https:\/\/www.albertopeixoto.com.br\/blog\/2020\/06\/23\/colbert-promete-alcar-voo-livre-enquanto-o-feirense-morre-em-terra-por-sergio-jones\/#primaryimage","url":"https:\/\/www.albertopeixoto.com.br\/blog\/wp-content\/uploads\/2020\/06\/Jose-Ronaldo-e-Colbert-Martins_foto_valter_pontes_cooperphoto.jpg","contentUrl":"https:\/\/www.albertopeixoto.com.br\/blog\/wp-content\/uploads\/2020\/06\/Jose-Ronaldo-e-Colbert-Martins_foto_valter_pontes_cooperphoto.jpg","width":600,"height":420,"caption":"????????????????????????????????????"},{"@type":"BreadcrumbList","@id":"https:\/\/www.albertopeixoto.com.br\/blog\/2020\/06\/23\/colbert-promete-alcar-voo-livre-enquanto-o-feirense-morre-em-terra-por-sergio-jones\/#breadcrumb","itemListElement":[{"@type":"ListItem","position":1,"name":"In\u00edcio","item":"https:\/\/www.albertopeixoto.com.br\/blog\/"},{"@type":"ListItem","position":2,"name":"Colbert promete al\u00e7ar voo livre enquanto o feirense morre em terra: \/ Por S\u00e9rgio Jones*"}]},{"@type":"WebSite","@id":"https:\/\/www.albertopeixoto.com.br\/blog\/#website","url":"https:\/\/www.albertopeixoto.com.br\/blog\/","name":"Alberto Peixoto","description":"Site do escritor feirense Alberto Peixoto","publisher":{"@id":"https:\/\/www.albertopeixoto.com.br\/blog\/#\/schema\/person\/7c0ad65e044773b9ace71e4bed27392e"},"potentialAction":[{"@type":"SearchAction","target":{"@type":"EntryPoint","urlTemplate":"https:\/\/www.albertopeixoto.com.br\/blog\/?s={search_term_string}"},"query-input":{"@type":"PropertyValueSpecification","valueRequired":true,"valueName":"search_term_string"}}],"inLanguage":"pt-BR"},{"@type":["Person","Organization"],"@id":"https:\/\/www.albertopeixoto.com.br\/blog\/#\/schema\/person\/7c0ad65e044773b9ace71e4bed27392e","name":"Alberto Peixoto","image":{"@type":"ImageObject","inLanguage":"pt-BR","@id":"https:\/\/secure.gravatar.com\/avatar\/56073ba688fdc11029c75ad4a19a7d0404f80a73249f4fb56c9c021b86beab08?s=96&d=mm&r=g","url":"https:\/\/secure.gravatar.com\/avatar\/56073ba688fdc11029c75ad4a19a7d0404f80a73249f4fb56c9c021b86beab08?s=96&d=mm&r=g","contentUrl":"https:\/\/secure.gravatar.com\/avatar\/56073ba688fdc11029c75ad4a19a7d0404f80a73249f4fb56c9c021b86beab08?s=96&d=mm&r=g","caption":"Alberto Peixoto"},"logo":{"@id":"https:\/\/secure.gravatar.com\/avatar\/56073ba688fdc11029c75ad4a19a7d0404f80a73249f4fb56c9c021b86beab08?s=96&d=mm&r=g"},"sameAs":["https:\/\/www.albertopeixoto.com.br\/","https:\/\/www.facebook.com\/antonioalberto.oliveirapeixoto"],"url":"https:\/\/www.albertopeixoto.com.br\/blog\/author\/apeixoto\/"}]}},"_links":{"self":[{"href":"https:\/\/www.albertopeixoto.com.br\/blog\/wp-json\/wp\/v2\/posts\/2163","targetHints":{"allow":["GET"]}}],"collection":[{"href":"https:\/\/www.albertopeixoto.com.br\/blog\/wp-json\/wp\/v2\/posts"}],"about":[{"href":"https:\/\/www.albertopeixoto.com.br\/blog\/wp-json\/wp\/v2\/types\/post"}],"author":[{"embeddable":true,"href":"https:\/\/www.albertopeixoto.com.br\/blog\/wp-json\/wp\/v2\/users\/2"}],"replies":[{"embeddable":true,"href":"https:\/\/www.albertopeixoto.com.br\/blog\/wp-json\/wp\/v2\/comments?post=2163"}],"version-history":[{"count":1,"href":"https:\/\/www.albertopeixoto.com.br\/blog\/wp-json\/wp\/v2\/posts\/2163\/revisions"}],"predecessor-version":[{"id":2165,"href":"https:\/\/www.albertopeixoto.com.br\/blog\/wp-json\/wp\/v2\/posts\/2163\/revisions\/2165"}],"wp:attachment":[{"href":"https:\/\/www.albertopeixoto.com.br\/blog\/wp-json\/wp\/v2\/media?parent=2163"}],"wp:term":[{"taxonomy":"category","embeddable":true,"href":"https:\/\/www.albertopeixoto.com.br\/blog\/wp-json\/wp\/v2\/categories?post=2163"},{"taxonomy":"post_tag","embeddable":true,"href":"https:\/\/www.albertopeixoto.com.br\/blog\/wp-json\/wp\/v2\/tags?post=2163"}],"curies":[{"name":"wp","href":"https:\/\/api.w.org\/{rel}","templated":true}]}}