{"id":2159,"date":"2020-06-22T10:58:01","date_gmt":"2020-06-22T13:58:01","guid":{"rendered":"https:\/\/www.albertopeixoto.com.br\/blog\/?p=2159"},"modified":"2020-06-22T10:58:04","modified_gmt":"2020-06-22T13:58:04","slug":"bolsonaro-triunfo-do-mal-por-sergio-jones","status":"publish","type":"post","link":"https:\/\/www.albertopeixoto.com.br\/blog\/2020\/06\/22\/bolsonaro-triunfo-do-mal-por-sergio-jones\/","title":{"rendered":"Bolsonaro: triunfo do mal\/Por S\u00e9rgio Jones*"},"content":{"rendered":"\n<figure class=\"wp-block-image size-large is-resized\"><img loading=\"lazy\" decoding=\"async\" src=\"https:\/\/www.albertopeixoto.com.br\/blog\/wp-content\/uploads\/2020\/06\/Extremista-de-direita-Jair-Bolsonaro-presidente-da-Rep\u00fablica-20200622269-1536x1024-1-1024x683.jpg\" alt=\"\" class=\"wp-image-2160\" width=\"595\" height=\"396\" srcset=\"https:\/\/www.albertopeixoto.com.br\/blog\/wp-content\/uploads\/2020\/06\/Extremista-de-direita-Jair-Bolsonaro-presidente-da-Rep\u00fablica-20200622269-1536x1024-1-1024x683.jpg 1024w, https:\/\/www.albertopeixoto.com.br\/blog\/wp-content\/uploads\/2020\/06\/Extremista-de-direita-Jair-Bolsonaro-presidente-da-Rep\u00fablica-20200622269-1536x1024-1-300x200.jpg 300w, https:\/\/www.albertopeixoto.com.br\/blog\/wp-content\/uploads\/2020\/06\/Extremista-de-direita-Jair-Bolsonaro-presidente-da-Rep\u00fablica-20200622269-1536x1024-1-768x512.jpg 768w, https:\/\/www.albertopeixoto.com.br\/blog\/wp-content\/uploads\/2020\/06\/Extremista-de-direita-Jair-Bolsonaro-presidente-da-Rep\u00fablica-20200622269-1536x1024-1.jpg 1536w\" sizes=\"auto, (max-width: 595px) 100vw, 595px\" \/><figcaption><strong>Bolsoaro e seus seguidores, disseminam o \u00f3dio <br>FOTO:<a href=\"https:\/\/www.jornalgrandebahia.com.br\/2020\/06\/bolsonaro-triunfo-do-mal-por-sergio-jones\/\"> jornalgrandebahia<\/a><\/strong><\/figcaption><\/figure>\n\n\n\n<p class=\"wp-block-paragraph\">O que faz com que o assombrado Jair Bolsonaro ainda permane\u00e7a no poder tem suas origens em aspectos variados, sendo um dos mais consistentes o anti-petismo que conforme avaliam alguns especialistas da \u00e1rea pol\u00edtica, pode e deve continuar rendendo.<\/p>\n\n\n\n<p class=\"wp-block-paragraph\">Os ataques perpetrados pelo capit\u00e3o do mato \u00e0 democracia t\u00eam por objetivo \u00fanico promover e acelerar a desconstru\u00e7\u00e3o da sociedade brasileira, como um todo. Um trabalho que vem sendo feito com certa profundidade e muito didatismo.<\/p>\n\n\n\n<p class=\"wp-block-paragraph\">Mas acreditamos que existe uma luz no fim do t\u00fanel, podendo citar como uma vis\u00e3o animadora a tomada de posi\u00e7\u00e3o adotada pelo presidente da OAB que deu uma firme resposta \u00e0 amea\u00e7a feita pela decadente figura do general da reserva, Augusto Heleno.<\/p>\n\n\n\n<p class=\"wp-block-paragraph\">Destaque tamb\u00e9m para a posi\u00e7\u00e3o adotada pelo ministro Celso Mello, do STF, que at\u00e9 o presente momento, n\u00e3o se deixou intimidar pelo rosnar e latidos de Bolsonaro e a esc\u00f3ria que o segue.<\/p>\n\n\n\n<p class=\"wp-block-paragraph\">\u00c9 mais do que \u00f3bvio que nestes rompimentos existam vest\u00edgios de fortes interesses de grupo, afinal s\u00e3o justamente a exist\u00eancia de tais interesses que fazem com que o mundo continue girando. O que fica evidenciado em todo esse circo de horrores \u00e9 que o cerco se fecha em torno do governo miliciano, que quanto mais se agita mais se afunda em sua pr\u00f3pria lama, da qual surgiu e nela permanece.<\/p>\n\n\n\n<p class=\"wp-block-paragraph\">Enquanto o mal triunfar o povo vai permanecer sem dignidade e alienado da realidade que o cerca, e tantos preju\u00edzos lhes acarretam. O pa\u00eds mergulha cada vez mais na pandemia que tem resultado no mortic\u00ednio em massa do povo brasileiro, sendo os mais afetados a grande maioria de despossu\u00eddos, que povoa este pa\u00eds t\u00e3o desigual.<\/p>\n\n\n\n<p class=\"wp-block-paragraph\">S\u00f3 nos resta, como outra op\u00e7\u00e3o, \u00e9 tentar construir alternativas pol\u00edticas s\u00f3lidas para que possamos combater as amea\u00e7as fascistas que culminar\u00e3o com a derrota de Bolsonaro, e sua enferma base de apoio.<\/p>\n\n\n\n<p class=\"wp-block-paragraph\">N\u00e3o podemos esquecer que as lides pol\u00edticas s\u00e3o um vasto e amplo territ\u00f3rio de mobiliza\u00e7\u00e3o, criatividade e de inova\u00e7\u00e3o que nos conduzir\u00e1 a todos, a plena supera\u00e7\u00e3o do mal. Algu\u00e9m j\u00e1 profetizou&#8230; \u201cEnquanto o bem existir o mal tem cura\u201d.<\/p>\n\n\n\n<p class=\"wp-block-paragraph\"><strong>S\u00e9rgio Jones, jornalista (sergiojones@live.com)<\/strong><\/p>\n","protected":false},"excerpt":{"rendered":"<p>O que faz com que o assombrado Jair Bolsonaro ainda permane\u00e7a no poder tem suas origens em aspectos variados, sendo um dos mais consistentes o anti-petismo que conforme avaliam alguns especialistas da \u00e1rea pol\u00edtica, pode e deve continuar rendendo. Os &hellip; <a href=\"https:\/\/www.albertopeixoto.com.br\/blog\/2020\/06\/22\/bolsonaro-triunfo-do-mal-por-sergio-jones\/\">Continue reading <span class=\"meta-nav\">&rarr;<\/span><\/a><\/p>\n","protected":false},"author":2,"featured_media":0,"comment_status":"open","ping_status":"open","sticky":false,"template":"","format":"standard","meta":{"footnotes":""},"categories":[1],"tags":[],"class_list":["post-2159","post","type-post","status-publish","format-standard","hentry","category-sem-categoria"],"yoast_head":"<!-- This site is optimized with the Yoast SEO plugin v28.3 - https:\/\/yoast.com\/product\/yoast-seo-wordpress\/ -->\n<title>Bolsonaro: triunfo do mal\/Por S\u00e9rgio Jones* - Alberto Peixoto<\/title>\n<meta name=\"robots\" content=\"index, follow, max-snippet:-1, max-image-preview:large, max-video-preview:-1\" \/>\n<link rel=\"canonical\" href=\"https:\/\/www.albertopeixoto.com.br\/blog\/2020\/06\/22\/bolsonaro-triunfo-do-mal-por-sergio-jones\/\" \/>\n<meta property=\"og:locale\" content=\"pt_BR\" \/>\n<meta property=\"og:type\" content=\"article\" \/>\n<meta property=\"og:title\" content=\"Bolsonaro: triunfo do mal\/Por S\u00e9rgio Jones* - Alberto Peixoto\" \/>\n<meta property=\"og:description\" content=\"O que faz com que o assombrado Jair Bolsonaro ainda permane\u00e7a no poder tem suas origens em aspectos variados, sendo um dos mais consistentes o anti-petismo que conforme avaliam alguns especialistas da \u00e1rea pol\u00edtica, pode e deve continuar rendendo. Os &hellip; Continue reading &rarr;\" \/>\n<meta property=\"og:url\" content=\"https:\/\/www.albertopeixoto.com.br\/blog\/2020\/06\/22\/bolsonaro-triunfo-do-mal-por-sergio-jones\/\" \/>\n<meta property=\"og:site_name\" content=\"Alberto Peixoto\" \/>\n<meta property=\"article:publisher\" content=\"https:\/\/www.facebook.com\/antonioalberto.oliveirapeixoto\" \/>\n<meta property=\"article:author\" content=\"https:\/\/www.facebook.com\/antonioalberto.oliveirapeixoto\" \/>\n<meta property=\"article:published_time\" content=\"2020-06-22T13:58:01+00:00\" \/>\n<meta property=\"article:modified_time\" content=\"2020-06-22T13:58:04+00:00\" \/>\n<meta property=\"og:image\" content=\"https:\/\/www.albertopeixoto.com.br\/blog\/wp-content\/uploads\/2020\/06\/Extremista-de-direita-Jair-Bolsonaro-presidente-da-Rep\u00fablica-20200622269-1536x1024-1-1024x683.jpg\" \/>\n<meta name=\"author\" content=\"Alberto Peixoto\" \/>\n<meta name=\"twitter:card\" content=\"summary_large_image\" \/>\n<meta name=\"twitter:label1\" content=\"Escrito por\" \/>\n\t<meta name=\"twitter:data1\" content=\"Alberto Peixoto\" \/>\n\t<meta name=\"twitter:label2\" content=\"Est. tempo de leitura\" \/>\n\t<meta name=\"twitter:data2\" content=\"2 minutos\" \/>\n<script type=\"application\/ld+json\" class=\"yoast-schema-graph\">{\"@context\":\"https:\\\/\\\/schema.org\",\"@graph\":[{\"@type\":\"Article\",\"@id\":\"https:\\\/\\\/www.albertopeixoto.com.br\\\/blog\\\/2020\\\/06\\\/22\\\/bolsonaro-triunfo-do-mal-por-sergio-jones\\\/#article\",\"isPartOf\":{\"@id\":\"https:\\\/\\\/www.albertopeixoto.com.br\\\/blog\\\/2020\\\/06\\\/22\\\/bolsonaro-triunfo-do-mal-por-sergio-jones\\\/\"},\"author\":{\"name\":\"Alberto Peixoto\",\"@id\":\"https:\\\/\\\/www.albertopeixoto.com.br\\\/blog\\\/#\\\/schema\\\/person\\\/7c0ad65e044773b9ace71e4bed27392e\"},\"headline\":\"Bolsonaro: triunfo do mal\\\/Por S\u00e9rgio Jones*\",\"datePublished\":\"2020-06-22T13:58:01+00:00\",\"dateModified\":\"2020-06-22T13:58:04+00:00\",\"mainEntityOfPage\":{\"@id\":\"https:\\\/\\\/www.albertopeixoto.com.br\\\/blog\\\/2020\\\/06\\\/22\\\/bolsonaro-triunfo-do-mal-por-sergio-jones\\\/\"},\"wordCount\":402,\"commentCount\":0,\"publisher\":{\"@id\":\"https:\\\/\\\/www.albertopeixoto.com.br\\\/blog\\\/#\\\/schema\\\/person\\\/7c0ad65e044773b9ace71e4bed27392e\"},\"inLanguage\":\"pt-BR\",\"potentialAction\":[{\"@type\":\"CommentAction\",\"name\":\"Comment\",\"target\":[\"https:\\\/\\\/www.albertopeixoto.com.br\\\/blog\\\/2020\\\/06\\\/22\\\/bolsonaro-triunfo-do-mal-por-sergio-jones\\\/#respond\"]}]},{\"@type\":\"WebPage\",\"@id\":\"https:\\\/\\\/www.albertopeixoto.com.br\\\/blog\\\/2020\\\/06\\\/22\\\/bolsonaro-triunfo-do-mal-por-sergio-jones\\\/\",\"url\":\"https:\\\/\\\/www.albertopeixoto.com.br\\\/blog\\\/2020\\\/06\\\/22\\\/bolsonaro-triunfo-do-mal-por-sergio-jones\\\/\",\"name\":\"Bolsonaro: triunfo do mal\\\/Por S\u00e9rgio Jones* - Alberto Peixoto\",\"isPartOf\":{\"@id\":\"https:\\\/\\\/www.albertopeixoto.com.br\\\/blog\\\/#website\"},\"datePublished\":\"2020-06-22T13:58:01+00:00\",\"dateModified\":\"2020-06-22T13:58:04+00:00\",\"breadcrumb\":{\"@id\":\"https:\\\/\\\/www.albertopeixoto.com.br\\\/blog\\\/2020\\\/06\\\/22\\\/bolsonaro-triunfo-do-mal-por-sergio-jones\\\/#breadcrumb\"},\"inLanguage\":\"pt-BR\",\"potentialAction\":[{\"@type\":\"ReadAction\",\"target\":[\"https:\\\/\\\/www.albertopeixoto.com.br\\\/blog\\\/2020\\\/06\\\/22\\\/bolsonaro-triunfo-do-mal-por-sergio-jones\\\/\"]}]},{\"@type\":\"BreadcrumbList\",\"@id\":\"https:\\\/\\\/www.albertopeixoto.com.br\\\/blog\\\/2020\\\/06\\\/22\\\/bolsonaro-triunfo-do-mal-por-sergio-jones\\\/#breadcrumb\",\"itemListElement\":[{\"@type\":\"ListItem\",\"position\":1,\"name\":\"In\u00edcio\",\"item\":\"https:\\\/\\\/www.albertopeixoto.com.br\\\/blog\\\/\"},{\"@type\":\"ListItem\",\"position\":2,\"name\":\"Bolsonaro: triunfo do mal\\\/Por S\u00e9rgio Jones*\"}]},{\"@type\":\"WebSite\",\"@id\":\"https:\\\/\\\/www.albertopeixoto.com.br\\\/blog\\\/#website\",\"url\":\"https:\\\/\\\/www.albertopeixoto.com.br\\\/blog\\\/\",\"name\":\"Alberto Peixoto\",\"description\":\"Site do escritor feirense Alberto Peixoto\",\"publisher\":{\"@id\":\"https:\\\/\\\/www.albertopeixoto.com.br\\\/blog\\\/#\\\/schema\\\/person\\\/7c0ad65e044773b9ace71e4bed27392e\"},\"potentialAction\":[{\"@type\":\"SearchAction\",\"target\":{\"@type\":\"EntryPoint\",\"urlTemplate\":\"https:\\\/\\\/www.albertopeixoto.com.br\\\/blog\\\/?s={search_term_string}\"},\"query-input\":{\"@type\":\"PropertyValueSpecification\",\"valueRequired\":true,\"valueName\":\"search_term_string\"}}],\"inLanguage\":\"pt-BR\"},{\"@type\":[\"Person\",\"Organization\"],\"@id\":\"https:\\\/\\\/www.albertopeixoto.com.br\\\/blog\\\/#\\\/schema\\\/person\\\/7c0ad65e044773b9ace71e4bed27392e\",\"name\":\"Alberto Peixoto\",\"image\":{\"@type\":\"ImageObject\",\"inLanguage\":\"pt-BR\",\"@id\":\"https:\\\/\\\/secure.gravatar.com\\\/avatar\\\/56073ba688fdc11029c75ad4a19a7d0404f80a73249f4fb56c9c021b86beab08?s=96&d=mm&r=g\",\"url\":\"https:\\\/\\\/secure.gravatar.com\\\/avatar\\\/56073ba688fdc11029c75ad4a19a7d0404f80a73249f4fb56c9c021b86beab08?s=96&d=mm&r=g\",\"contentUrl\":\"https:\\\/\\\/secure.gravatar.com\\\/avatar\\\/56073ba688fdc11029c75ad4a19a7d0404f80a73249f4fb56c9c021b86beab08?s=96&d=mm&r=g\",\"caption\":\"Alberto Peixoto\"},\"logo\":{\"@id\":\"https:\\\/\\\/secure.gravatar.com\\\/avatar\\\/56073ba688fdc11029c75ad4a19a7d0404f80a73249f4fb56c9c021b86beab08?s=96&d=mm&r=g\"},\"sameAs\":[\"https:\\\/\\\/www.albertopeixoto.com.br\\\/\",\"https:\\\/\\\/www.facebook.com\\\/antonioalberto.oliveirapeixoto\"],\"url\":\"https:\\\/\\\/www.albertopeixoto.com.br\\\/blog\\\/author\\\/apeixoto\\\/\"}]}<\/script>\n<!-- \/ Yoast SEO plugin. -->","yoast_head_json":{"title":"Bolsonaro: triunfo do mal\/Por S\u00e9rgio Jones* - Alberto Peixoto","robots":{"index":"index","follow":"follow","max-snippet":"max-snippet:-1","max-image-preview":"max-image-preview:large","max-video-preview":"max-video-preview:-1"},"canonical":"https:\/\/www.albertopeixoto.com.br\/blog\/2020\/06\/22\/bolsonaro-triunfo-do-mal-por-sergio-jones\/","og_locale":"pt_BR","og_type":"article","og_title":"Bolsonaro: triunfo do mal\/Por S\u00e9rgio Jones* - Alberto Peixoto","og_description":"O que faz com que o assombrado Jair Bolsonaro ainda permane\u00e7a no poder tem suas origens em aspectos variados, sendo um dos mais consistentes o anti-petismo que conforme avaliam alguns especialistas da \u00e1rea pol\u00edtica, pode e deve continuar rendendo. Os &hellip; Continue reading &rarr;","og_url":"https:\/\/www.albertopeixoto.com.br\/blog\/2020\/06\/22\/bolsonaro-triunfo-do-mal-por-sergio-jones\/","og_site_name":"Alberto Peixoto","article_publisher":"https:\/\/www.facebook.com\/antonioalberto.oliveirapeixoto","article_author":"https:\/\/www.facebook.com\/antonioalberto.oliveirapeixoto","article_published_time":"2020-06-22T13:58:01+00:00","article_modified_time":"2020-06-22T13:58:04+00:00","og_image":[{"url":"https:\/\/www.albertopeixoto.com.br\/blog\/wp-content\/uploads\/2020\/06\/Extremista-de-direita-Jair-Bolsonaro-presidente-da-Rep\u00fablica-20200622269-1536x1024-1-1024x683.jpg","type":"","width":"","height":""}],"author":"Alberto Peixoto","twitter_card":"summary_large_image","twitter_misc":{"Escrito por":"Alberto Peixoto","Est. tempo de leitura":"2 minutos"},"schema":{"@context":"https:\/\/schema.org","@graph":[{"@type":"Article","@id":"https:\/\/www.albertopeixoto.com.br\/blog\/2020\/06\/22\/bolsonaro-triunfo-do-mal-por-sergio-jones\/#article","isPartOf":{"@id":"https:\/\/www.albertopeixoto.com.br\/blog\/2020\/06\/22\/bolsonaro-triunfo-do-mal-por-sergio-jones\/"},"author":{"name":"Alberto Peixoto","@id":"https:\/\/www.albertopeixoto.com.br\/blog\/#\/schema\/person\/7c0ad65e044773b9ace71e4bed27392e"},"headline":"Bolsonaro: triunfo do mal\/Por S\u00e9rgio Jones*","datePublished":"2020-06-22T13:58:01+00:00","dateModified":"2020-06-22T13:58:04+00:00","mainEntityOfPage":{"@id":"https:\/\/www.albertopeixoto.com.br\/blog\/2020\/06\/22\/bolsonaro-triunfo-do-mal-por-sergio-jones\/"},"wordCount":402,"commentCount":0,"publisher":{"@id":"https:\/\/www.albertopeixoto.com.br\/blog\/#\/schema\/person\/7c0ad65e044773b9ace71e4bed27392e"},"inLanguage":"pt-BR","potentialAction":[{"@type":"CommentAction","name":"Comment","target":["https:\/\/www.albertopeixoto.com.br\/blog\/2020\/06\/22\/bolsonaro-triunfo-do-mal-por-sergio-jones\/#respond"]}]},{"@type":"WebPage","@id":"https:\/\/www.albertopeixoto.com.br\/blog\/2020\/06\/22\/bolsonaro-triunfo-do-mal-por-sergio-jones\/","url":"https:\/\/www.albertopeixoto.com.br\/blog\/2020\/06\/22\/bolsonaro-triunfo-do-mal-por-sergio-jones\/","name":"Bolsonaro: triunfo do mal\/Por S\u00e9rgio Jones* - Alberto Peixoto","isPartOf":{"@id":"https:\/\/www.albertopeixoto.com.br\/blog\/#website"},"datePublished":"2020-06-22T13:58:01+00:00","dateModified":"2020-06-22T13:58:04+00:00","breadcrumb":{"@id":"https:\/\/www.albertopeixoto.com.br\/blog\/2020\/06\/22\/bolsonaro-triunfo-do-mal-por-sergio-jones\/#breadcrumb"},"inLanguage":"pt-BR","potentialAction":[{"@type":"ReadAction","target":["https:\/\/www.albertopeixoto.com.br\/blog\/2020\/06\/22\/bolsonaro-triunfo-do-mal-por-sergio-jones\/"]}]},{"@type":"BreadcrumbList","@id":"https:\/\/www.albertopeixoto.com.br\/blog\/2020\/06\/22\/bolsonaro-triunfo-do-mal-por-sergio-jones\/#breadcrumb","itemListElement":[{"@type":"ListItem","position":1,"name":"In\u00edcio","item":"https:\/\/www.albertopeixoto.com.br\/blog\/"},{"@type":"ListItem","position":2,"name":"Bolsonaro: triunfo do mal\/Por S\u00e9rgio Jones*"}]},{"@type":"WebSite","@id":"https:\/\/www.albertopeixoto.com.br\/blog\/#website","url":"https:\/\/www.albertopeixoto.com.br\/blog\/","name":"Alberto Peixoto","description":"Site do escritor feirense Alberto Peixoto","publisher":{"@id":"https:\/\/www.albertopeixoto.com.br\/blog\/#\/schema\/person\/7c0ad65e044773b9ace71e4bed27392e"},"potentialAction":[{"@type":"SearchAction","target":{"@type":"EntryPoint","urlTemplate":"https:\/\/www.albertopeixoto.com.br\/blog\/?s={search_term_string}"},"query-input":{"@type":"PropertyValueSpecification","valueRequired":true,"valueName":"search_term_string"}}],"inLanguage":"pt-BR"},{"@type":["Person","Organization"],"@id":"https:\/\/www.albertopeixoto.com.br\/blog\/#\/schema\/person\/7c0ad65e044773b9ace71e4bed27392e","name":"Alberto Peixoto","image":{"@type":"ImageObject","inLanguage":"pt-BR","@id":"https:\/\/secure.gravatar.com\/avatar\/56073ba688fdc11029c75ad4a19a7d0404f80a73249f4fb56c9c021b86beab08?s=96&d=mm&r=g","url":"https:\/\/secure.gravatar.com\/avatar\/56073ba688fdc11029c75ad4a19a7d0404f80a73249f4fb56c9c021b86beab08?s=96&d=mm&r=g","contentUrl":"https:\/\/secure.gravatar.com\/avatar\/56073ba688fdc11029c75ad4a19a7d0404f80a73249f4fb56c9c021b86beab08?s=96&d=mm&r=g","caption":"Alberto Peixoto"},"logo":{"@id":"https:\/\/secure.gravatar.com\/avatar\/56073ba688fdc11029c75ad4a19a7d0404f80a73249f4fb56c9c021b86beab08?s=96&d=mm&r=g"},"sameAs":["https:\/\/www.albertopeixoto.com.br\/","https:\/\/www.facebook.com\/antonioalberto.oliveirapeixoto"],"url":"https:\/\/www.albertopeixoto.com.br\/blog\/author\/apeixoto\/"}]}},"_links":{"self":[{"href":"https:\/\/www.albertopeixoto.com.br\/blog\/wp-json\/wp\/v2\/posts\/2159","targetHints":{"allow":["GET"]}}],"collection":[{"href":"https:\/\/www.albertopeixoto.com.br\/blog\/wp-json\/wp\/v2\/posts"}],"about":[{"href":"https:\/\/www.albertopeixoto.com.br\/blog\/wp-json\/wp\/v2\/types\/post"}],"author":[{"embeddable":true,"href":"https:\/\/www.albertopeixoto.com.br\/blog\/wp-json\/wp\/v2\/users\/2"}],"replies":[{"embeddable":true,"href":"https:\/\/www.albertopeixoto.com.br\/blog\/wp-json\/wp\/v2\/comments?post=2159"}],"version-history":[{"count":2,"href":"https:\/\/www.albertopeixoto.com.br\/blog\/wp-json\/wp\/v2\/posts\/2159\/revisions"}],"predecessor-version":[{"id":2162,"href":"https:\/\/www.albertopeixoto.com.br\/blog\/wp-json\/wp\/v2\/posts\/2159\/revisions\/2162"}],"wp:attachment":[{"href":"https:\/\/www.albertopeixoto.com.br\/blog\/wp-json\/wp\/v2\/media?parent=2159"}],"wp:term":[{"taxonomy":"category","embeddable":true,"href":"https:\/\/www.albertopeixoto.com.br\/blog\/wp-json\/wp\/v2\/categories?post=2159"},{"taxonomy":"post_tag","embeddable":true,"href":"https:\/\/www.albertopeixoto.com.br\/blog\/wp-json\/wp\/v2\/tags?post=2159"}],"curies":[{"name":"wp","href":"https:\/\/api.w.org\/{rel}","templated":true}]}}