{"id":2155,"date":"2020-06-20T11:12:07","date_gmt":"2020-06-20T14:12:07","guid":{"rendered":"https:\/\/www.albertopeixoto.com.br\/blog\/?p=2155"},"modified":"2020-06-20T11:31:00","modified_gmt":"2020-06-20T14:31:00","slug":"feira-carneiro-admite-relacoes-sexuais-nas-dependencias-dos-predios-publicos-desde-que-seja-consensual-por-sergio-jones","status":"publish","type":"post","link":"https:\/\/www.albertopeixoto.com.br\/blog\/2020\/06\/20\/feira-carneiro-admite-relacoes-sexuais-nas-dependencias-dos-predios-publicos-desde-que-seja-consensual-por-sergio-jones\/","title":{"rendered":"Feira: Carneiro admite rela\u00e7\u00f5es sexuais nas depend\u00eancias dos pr\u00e9dios p\u00fablicos, desde que seja consensual \/ Por S\u00e9rgio Jones*"},"content":{"rendered":"\n<figure class=\"wp-block-image size-large is-resized\"><img loading=\"lazy\" decoding=\"async\" src=\"https:\/\/www.albertopeixoto.com.br\/blog\/wp-content\/uploads\/2020\/06\/sexo.jpg\" alt=\"\" class=\"wp-image-2156\" width=\"593\" height=\"401\" srcset=\"https:\/\/www.albertopeixoto.com.br\/blog\/wp-content\/uploads\/2020\/06\/sexo.jpg 800w, https:\/\/www.albertopeixoto.com.br\/blog\/wp-content\/uploads\/2020\/06\/sexo-300x203.jpg 300w, https:\/\/www.albertopeixoto.com.br\/blog\/wp-content\/uploads\/2020\/06\/sexo-768x520.jpg 768w\" sizes=\"auto, (max-width: 593px) 100vw, 593px\" \/><figcaption><strong>Rela\u00e7\u00f5es sexuais nas depend\u00eancias dos pr\u00e9dios p\u00fablicos<br><\/strong><\/figcaption><\/figure>\n\n\n\n<p class=\"wp-block-paragraph\">Durante entrevista concedida \u00e0 imprensa local pelo presidente do legislativo feirense, Jos\u00e9 Carneiro (DEM), sobre o esc\u00e2ndalo de ass\u00e9dio sexual que envolve a figura do Procurador do Munic\u00edpio e advogado \u00cdcaro Ivvin, com uma servidora, nas depend\u00eancias f\u00edsicas da Secretaria de Desenvolvimento Social (Sedeso). O incompetente e eterno equivocado presidente do legislativo feirense mais uma vez dar com os burros n\u2019\u00e1gua ao fazer a seguinte afirma\u00e7\u00e3o sobre o caso em quest\u00e3o: \u201c se foi consensual, n\u00e3o \u00e9 motivo para demitir\u201d.<\/p>\n\n\n\n<p class=\"wp-block-paragraph\">Vejam os senhores o n\u00edvel moral e at\u00e9 mesmo da falta de conhecimento demonstrada por parte dos denominados representantes do povo. Um problema desse porte tem muitas implica\u00e7\u00f5es, que deveriam ser do conhecimento desses pol\u00edticos amorais. A come\u00e7ar que o problema envolve quest\u00f5es como quebra de decoro, desvio de finalidade, entre outras quest\u00f5es concernentes.<\/p>\n\n\n\n<p class=\"wp-block-paragraph\">Ser\u00e1 que o presidente Jos\u00e9 Carneiro considera correto um servidor p\u00fablico utilizar o seu local de trabalho como motel?<\/p>\n\n\n\n<p class=\"wp-block-paragraph\">Outra coisa que n\u00e3o se entende \u00e9 o sil\u00eancio criminoso que vem sendo mantido pelo Minist\u00e9rio P\u00fablico, que at\u00e9 o presente momento n\u00e3o se manifestou sobre o caso em que o pr\u00f3prio fauno, em depoimento, admite ter mantido rela\u00e7\u00f5es sexuais com a servidora, nas depend\u00eancias da Secretaria.<\/p>\n\n\n\n<p class=\"wp-block-paragraph\">Como sempre, o \u201cZ\u00e9 \u201c perdeu, a grande oportunidade de se manter mudo, at\u00e9 mesmo calado est\u00e1 errado. O eleitor feirense deve ficar atento quando se dirigir \u00e0s urnas, neste final de ano, para n\u00e3o persistir no erro e continuar mantendo antas como essas, no poder. Renovar \u00e9 preciso, agora mais do que nunca.<\/p>\n\n\n\n<p class=\"wp-block-paragraph\"><strong>S\u00e9rgio Jones, jornalista (sergiojones@live.com)<\/strong><strong><\/strong><\/p>\n","protected":false},"excerpt":{"rendered":"<p>Durante entrevista concedida \u00e0 imprensa local pelo presidente do legislativo feirense, Jos\u00e9 Carneiro (DEM), sobre o esc\u00e2ndalo de ass\u00e9dio sexual que envolve a figura do Procurador do Munic\u00edpio e advogado \u00cdcaro Ivvin, com uma servidora, nas depend\u00eancias f\u00edsicas da Secretaria &hellip; <a href=\"https:\/\/www.albertopeixoto.com.br\/blog\/2020\/06\/20\/feira-carneiro-admite-relacoes-sexuais-nas-dependencias-dos-predios-publicos-desde-que-seja-consensual-por-sergio-jones\/\">Continue reading <span class=\"meta-nav\">&rarr;<\/span><\/a><\/p>\n","protected":false},"author":2,"featured_media":0,"comment_status":"open","ping_status":"open","sticky":false,"template":"","format":"standard","meta":{"footnotes":""},"categories":[1],"tags":[],"class_list":["post-2155","post","type-post","status-publish","format-standard","hentry","category-sem-categoria"],"yoast_head":"<!-- This site is optimized with the Yoast SEO plugin v28.3 - https:\/\/yoast.com\/product\/yoast-seo-wordpress\/ -->\n<title>Feira: Carneiro admite rela\u00e7\u00f5es sexuais nas depend\u00eancias dos pr\u00e9dios p\u00fablicos, desde que seja consensual \/ Por S\u00e9rgio Jones* - Alberto Peixoto<\/title>\n<meta name=\"robots\" content=\"index, follow, max-snippet:-1, max-image-preview:large, max-video-preview:-1\" \/>\n<link rel=\"canonical\" href=\"https:\/\/www.albertopeixoto.com.br\/blog\/2020\/06\/20\/feira-carneiro-admite-relacoes-sexuais-nas-dependencias-dos-predios-publicos-desde-que-seja-consensual-por-sergio-jones\/\" \/>\n<meta property=\"og:locale\" content=\"pt_BR\" \/>\n<meta property=\"og:type\" content=\"article\" \/>\n<meta property=\"og:title\" content=\"Feira: Carneiro admite rela\u00e7\u00f5es sexuais nas depend\u00eancias dos pr\u00e9dios p\u00fablicos, desde que seja consensual \/ Por S\u00e9rgio Jones* - Alberto Peixoto\" \/>\n<meta property=\"og:description\" content=\"Durante entrevista concedida \u00e0 imprensa local pelo presidente do legislativo feirense, Jos\u00e9 Carneiro (DEM), sobre o esc\u00e2ndalo de ass\u00e9dio sexual que envolve a figura do Procurador do Munic\u00edpio e advogado \u00cdcaro Ivvin, com uma servidora, nas depend\u00eancias f\u00edsicas da Secretaria &hellip; Continue reading &rarr;\" \/>\n<meta property=\"og:url\" content=\"https:\/\/www.albertopeixoto.com.br\/blog\/2020\/06\/20\/feira-carneiro-admite-relacoes-sexuais-nas-dependencias-dos-predios-publicos-desde-que-seja-consensual-por-sergio-jones\/\" \/>\n<meta property=\"og:site_name\" content=\"Alberto Peixoto\" \/>\n<meta property=\"article:publisher\" content=\"https:\/\/www.facebook.com\/antonioalberto.oliveirapeixoto\" \/>\n<meta property=\"article:author\" content=\"https:\/\/www.facebook.com\/antonioalberto.oliveirapeixoto\" \/>\n<meta property=\"article:published_time\" content=\"2020-06-20T14:12:07+00:00\" \/>\n<meta property=\"article:modified_time\" content=\"2020-06-20T14:31:00+00:00\" \/>\n<meta property=\"og:image\" content=\"https:\/\/www.albertopeixoto.com.br\/blog\/wp-content\/uploads\/2020\/06\/sexo.jpg\" \/>\n<meta name=\"author\" content=\"Alberto Peixoto\" \/>\n<meta name=\"twitter:card\" content=\"summary_large_image\" \/>\n<meta name=\"twitter:label1\" content=\"Escrito por\" \/>\n\t<meta name=\"twitter:data1\" content=\"Alberto Peixoto\" \/>\n\t<meta name=\"twitter:label2\" content=\"Est. tempo de leitura\" \/>\n\t<meta name=\"twitter:data2\" content=\"1 minuto\" \/>\n<script type=\"application\/ld+json\" class=\"yoast-schema-graph\">{\"@context\":\"https:\\\/\\\/schema.org\",\"@graph\":[{\"@type\":\"Article\",\"@id\":\"https:\\\/\\\/www.albertopeixoto.com.br\\\/blog\\\/2020\\\/06\\\/20\\\/feira-carneiro-admite-relacoes-sexuais-nas-dependencias-dos-predios-publicos-desde-que-seja-consensual-por-sergio-jones\\\/#article\",\"isPartOf\":{\"@id\":\"https:\\\/\\\/www.albertopeixoto.com.br\\\/blog\\\/2020\\\/06\\\/20\\\/feira-carneiro-admite-relacoes-sexuais-nas-dependencias-dos-predios-publicos-desde-que-seja-consensual-por-sergio-jones\\\/\"},\"author\":{\"name\":\"Alberto Peixoto\",\"@id\":\"https:\\\/\\\/www.albertopeixoto.com.br\\\/blog\\\/#\\\/schema\\\/person\\\/7c0ad65e044773b9ace71e4bed27392e\"},\"headline\":\"Feira: Carneiro admite rela\u00e7\u00f5es sexuais nas depend\u00eancias dos pr\u00e9dios p\u00fablicos, desde que seja consensual \\\/ Por S\u00e9rgio Jones*\",\"datePublished\":\"2020-06-20T14:12:07+00:00\",\"dateModified\":\"2020-06-20T14:31:00+00:00\",\"mainEntityOfPage\":{\"@id\":\"https:\\\/\\\/www.albertopeixoto.com.br\\\/blog\\\/2020\\\/06\\\/20\\\/feira-carneiro-admite-relacoes-sexuais-nas-dependencias-dos-predios-publicos-desde-que-seja-consensual-por-sergio-jones\\\/\"},\"wordCount\":313,\"commentCount\":0,\"publisher\":{\"@id\":\"https:\\\/\\\/www.albertopeixoto.com.br\\\/blog\\\/#\\\/schema\\\/person\\\/7c0ad65e044773b9ace71e4bed27392e\"},\"image\":{\"@id\":\"https:\\\/\\\/www.albertopeixoto.com.br\\\/blog\\\/2020\\\/06\\\/20\\\/feira-carneiro-admite-relacoes-sexuais-nas-dependencias-dos-predios-publicos-desde-que-seja-consensual-por-sergio-jones\\\/#primaryimage\"},\"thumbnailUrl\":\"https:\\\/\\\/www.albertopeixoto.com.br\\\/blog\\\/wp-content\\\/uploads\\\/2020\\\/06\\\/sexo.jpg\",\"inLanguage\":\"pt-BR\",\"potentialAction\":[{\"@type\":\"CommentAction\",\"name\":\"Comment\",\"target\":[\"https:\\\/\\\/www.albertopeixoto.com.br\\\/blog\\\/2020\\\/06\\\/20\\\/feira-carneiro-admite-relacoes-sexuais-nas-dependencias-dos-predios-publicos-desde-que-seja-consensual-por-sergio-jones\\\/#respond\"]}]},{\"@type\":\"WebPage\",\"@id\":\"https:\\\/\\\/www.albertopeixoto.com.br\\\/blog\\\/2020\\\/06\\\/20\\\/feira-carneiro-admite-relacoes-sexuais-nas-dependencias-dos-predios-publicos-desde-que-seja-consensual-por-sergio-jones\\\/\",\"url\":\"https:\\\/\\\/www.albertopeixoto.com.br\\\/blog\\\/2020\\\/06\\\/20\\\/feira-carneiro-admite-relacoes-sexuais-nas-dependencias-dos-predios-publicos-desde-que-seja-consensual-por-sergio-jones\\\/\",\"name\":\"Feira: Carneiro admite rela\u00e7\u00f5es sexuais nas depend\u00eancias dos pr\u00e9dios p\u00fablicos, desde que seja consensual \\\/ Por S\u00e9rgio Jones* - Alberto Peixoto\",\"isPartOf\":{\"@id\":\"https:\\\/\\\/www.albertopeixoto.com.br\\\/blog\\\/#website\"},\"primaryImageOfPage\":{\"@id\":\"https:\\\/\\\/www.albertopeixoto.com.br\\\/blog\\\/2020\\\/06\\\/20\\\/feira-carneiro-admite-relacoes-sexuais-nas-dependencias-dos-predios-publicos-desde-que-seja-consensual-por-sergio-jones\\\/#primaryimage\"},\"image\":{\"@id\":\"https:\\\/\\\/www.albertopeixoto.com.br\\\/blog\\\/2020\\\/06\\\/20\\\/feira-carneiro-admite-relacoes-sexuais-nas-dependencias-dos-predios-publicos-desde-que-seja-consensual-por-sergio-jones\\\/#primaryimage\"},\"thumbnailUrl\":\"https:\\\/\\\/www.albertopeixoto.com.br\\\/blog\\\/wp-content\\\/uploads\\\/2020\\\/06\\\/sexo.jpg\",\"datePublished\":\"2020-06-20T14:12:07+00:00\",\"dateModified\":\"2020-06-20T14:31:00+00:00\",\"breadcrumb\":{\"@id\":\"https:\\\/\\\/www.albertopeixoto.com.br\\\/blog\\\/2020\\\/06\\\/20\\\/feira-carneiro-admite-relacoes-sexuais-nas-dependencias-dos-predios-publicos-desde-que-seja-consensual-por-sergio-jones\\\/#breadcrumb\"},\"inLanguage\":\"pt-BR\",\"potentialAction\":[{\"@type\":\"ReadAction\",\"target\":[\"https:\\\/\\\/www.albertopeixoto.com.br\\\/blog\\\/2020\\\/06\\\/20\\\/feira-carneiro-admite-relacoes-sexuais-nas-dependencias-dos-predios-publicos-desde-que-seja-consensual-por-sergio-jones\\\/\"]}]},{\"@type\":\"ImageObject\",\"inLanguage\":\"pt-BR\",\"@id\":\"https:\\\/\\\/www.albertopeixoto.com.br\\\/blog\\\/2020\\\/06\\\/20\\\/feira-carneiro-admite-relacoes-sexuais-nas-dependencias-dos-predios-publicos-desde-que-seja-consensual-por-sergio-jones\\\/#primaryimage\",\"url\":\"https:\\\/\\\/www.albertopeixoto.com.br\\\/blog\\\/wp-content\\\/uploads\\\/2020\\\/06\\\/sexo.jpg\",\"contentUrl\":\"https:\\\/\\\/www.albertopeixoto.com.br\\\/blog\\\/wp-content\\\/uploads\\\/2020\\\/06\\\/sexo.jpg\",\"width\":800,\"height\":542},{\"@type\":\"BreadcrumbList\",\"@id\":\"https:\\\/\\\/www.albertopeixoto.com.br\\\/blog\\\/2020\\\/06\\\/20\\\/feira-carneiro-admite-relacoes-sexuais-nas-dependencias-dos-predios-publicos-desde-que-seja-consensual-por-sergio-jones\\\/#breadcrumb\",\"itemListElement\":[{\"@type\":\"ListItem\",\"position\":1,\"name\":\"In\u00edcio\",\"item\":\"https:\\\/\\\/www.albertopeixoto.com.br\\\/blog\\\/\"},{\"@type\":\"ListItem\",\"position\":2,\"name\":\"Feira: Carneiro admite rela\u00e7\u00f5es sexuais nas depend\u00eancias dos pr\u00e9dios p\u00fablicos, desde que seja consensual \\\/ Por S\u00e9rgio Jones*\"}]},{\"@type\":\"WebSite\",\"@id\":\"https:\\\/\\\/www.albertopeixoto.com.br\\\/blog\\\/#website\",\"url\":\"https:\\\/\\\/www.albertopeixoto.com.br\\\/blog\\\/\",\"name\":\"Alberto Peixoto\",\"description\":\"Site do escritor feirense Alberto Peixoto\",\"publisher\":{\"@id\":\"https:\\\/\\\/www.albertopeixoto.com.br\\\/blog\\\/#\\\/schema\\\/person\\\/7c0ad65e044773b9ace71e4bed27392e\"},\"potentialAction\":[{\"@type\":\"SearchAction\",\"target\":{\"@type\":\"EntryPoint\",\"urlTemplate\":\"https:\\\/\\\/www.albertopeixoto.com.br\\\/blog\\\/?s={search_term_string}\"},\"query-input\":{\"@type\":\"PropertyValueSpecification\",\"valueRequired\":true,\"valueName\":\"search_term_string\"}}],\"inLanguage\":\"pt-BR\"},{\"@type\":[\"Person\",\"Organization\"],\"@id\":\"https:\\\/\\\/www.albertopeixoto.com.br\\\/blog\\\/#\\\/schema\\\/person\\\/7c0ad65e044773b9ace71e4bed27392e\",\"name\":\"Alberto Peixoto\",\"image\":{\"@type\":\"ImageObject\",\"inLanguage\":\"pt-BR\",\"@id\":\"https:\\\/\\\/secure.gravatar.com\\\/avatar\\\/56073ba688fdc11029c75ad4a19a7d0404f80a73249f4fb56c9c021b86beab08?s=96&d=mm&r=g\",\"url\":\"https:\\\/\\\/secure.gravatar.com\\\/avatar\\\/56073ba688fdc11029c75ad4a19a7d0404f80a73249f4fb56c9c021b86beab08?s=96&d=mm&r=g\",\"contentUrl\":\"https:\\\/\\\/secure.gravatar.com\\\/avatar\\\/56073ba688fdc11029c75ad4a19a7d0404f80a73249f4fb56c9c021b86beab08?s=96&d=mm&r=g\",\"caption\":\"Alberto Peixoto\"},\"logo\":{\"@id\":\"https:\\\/\\\/secure.gravatar.com\\\/avatar\\\/56073ba688fdc11029c75ad4a19a7d0404f80a73249f4fb56c9c021b86beab08?s=96&d=mm&r=g\"},\"sameAs\":[\"https:\\\/\\\/www.albertopeixoto.com.br\\\/\",\"https:\\\/\\\/www.facebook.com\\\/antonioalberto.oliveirapeixoto\"],\"url\":\"https:\\\/\\\/www.albertopeixoto.com.br\\\/blog\\\/author\\\/apeixoto\\\/\"}]}<\/script>\n<!-- \/ Yoast SEO plugin. -->","yoast_head_json":{"title":"Feira: Carneiro admite rela\u00e7\u00f5es sexuais nas depend\u00eancias dos pr\u00e9dios p\u00fablicos, desde que seja consensual \/ Por S\u00e9rgio Jones* - Alberto Peixoto","robots":{"index":"index","follow":"follow","max-snippet":"max-snippet:-1","max-image-preview":"max-image-preview:large","max-video-preview":"max-video-preview:-1"},"canonical":"https:\/\/www.albertopeixoto.com.br\/blog\/2020\/06\/20\/feira-carneiro-admite-relacoes-sexuais-nas-dependencias-dos-predios-publicos-desde-que-seja-consensual-por-sergio-jones\/","og_locale":"pt_BR","og_type":"article","og_title":"Feira: Carneiro admite rela\u00e7\u00f5es sexuais nas depend\u00eancias dos pr\u00e9dios p\u00fablicos, desde que seja consensual \/ Por S\u00e9rgio Jones* - Alberto Peixoto","og_description":"Durante entrevista concedida \u00e0 imprensa local pelo presidente do legislativo feirense, Jos\u00e9 Carneiro (DEM), sobre o esc\u00e2ndalo de ass\u00e9dio sexual que envolve a figura do Procurador do Munic\u00edpio e advogado \u00cdcaro Ivvin, com uma servidora, nas depend\u00eancias f\u00edsicas da Secretaria &hellip; Continue reading &rarr;","og_url":"https:\/\/www.albertopeixoto.com.br\/blog\/2020\/06\/20\/feira-carneiro-admite-relacoes-sexuais-nas-dependencias-dos-predios-publicos-desde-que-seja-consensual-por-sergio-jones\/","og_site_name":"Alberto Peixoto","article_publisher":"https:\/\/www.facebook.com\/antonioalberto.oliveirapeixoto","article_author":"https:\/\/www.facebook.com\/antonioalberto.oliveirapeixoto","article_published_time":"2020-06-20T14:12:07+00:00","article_modified_time":"2020-06-20T14:31:00+00:00","og_image":[{"url":"https:\/\/www.albertopeixoto.com.br\/blog\/wp-content\/uploads\/2020\/06\/sexo.jpg","type":"","width":"","height":""}],"author":"Alberto Peixoto","twitter_card":"summary_large_image","twitter_misc":{"Escrito por":"Alberto Peixoto","Est. tempo de leitura":"1 minuto"},"schema":{"@context":"https:\/\/schema.org","@graph":[{"@type":"Article","@id":"https:\/\/www.albertopeixoto.com.br\/blog\/2020\/06\/20\/feira-carneiro-admite-relacoes-sexuais-nas-dependencias-dos-predios-publicos-desde-que-seja-consensual-por-sergio-jones\/#article","isPartOf":{"@id":"https:\/\/www.albertopeixoto.com.br\/blog\/2020\/06\/20\/feira-carneiro-admite-relacoes-sexuais-nas-dependencias-dos-predios-publicos-desde-que-seja-consensual-por-sergio-jones\/"},"author":{"name":"Alberto Peixoto","@id":"https:\/\/www.albertopeixoto.com.br\/blog\/#\/schema\/person\/7c0ad65e044773b9ace71e4bed27392e"},"headline":"Feira: Carneiro admite rela\u00e7\u00f5es sexuais nas depend\u00eancias dos pr\u00e9dios p\u00fablicos, desde que seja consensual \/ Por S\u00e9rgio Jones*","datePublished":"2020-06-20T14:12:07+00:00","dateModified":"2020-06-20T14:31:00+00:00","mainEntityOfPage":{"@id":"https:\/\/www.albertopeixoto.com.br\/blog\/2020\/06\/20\/feira-carneiro-admite-relacoes-sexuais-nas-dependencias-dos-predios-publicos-desde-que-seja-consensual-por-sergio-jones\/"},"wordCount":313,"commentCount":0,"publisher":{"@id":"https:\/\/www.albertopeixoto.com.br\/blog\/#\/schema\/person\/7c0ad65e044773b9ace71e4bed27392e"},"image":{"@id":"https:\/\/www.albertopeixoto.com.br\/blog\/2020\/06\/20\/feira-carneiro-admite-relacoes-sexuais-nas-dependencias-dos-predios-publicos-desde-que-seja-consensual-por-sergio-jones\/#primaryimage"},"thumbnailUrl":"https:\/\/www.albertopeixoto.com.br\/blog\/wp-content\/uploads\/2020\/06\/sexo.jpg","inLanguage":"pt-BR","potentialAction":[{"@type":"CommentAction","name":"Comment","target":["https:\/\/www.albertopeixoto.com.br\/blog\/2020\/06\/20\/feira-carneiro-admite-relacoes-sexuais-nas-dependencias-dos-predios-publicos-desde-que-seja-consensual-por-sergio-jones\/#respond"]}]},{"@type":"WebPage","@id":"https:\/\/www.albertopeixoto.com.br\/blog\/2020\/06\/20\/feira-carneiro-admite-relacoes-sexuais-nas-dependencias-dos-predios-publicos-desde-que-seja-consensual-por-sergio-jones\/","url":"https:\/\/www.albertopeixoto.com.br\/blog\/2020\/06\/20\/feira-carneiro-admite-relacoes-sexuais-nas-dependencias-dos-predios-publicos-desde-que-seja-consensual-por-sergio-jones\/","name":"Feira: Carneiro admite rela\u00e7\u00f5es sexuais nas depend\u00eancias dos pr\u00e9dios p\u00fablicos, desde que seja consensual \/ Por S\u00e9rgio Jones* - Alberto Peixoto","isPartOf":{"@id":"https:\/\/www.albertopeixoto.com.br\/blog\/#website"},"primaryImageOfPage":{"@id":"https:\/\/www.albertopeixoto.com.br\/blog\/2020\/06\/20\/feira-carneiro-admite-relacoes-sexuais-nas-dependencias-dos-predios-publicos-desde-que-seja-consensual-por-sergio-jones\/#primaryimage"},"image":{"@id":"https:\/\/www.albertopeixoto.com.br\/blog\/2020\/06\/20\/feira-carneiro-admite-relacoes-sexuais-nas-dependencias-dos-predios-publicos-desde-que-seja-consensual-por-sergio-jones\/#primaryimage"},"thumbnailUrl":"https:\/\/www.albertopeixoto.com.br\/blog\/wp-content\/uploads\/2020\/06\/sexo.jpg","datePublished":"2020-06-20T14:12:07+00:00","dateModified":"2020-06-20T14:31:00+00:00","breadcrumb":{"@id":"https:\/\/www.albertopeixoto.com.br\/blog\/2020\/06\/20\/feira-carneiro-admite-relacoes-sexuais-nas-dependencias-dos-predios-publicos-desde-que-seja-consensual-por-sergio-jones\/#breadcrumb"},"inLanguage":"pt-BR","potentialAction":[{"@type":"ReadAction","target":["https:\/\/www.albertopeixoto.com.br\/blog\/2020\/06\/20\/feira-carneiro-admite-relacoes-sexuais-nas-dependencias-dos-predios-publicos-desde-que-seja-consensual-por-sergio-jones\/"]}]},{"@type":"ImageObject","inLanguage":"pt-BR","@id":"https:\/\/www.albertopeixoto.com.br\/blog\/2020\/06\/20\/feira-carneiro-admite-relacoes-sexuais-nas-dependencias-dos-predios-publicos-desde-que-seja-consensual-por-sergio-jones\/#primaryimage","url":"https:\/\/www.albertopeixoto.com.br\/blog\/wp-content\/uploads\/2020\/06\/sexo.jpg","contentUrl":"https:\/\/www.albertopeixoto.com.br\/blog\/wp-content\/uploads\/2020\/06\/sexo.jpg","width":800,"height":542},{"@type":"BreadcrumbList","@id":"https:\/\/www.albertopeixoto.com.br\/blog\/2020\/06\/20\/feira-carneiro-admite-relacoes-sexuais-nas-dependencias-dos-predios-publicos-desde-que-seja-consensual-por-sergio-jones\/#breadcrumb","itemListElement":[{"@type":"ListItem","position":1,"name":"In\u00edcio","item":"https:\/\/www.albertopeixoto.com.br\/blog\/"},{"@type":"ListItem","position":2,"name":"Feira: Carneiro admite rela\u00e7\u00f5es sexuais nas depend\u00eancias dos pr\u00e9dios p\u00fablicos, desde que seja consensual \/ Por S\u00e9rgio Jones*"}]},{"@type":"WebSite","@id":"https:\/\/www.albertopeixoto.com.br\/blog\/#website","url":"https:\/\/www.albertopeixoto.com.br\/blog\/","name":"Alberto Peixoto","description":"Site do escritor feirense Alberto Peixoto","publisher":{"@id":"https:\/\/www.albertopeixoto.com.br\/blog\/#\/schema\/person\/7c0ad65e044773b9ace71e4bed27392e"},"potentialAction":[{"@type":"SearchAction","target":{"@type":"EntryPoint","urlTemplate":"https:\/\/www.albertopeixoto.com.br\/blog\/?s={search_term_string}"},"query-input":{"@type":"PropertyValueSpecification","valueRequired":true,"valueName":"search_term_string"}}],"inLanguage":"pt-BR"},{"@type":["Person","Organization"],"@id":"https:\/\/www.albertopeixoto.com.br\/blog\/#\/schema\/person\/7c0ad65e044773b9ace71e4bed27392e","name":"Alberto Peixoto","image":{"@type":"ImageObject","inLanguage":"pt-BR","@id":"https:\/\/secure.gravatar.com\/avatar\/56073ba688fdc11029c75ad4a19a7d0404f80a73249f4fb56c9c021b86beab08?s=96&d=mm&r=g","url":"https:\/\/secure.gravatar.com\/avatar\/56073ba688fdc11029c75ad4a19a7d0404f80a73249f4fb56c9c021b86beab08?s=96&d=mm&r=g","contentUrl":"https:\/\/secure.gravatar.com\/avatar\/56073ba688fdc11029c75ad4a19a7d0404f80a73249f4fb56c9c021b86beab08?s=96&d=mm&r=g","caption":"Alberto Peixoto"},"logo":{"@id":"https:\/\/secure.gravatar.com\/avatar\/56073ba688fdc11029c75ad4a19a7d0404f80a73249f4fb56c9c021b86beab08?s=96&d=mm&r=g"},"sameAs":["https:\/\/www.albertopeixoto.com.br\/","https:\/\/www.facebook.com\/antonioalberto.oliveirapeixoto"],"url":"https:\/\/www.albertopeixoto.com.br\/blog\/author\/apeixoto\/"}]}},"_links":{"self":[{"href":"https:\/\/www.albertopeixoto.com.br\/blog\/wp-json\/wp\/v2\/posts\/2155","targetHints":{"allow":["GET"]}}],"collection":[{"href":"https:\/\/www.albertopeixoto.com.br\/blog\/wp-json\/wp\/v2\/posts"}],"about":[{"href":"https:\/\/www.albertopeixoto.com.br\/blog\/wp-json\/wp\/v2\/types\/post"}],"author":[{"embeddable":true,"href":"https:\/\/www.albertopeixoto.com.br\/blog\/wp-json\/wp\/v2\/users\/2"}],"replies":[{"embeddable":true,"href":"https:\/\/www.albertopeixoto.com.br\/blog\/wp-json\/wp\/v2\/comments?post=2155"}],"version-history":[{"count":2,"href":"https:\/\/www.albertopeixoto.com.br\/blog\/wp-json\/wp\/v2\/posts\/2155\/revisions"}],"predecessor-version":[{"id":2158,"href":"https:\/\/www.albertopeixoto.com.br\/blog\/wp-json\/wp\/v2\/posts\/2155\/revisions\/2158"}],"wp:attachment":[{"href":"https:\/\/www.albertopeixoto.com.br\/blog\/wp-json\/wp\/v2\/media?parent=2155"}],"wp:term":[{"taxonomy":"category","embeddable":true,"href":"https:\/\/www.albertopeixoto.com.br\/blog\/wp-json\/wp\/v2\/categories?post=2155"},{"taxonomy":"post_tag","embeddable":true,"href":"https:\/\/www.albertopeixoto.com.br\/blog\/wp-json\/wp\/v2\/tags?post=2155"}],"curies":[{"name":"wp","href":"https:\/\/api.w.org\/{rel}","templated":true}]}}