{"id":2152,"date":"2020-06-20T11:06:26","date_gmt":"2020-06-20T14:06:26","guid":{"rendered":"https:\/\/www.albertopeixoto.com.br\/blog\/?p=2152"},"modified":"2020-06-20T11:06:29","modified_gmt":"2020-06-20T14:06:29","slug":"a-morte-de-venancio-poderia-ter-sido-evitada-ou-o-tratamento-foi-negligenciado-por-carlos-lima","status":"publish","type":"post","link":"https:\/\/www.albertopeixoto.com.br\/blog\/2020\/06\/20\/a-morte-de-venancio-poderia-ter-sido-evitada-ou-o-tratamento-foi-negligenciado-por-carlos-lima\/","title":{"rendered":"A morte de Ven\u00e2ncio poderia ter sido evitada, ou o tratamento foi negligenciado\/Por Carlos Lima*"},"content":{"rendered":"\n<figure class=\"wp-block-image size-large is-resized\"><img loading=\"lazy\" decoding=\"async\" src=\"https:\/\/www.albertopeixoto.com.br\/blog\/wp-content\/uploads\/2020\/06\/ven\u00e2ncio.jpg\" alt=\"\" class=\"wp-image-2153\" width=\"603\" height=\"351\" srcset=\"https:\/\/www.albertopeixoto.com.br\/blog\/wp-content\/uploads\/2020\/06\/ven\u00e2ncio.jpg 600w, https:\/\/www.albertopeixoto.com.br\/blog\/wp-content\/uploads\/2020\/06\/ven\u00e2ncio-300x175.jpg 300w\" sizes=\"auto, (max-width: 603px) 100vw, 603px\" \/><figcaption><strong>Ven\u00e2ncio dos Santos Filho<\/strong><\/figcaption><\/figure>\n\n\n\n<p class=\"wp-block-paragraph\">Vamos fazer duas perguntas. Quando? Onde?<\/p>\n\n\n\n<p class=\"wp-block-paragraph\">Algu\u00e9m ouviu, leu reportagem onde o Sistema de Sa\u00fade do Pa\u00eds, Estado e Munic\u00edpio, principalmente o de Feira de Santana, tenha sido considerada verdadeira?<\/p>\n\n\n\n<p class=\"wp-block-paragraph\">Quando foi que um paciente teve sua credulidade reconhecida ao denunciar a falta de medicamentos; maus tratos; abandono em macas nos corredores dos hospitais e neglig\u00eancia m\u00e9dica?<\/p>\n\n\n\n<p class=\"wp-block-paragraph\">Quando morre lhes jogam a culpa, inocentam os procedimentos e se puderem, processam o cad\u00e1ver.<\/p>\n\n\n\n<p class=\"wp-block-paragraph\">O cidad\u00e3o, pai de fam\u00edlia, Ven\u00e2ncio dos Santos Filho, 56 anos, denunciou, em v\u00eddeo, no dia 8 de junho, que faltava medicamento e que n\u00e3o ministraram a ele, que se encontrava internado no Hospital de Campanha de Feira de Santana.<\/p>\n\n\n\n<p class=\"wp-block-paragraph\">\u201cA doen\u00e7a n\u00e3o era t\u00e3o grave assim\u201d, o Hospital fez esclarecimento dizendo que o procedimento do Hospital era normal e que possu\u00eda toda medica\u00e7\u00e3o necess\u00e1ria.<\/p>\n\n\n\n<p class=\"wp-block-paragraph\">Ven\u00e2ncio dos Santos Filho faleceu na quinta-feira (18) por volta das 22 horas. O diretor do Hospital afirmou que \u201ca Covid-19 \u00e9 uma patologia grave. N\u00e3o \u00e9 uma doen\u00e7a simples, n\u00e3o \u00e9 uma gripezinha, como alguns andam dizendo por a\u00ed. \u00c9 uma patologia que pode ser muito grave e por isso que temos necessidade eventualmente de internar em UTI, tem uma necessidade de respira\u00e7\u00e3o mec\u00e2nica, de ser entubado\u201d.<\/p>\n\n\n\n<p class=\"wp-block-paragraph\">No dia 8 de junho quando Ven\u00e2ncio foi internado no hospital, em situa\u00e7\u00e3o de emerg\u00eancia, era um paciente de alto risco. N\u00e3o foi tratado e medicado como tal, sendo necess\u00e1rio ele fazer uma den\u00fancia em v\u00eddeo.<\/p>\n\n\n\n<p class=\"wp-block-paragraph\">O Senhor Ven\u00e2ncio n\u00e3o era um mentiroso.<\/p>\n\n\n\n<p class=\"wp-block-paragraph\">Vou fazer outra pergunta!<\/p>\n\n\n\n<p class=\"wp-block-paragraph\">Essa morte poderia ter sido evitada, ou a vida dele foi negligenciada?<\/p>\n\n\n\n<p class=\"wp-block-paragraph\">Ap\u00f3s a morte do paciente, mais um esclarecimento, (de fic\u00e7\u00e3o m\u00e9dica), veio a p\u00fablico para confundir leigos e culpar a v\u00edtima.<\/p>\n\n\n\n<p class=\"wp-block-paragraph\">Outro fato que causa indaga\u00e7\u00e3o.<\/p>\n\n\n\n<p class=\"wp-block-paragraph\">\u00c9 verdade que os pacientes entubados no Hospital de Campanha de Feira de Santana n\u00e3o est\u00e3o sendo sedados para o procedimento?<\/p>\n\n\n\n<p class=\"wp-block-paragraph\">A realidade do munic\u00edpio no atendimento hospitalar, ofertado pela prefeitura, \u00e9 ca\u00f3tico e tende a se agravar.<\/p>\n\n\n\n<p class=\"wp-block-paragraph\">Nossa revolta \u00e9 muito grande, a popula\u00e7\u00e3o feirense n\u00e3o pode silenciar diante de um governo t\u00e3o irrespons\u00e1vel.<\/p>\n\n\n\n<p class=\"wp-block-paragraph\"><strong>Carlos Lima<\/strong>, <strong>Jornalista<\/strong><\/p>\n","protected":false},"excerpt":{"rendered":"<p>Vamos fazer duas perguntas. Quando? Onde? Algu\u00e9m ouviu, leu reportagem onde o Sistema de Sa\u00fade do Pa\u00eds, Estado e Munic\u00edpio, principalmente o de Feira de Santana, tenha sido considerada verdadeira? Quando foi que um paciente teve sua credulidade reconhecida ao &hellip; <a href=\"https:\/\/www.albertopeixoto.com.br\/blog\/2020\/06\/20\/a-morte-de-venancio-poderia-ter-sido-evitada-ou-o-tratamento-foi-negligenciado-por-carlos-lima\/\">Continue reading <span class=\"meta-nav\">&rarr;<\/span><\/a><\/p>\n","protected":false},"author":2,"featured_media":0,"comment_status":"open","ping_status":"open","sticky":false,"template":"","format":"standard","meta":{"footnotes":""},"categories":[1],"tags":[],"class_list":["post-2152","post","type-post","status-publish","format-standard","hentry","category-sem-categoria"],"yoast_head":"<!-- This site is optimized with the Yoast SEO plugin v28.3 - https:\/\/yoast.com\/product\/yoast-seo-wordpress\/ -->\n<title>A morte de Ven\u00e2ncio poderia ter sido evitada, ou o tratamento foi negligenciado\/Por Carlos Lima* - Alberto Peixoto<\/title>\n<meta name=\"robots\" content=\"index, follow, max-snippet:-1, max-image-preview:large, max-video-preview:-1\" \/>\n<link rel=\"canonical\" href=\"https:\/\/www.albertopeixoto.com.br\/blog\/2020\/06\/20\/a-morte-de-venancio-poderia-ter-sido-evitada-ou-o-tratamento-foi-negligenciado-por-carlos-lima\/\" \/>\n<meta property=\"og:locale\" content=\"pt_BR\" \/>\n<meta property=\"og:type\" content=\"article\" \/>\n<meta property=\"og:title\" content=\"A morte de Ven\u00e2ncio poderia ter sido evitada, ou o tratamento foi negligenciado\/Por Carlos Lima* - Alberto Peixoto\" \/>\n<meta property=\"og:description\" content=\"Vamos fazer duas perguntas. Quando? Onde? Algu\u00e9m ouviu, leu reportagem onde o Sistema de Sa\u00fade do Pa\u00eds, Estado e Munic\u00edpio, principalmente o de Feira de Santana, tenha sido considerada verdadeira? Quando foi que um paciente teve sua credulidade reconhecida ao &hellip; Continue reading &rarr;\" \/>\n<meta property=\"og:url\" content=\"https:\/\/www.albertopeixoto.com.br\/blog\/2020\/06\/20\/a-morte-de-venancio-poderia-ter-sido-evitada-ou-o-tratamento-foi-negligenciado-por-carlos-lima\/\" \/>\n<meta property=\"og:site_name\" content=\"Alberto Peixoto\" \/>\n<meta property=\"article:publisher\" content=\"https:\/\/www.facebook.com\/antonioalberto.oliveirapeixoto\" \/>\n<meta property=\"article:author\" content=\"https:\/\/www.facebook.com\/antonioalberto.oliveirapeixoto\" \/>\n<meta property=\"article:published_time\" content=\"2020-06-20T14:06:26+00:00\" \/>\n<meta property=\"article:modified_time\" content=\"2020-06-20T14:06:29+00:00\" \/>\n<meta property=\"og:image\" content=\"https:\/\/www.albertopeixoto.com.br\/blog\/wp-content\/uploads\/2020\/06\/ven\u00e2ncio.jpg\" \/>\n<meta name=\"author\" content=\"Alberto Peixoto\" \/>\n<meta name=\"twitter:card\" content=\"summary_large_image\" \/>\n<meta name=\"twitter:label1\" content=\"Escrito por\" \/>\n\t<meta name=\"twitter:data1\" content=\"Alberto Peixoto\" \/>\n\t<meta name=\"twitter:label2\" content=\"Est. tempo de leitura\" \/>\n\t<meta name=\"twitter:data2\" content=\"2 minutos\" \/>\n<script type=\"application\/ld+json\" class=\"yoast-schema-graph\">{\"@context\":\"https:\\\/\\\/schema.org\",\"@graph\":[{\"@type\":\"Article\",\"@id\":\"https:\\\/\\\/www.albertopeixoto.com.br\\\/blog\\\/2020\\\/06\\\/20\\\/a-morte-de-venancio-poderia-ter-sido-evitada-ou-o-tratamento-foi-negligenciado-por-carlos-lima\\\/#article\",\"isPartOf\":{\"@id\":\"https:\\\/\\\/www.albertopeixoto.com.br\\\/blog\\\/2020\\\/06\\\/20\\\/a-morte-de-venancio-poderia-ter-sido-evitada-ou-o-tratamento-foi-negligenciado-por-carlos-lima\\\/\"},\"author\":{\"name\":\"Alberto Peixoto\",\"@id\":\"https:\\\/\\\/www.albertopeixoto.com.br\\\/blog\\\/#\\\/schema\\\/person\\\/7c0ad65e044773b9ace71e4bed27392e\"},\"headline\":\"A morte de Ven\u00e2ncio poderia ter sido evitada, ou o tratamento foi negligenciado\\\/Por Carlos Lima*\",\"datePublished\":\"2020-06-20T14:06:26+00:00\",\"dateModified\":\"2020-06-20T14:06:29+00:00\",\"mainEntityOfPage\":{\"@id\":\"https:\\\/\\\/www.albertopeixoto.com.br\\\/blog\\\/2020\\\/06\\\/20\\\/a-morte-de-venancio-poderia-ter-sido-evitada-ou-o-tratamento-foi-negligenciado-por-carlos-lima\\\/\"},\"wordCount\":405,\"commentCount\":0,\"publisher\":{\"@id\":\"https:\\\/\\\/www.albertopeixoto.com.br\\\/blog\\\/#\\\/schema\\\/person\\\/7c0ad65e044773b9ace71e4bed27392e\"},\"inLanguage\":\"pt-BR\",\"potentialAction\":[{\"@type\":\"CommentAction\",\"name\":\"Comment\",\"target\":[\"https:\\\/\\\/www.albertopeixoto.com.br\\\/blog\\\/2020\\\/06\\\/20\\\/a-morte-de-venancio-poderia-ter-sido-evitada-ou-o-tratamento-foi-negligenciado-por-carlos-lima\\\/#respond\"]}]},{\"@type\":\"WebPage\",\"@id\":\"https:\\\/\\\/www.albertopeixoto.com.br\\\/blog\\\/2020\\\/06\\\/20\\\/a-morte-de-venancio-poderia-ter-sido-evitada-ou-o-tratamento-foi-negligenciado-por-carlos-lima\\\/\",\"url\":\"https:\\\/\\\/www.albertopeixoto.com.br\\\/blog\\\/2020\\\/06\\\/20\\\/a-morte-de-venancio-poderia-ter-sido-evitada-ou-o-tratamento-foi-negligenciado-por-carlos-lima\\\/\",\"name\":\"A morte de Ven\u00e2ncio poderia ter sido evitada, ou o tratamento foi negligenciado\\\/Por Carlos Lima* - Alberto Peixoto\",\"isPartOf\":{\"@id\":\"https:\\\/\\\/www.albertopeixoto.com.br\\\/blog\\\/#website\"},\"datePublished\":\"2020-06-20T14:06:26+00:00\",\"dateModified\":\"2020-06-20T14:06:29+00:00\",\"breadcrumb\":{\"@id\":\"https:\\\/\\\/www.albertopeixoto.com.br\\\/blog\\\/2020\\\/06\\\/20\\\/a-morte-de-venancio-poderia-ter-sido-evitada-ou-o-tratamento-foi-negligenciado-por-carlos-lima\\\/#breadcrumb\"},\"inLanguage\":\"pt-BR\",\"potentialAction\":[{\"@type\":\"ReadAction\",\"target\":[\"https:\\\/\\\/www.albertopeixoto.com.br\\\/blog\\\/2020\\\/06\\\/20\\\/a-morte-de-venancio-poderia-ter-sido-evitada-ou-o-tratamento-foi-negligenciado-por-carlos-lima\\\/\"]}]},{\"@type\":\"BreadcrumbList\",\"@id\":\"https:\\\/\\\/www.albertopeixoto.com.br\\\/blog\\\/2020\\\/06\\\/20\\\/a-morte-de-venancio-poderia-ter-sido-evitada-ou-o-tratamento-foi-negligenciado-por-carlos-lima\\\/#breadcrumb\",\"itemListElement\":[{\"@type\":\"ListItem\",\"position\":1,\"name\":\"In\u00edcio\",\"item\":\"https:\\\/\\\/www.albertopeixoto.com.br\\\/blog\\\/\"},{\"@type\":\"ListItem\",\"position\":2,\"name\":\"A morte de Ven\u00e2ncio poderia ter sido evitada, ou o tratamento foi negligenciado\\\/Por Carlos Lima*\"}]},{\"@type\":\"WebSite\",\"@id\":\"https:\\\/\\\/www.albertopeixoto.com.br\\\/blog\\\/#website\",\"url\":\"https:\\\/\\\/www.albertopeixoto.com.br\\\/blog\\\/\",\"name\":\"Alberto Peixoto\",\"description\":\"Site do escritor feirense Alberto Peixoto\",\"publisher\":{\"@id\":\"https:\\\/\\\/www.albertopeixoto.com.br\\\/blog\\\/#\\\/schema\\\/person\\\/7c0ad65e044773b9ace71e4bed27392e\"},\"potentialAction\":[{\"@type\":\"SearchAction\",\"target\":{\"@type\":\"EntryPoint\",\"urlTemplate\":\"https:\\\/\\\/www.albertopeixoto.com.br\\\/blog\\\/?s={search_term_string}\"},\"query-input\":{\"@type\":\"PropertyValueSpecification\",\"valueRequired\":true,\"valueName\":\"search_term_string\"}}],\"inLanguage\":\"pt-BR\"},{\"@type\":[\"Person\",\"Organization\"],\"@id\":\"https:\\\/\\\/www.albertopeixoto.com.br\\\/blog\\\/#\\\/schema\\\/person\\\/7c0ad65e044773b9ace71e4bed27392e\",\"name\":\"Alberto Peixoto\",\"image\":{\"@type\":\"ImageObject\",\"inLanguage\":\"pt-BR\",\"@id\":\"https:\\\/\\\/secure.gravatar.com\\\/avatar\\\/56073ba688fdc11029c75ad4a19a7d0404f80a73249f4fb56c9c021b86beab08?s=96&d=mm&r=g\",\"url\":\"https:\\\/\\\/secure.gravatar.com\\\/avatar\\\/56073ba688fdc11029c75ad4a19a7d0404f80a73249f4fb56c9c021b86beab08?s=96&d=mm&r=g\",\"contentUrl\":\"https:\\\/\\\/secure.gravatar.com\\\/avatar\\\/56073ba688fdc11029c75ad4a19a7d0404f80a73249f4fb56c9c021b86beab08?s=96&d=mm&r=g\",\"caption\":\"Alberto Peixoto\"},\"logo\":{\"@id\":\"https:\\\/\\\/secure.gravatar.com\\\/avatar\\\/56073ba688fdc11029c75ad4a19a7d0404f80a73249f4fb56c9c021b86beab08?s=96&d=mm&r=g\"},\"sameAs\":[\"https:\\\/\\\/www.albertopeixoto.com.br\\\/\",\"https:\\\/\\\/www.facebook.com\\\/antonioalberto.oliveirapeixoto\"],\"url\":\"https:\\\/\\\/www.albertopeixoto.com.br\\\/blog\\\/author\\\/apeixoto\\\/\"}]}<\/script>\n<!-- \/ Yoast SEO plugin. -->","yoast_head_json":{"title":"A morte de Ven\u00e2ncio poderia ter sido evitada, ou o tratamento foi negligenciado\/Por Carlos Lima* - Alberto Peixoto","robots":{"index":"index","follow":"follow","max-snippet":"max-snippet:-1","max-image-preview":"max-image-preview:large","max-video-preview":"max-video-preview:-1"},"canonical":"https:\/\/www.albertopeixoto.com.br\/blog\/2020\/06\/20\/a-morte-de-venancio-poderia-ter-sido-evitada-ou-o-tratamento-foi-negligenciado-por-carlos-lima\/","og_locale":"pt_BR","og_type":"article","og_title":"A morte de Ven\u00e2ncio poderia ter sido evitada, ou o tratamento foi negligenciado\/Por Carlos Lima* - Alberto Peixoto","og_description":"Vamos fazer duas perguntas. Quando? Onde? Algu\u00e9m ouviu, leu reportagem onde o Sistema de Sa\u00fade do Pa\u00eds, Estado e Munic\u00edpio, principalmente o de Feira de Santana, tenha sido considerada verdadeira? Quando foi que um paciente teve sua credulidade reconhecida ao &hellip; Continue reading &rarr;","og_url":"https:\/\/www.albertopeixoto.com.br\/blog\/2020\/06\/20\/a-morte-de-venancio-poderia-ter-sido-evitada-ou-o-tratamento-foi-negligenciado-por-carlos-lima\/","og_site_name":"Alberto Peixoto","article_publisher":"https:\/\/www.facebook.com\/antonioalberto.oliveirapeixoto","article_author":"https:\/\/www.facebook.com\/antonioalberto.oliveirapeixoto","article_published_time":"2020-06-20T14:06:26+00:00","article_modified_time":"2020-06-20T14:06:29+00:00","og_image":[{"url":"https:\/\/www.albertopeixoto.com.br\/blog\/wp-content\/uploads\/2020\/06\/ven\u00e2ncio.jpg","type":"","width":"","height":""}],"author":"Alberto Peixoto","twitter_card":"summary_large_image","twitter_misc":{"Escrito por":"Alberto Peixoto","Est. tempo de leitura":"2 minutos"},"schema":{"@context":"https:\/\/schema.org","@graph":[{"@type":"Article","@id":"https:\/\/www.albertopeixoto.com.br\/blog\/2020\/06\/20\/a-morte-de-venancio-poderia-ter-sido-evitada-ou-o-tratamento-foi-negligenciado-por-carlos-lima\/#article","isPartOf":{"@id":"https:\/\/www.albertopeixoto.com.br\/blog\/2020\/06\/20\/a-morte-de-venancio-poderia-ter-sido-evitada-ou-o-tratamento-foi-negligenciado-por-carlos-lima\/"},"author":{"name":"Alberto Peixoto","@id":"https:\/\/www.albertopeixoto.com.br\/blog\/#\/schema\/person\/7c0ad65e044773b9ace71e4bed27392e"},"headline":"A morte de Ven\u00e2ncio poderia ter sido evitada, ou o tratamento foi negligenciado\/Por Carlos Lima*","datePublished":"2020-06-20T14:06:26+00:00","dateModified":"2020-06-20T14:06:29+00:00","mainEntityOfPage":{"@id":"https:\/\/www.albertopeixoto.com.br\/blog\/2020\/06\/20\/a-morte-de-venancio-poderia-ter-sido-evitada-ou-o-tratamento-foi-negligenciado-por-carlos-lima\/"},"wordCount":405,"commentCount":0,"publisher":{"@id":"https:\/\/www.albertopeixoto.com.br\/blog\/#\/schema\/person\/7c0ad65e044773b9ace71e4bed27392e"},"inLanguage":"pt-BR","potentialAction":[{"@type":"CommentAction","name":"Comment","target":["https:\/\/www.albertopeixoto.com.br\/blog\/2020\/06\/20\/a-morte-de-venancio-poderia-ter-sido-evitada-ou-o-tratamento-foi-negligenciado-por-carlos-lima\/#respond"]}]},{"@type":"WebPage","@id":"https:\/\/www.albertopeixoto.com.br\/blog\/2020\/06\/20\/a-morte-de-venancio-poderia-ter-sido-evitada-ou-o-tratamento-foi-negligenciado-por-carlos-lima\/","url":"https:\/\/www.albertopeixoto.com.br\/blog\/2020\/06\/20\/a-morte-de-venancio-poderia-ter-sido-evitada-ou-o-tratamento-foi-negligenciado-por-carlos-lima\/","name":"A morte de Ven\u00e2ncio poderia ter sido evitada, ou o tratamento foi negligenciado\/Por Carlos Lima* - Alberto Peixoto","isPartOf":{"@id":"https:\/\/www.albertopeixoto.com.br\/blog\/#website"},"datePublished":"2020-06-20T14:06:26+00:00","dateModified":"2020-06-20T14:06:29+00:00","breadcrumb":{"@id":"https:\/\/www.albertopeixoto.com.br\/blog\/2020\/06\/20\/a-morte-de-venancio-poderia-ter-sido-evitada-ou-o-tratamento-foi-negligenciado-por-carlos-lima\/#breadcrumb"},"inLanguage":"pt-BR","potentialAction":[{"@type":"ReadAction","target":["https:\/\/www.albertopeixoto.com.br\/blog\/2020\/06\/20\/a-morte-de-venancio-poderia-ter-sido-evitada-ou-o-tratamento-foi-negligenciado-por-carlos-lima\/"]}]},{"@type":"BreadcrumbList","@id":"https:\/\/www.albertopeixoto.com.br\/blog\/2020\/06\/20\/a-morte-de-venancio-poderia-ter-sido-evitada-ou-o-tratamento-foi-negligenciado-por-carlos-lima\/#breadcrumb","itemListElement":[{"@type":"ListItem","position":1,"name":"In\u00edcio","item":"https:\/\/www.albertopeixoto.com.br\/blog\/"},{"@type":"ListItem","position":2,"name":"A morte de Ven\u00e2ncio poderia ter sido evitada, ou o tratamento foi negligenciado\/Por Carlos Lima*"}]},{"@type":"WebSite","@id":"https:\/\/www.albertopeixoto.com.br\/blog\/#website","url":"https:\/\/www.albertopeixoto.com.br\/blog\/","name":"Alberto Peixoto","description":"Site do escritor feirense Alberto Peixoto","publisher":{"@id":"https:\/\/www.albertopeixoto.com.br\/blog\/#\/schema\/person\/7c0ad65e044773b9ace71e4bed27392e"},"potentialAction":[{"@type":"SearchAction","target":{"@type":"EntryPoint","urlTemplate":"https:\/\/www.albertopeixoto.com.br\/blog\/?s={search_term_string}"},"query-input":{"@type":"PropertyValueSpecification","valueRequired":true,"valueName":"search_term_string"}}],"inLanguage":"pt-BR"},{"@type":["Person","Organization"],"@id":"https:\/\/www.albertopeixoto.com.br\/blog\/#\/schema\/person\/7c0ad65e044773b9ace71e4bed27392e","name":"Alberto Peixoto","image":{"@type":"ImageObject","inLanguage":"pt-BR","@id":"https:\/\/secure.gravatar.com\/avatar\/56073ba688fdc11029c75ad4a19a7d0404f80a73249f4fb56c9c021b86beab08?s=96&d=mm&r=g","url":"https:\/\/secure.gravatar.com\/avatar\/56073ba688fdc11029c75ad4a19a7d0404f80a73249f4fb56c9c021b86beab08?s=96&d=mm&r=g","contentUrl":"https:\/\/secure.gravatar.com\/avatar\/56073ba688fdc11029c75ad4a19a7d0404f80a73249f4fb56c9c021b86beab08?s=96&d=mm&r=g","caption":"Alberto Peixoto"},"logo":{"@id":"https:\/\/secure.gravatar.com\/avatar\/56073ba688fdc11029c75ad4a19a7d0404f80a73249f4fb56c9c021b86beab08?s=96&d=mm&r=g"},"sameAs":["https:\/\/www.albertopeixoto.com.br\/","https:\/\/www.facebook.com\/antonioalberto.oliveirapeixoto"],"url":"https:\/\/www.albertopeixoto.com.br\/blog\/author\/apeixoto\/"}]}},"_links":{"self":[{"href":"https:\/\/www.albertopeixoto.com.br\/blog\/wp-json\/wp\/v2\/posts\/2152","targetHints":{"allow":["GET"]}}],"collection":[{"href":"https:\/\/www.albertopeixoto.com.br\/blog\/wp-json\/wp\/v2\/posts"}],"about":[{"href":"https:\/\/www.albertopeixoto.com.br\/blog\/wp-json\/wp\/v2\/types\/post"}],"author":[{"embeddable":true,"href":"https:\/\/www.albertopeixoto.com.br\/blog\/wp-json\/wp\/v2\/users\/2"}],"replies":[{"embeddable":true,"href":"https:\/\/www.albertopeixoto.com.br\/blog\/wp-json\/wp\/v2\/comments?post=2152"}],"version-history":[{"count":1,"href":"https:\/\/www.albertopeixoto.com.br\/blog\/wp-json\/wp\/v2\/posts\/2152\/revisions"}],"predecessor-version":[{"id":2154,"href":"https:\/\/www.albertopeixoto.com.br\/blog\/wp-json\/wp\/v2\/posts\/2152\/revisions\/2154"}],"wp:attachment":[{"href":"https:\/\/www.albertopeixoto.com.br\/blog\/wp-json\/wp\/v2\/media?parent=2152"}],"wp:term":[{"taxonomy":"category","embeddable":true,"href":"https:\/\/www.albertopeixoto.com.br\/blog\/wp-json\/wp\/v2\/categories?post=2152"},{"taxonomy":"post_tag","embeddable":true,"href":"https:\/\/www.albertopeixoto.com.br\/blog\/wp-json\/wp\/v2\/tags?post=2152"}],"curies":[{"name":"wp","href":"https:\/\/api.w.org\/{rel}","templated":true}]}}