{"id":2148,"date":"2020-06-19T11:01:42","date_gmt":"2020-06-19T14:01:42","guid":{"rendered":"https:\/\/www.albertopeixoto.com.br\/blog\/?p=2148"},"modified":"2020-06-19T11:01:45","modified_gmt":"2020-06-19T14:01:45","slug":"icaro-so-pensa-naquilo-por-sergio-jones","status":"publish","type":"post","link":"https:\/\/www.albertopeixoto.com.br\/blog\/2020\/06\/19\/icaro-so-pensa-naquilo-por-sergio-jones\/","title":{"rendered":"Icaro: \u201cS\u00f3 pensa&#8230;naquilo\u201d! \/ Por S\u00e9rgio Jones*"},"content":{"rendered":"\n<figure class=\"wp-block-image size-large is-resized\"><img loading=\"lazy\" decoding=\"async\" src=\"https:\/\/www.albertopeixoto.com.br\/blog\/wp-content\/uploads\/2020\/06\/\u00cdcaro-Ivvin.jpg\" alt=\"\" class=\"wp-image-2149\" width=\"597\" height=\"620\" srcset=\"https:\/\/www.albertopeixoto.com.br\/blog\/wp-content\/uploads\/2020\/06\/\u00cdcaro-Ivvin.jpg 336w, https:\/\/www.albertopeixoto.com.br\/blog\/wp-content\/uploads\/2020\/06\/\u00cdcaro-Ivvin-289x300.jpg 289w\" sizes=\"auto, (max-width: 597px) 100vw, 597px\" \/><\/figure>\n\n\n\n<p class=\"wp-block-paragraph\">Chegamos ao n\u00edvel mais baixo e ao limite do toler\u00e1vel no caso que envolve o Procurador Geral do Munic\u00edpio, \u00cdcaro Ivvin, que reiteradamente foi denunciado por ass\u00e9dio sexual na Secret\u00e1ria de Desenvolvimento Social (Sedeso) praticado contra uma servidora do Munic\u00edpio, e por \u00faltimo de ter mantido, com outra servidora, rela\u00e7\u00f5es sexuais no interior do \u00f3rg\u00e3o ou local em que trabalha.<\/p>\n\n\n\n<p class=\"wp-block-paragraph\">Tal comportamento \u00e9 visto e considerado como totalmente inadequado, o ato implica em uma modalidade de crime, que de acordo com a constitui\u00e7\u00e3o federal brasileira, artigo 55, par\u00e1grafo 1\u00b0 diz ser incompat\u00edvel com o decoro parlamentar.<\/p>\n\n\n\n<p class=\"wp-block-paragraph\">O que mais indigna as pessoas \u00e9 que o prefeito de direito e n\u00e3o de fato, Colbert Martins, se mant\u00e9m passivo diante dos sucessivos esc\u00e2ndalos. E esse n\u00e3o \u00e9 isolado, j\u00e1 houveram muitos outros, ao longo de sua combalida administra\u00e7\u00e3o. E por certo, pelo caminhar da carruagem, continuar\u00e3o existindo muito outros em um futuro n\u00e3o muito distante. J\u00e1 que a impunidade persiste diante desses casos, registrados em Feira de Santana.<\/p>\n\n\n\n<p class=\"wp-block-paragraph\">O que nos causa certa perplexidade \u00e9 o fato da recursa por parte do S\u00e1tiro, que n\u00e3o contem seus instintos bestiais e anda sempre a perseguir Ninfas, em dizer que pedir demiss\u00e3o do cargo de Procurador Geral do Munic\u00edpio (PGM), n\u00e3o passa por sua cabe\u00e7a. Pelo visto ele est\u00e1 sendo honesto em fazer tal afirma\u00e7\u00e3o, o que passa pela cabe\u00e7a dele, s\u00e3o obsess\u00f5es de car\u00e1ter libidinosos.<\/p>\n\n\n\n<p class=\"wp-block-paragraph\">O interessante \u00e9 que al\u00e9m de exercer o cargo que implica em consider\u00e1vel remunera\u00e7\u00e3o, paga por n\u00f3s cidad\u00e3os, o acusado economiza um bom dinheiro j\u00e1 que suas v\u00edtimas n\u00e3o s\u00e3o conduzidas para mot\u00e9is, o servi\u00e7o \u00e9 feito no pr\u00f3prio local de trabalho. Ao que parece, at\u00e9 mesmo este tipo de pr\u00e1tica os custos ficam a cargo das depend\u00eancias p\u00fablicas.<\/p>\n\n\n\n<p class=\"wp-block-paragraph\">Tal comportamento adotado pelo procurador nos remete a figura da Mo\u00e7a pudica, Zez\u00e9 Macedo na Escolinha do professor Raimundo Nonato, que dava chiliques quando algu\u00e9m fazia uma piadinha de duplo sentido. Indignada, comentava, revirando os olhos: \u201cS\u00f3 pensa\u2026 naquilo\u201d!<\/p>\n\n\n\n<p class=\"wp-block-paragraph\"><strong>S\u00e9rgio Jones, jornalista (sergiojones@live.com)<\/strong><strong><\/strong><\/p>\n","protected":false},"excerpt":{"rendered":"<p>Chegamos ao n\u00edvel mais baixo e ao limite do toler\u00e1vel no caso que envolve o Procurador Geral do Munic\u00edpio, \u00cdcaro Ivvin, que reiteradamente foi denunciado por ass\u00e9dio sexual na Secret\u00e1ria de Desenvolvimento Social (Sedeso) praticado contra uma servidora do Munic\u00edpio, &hellip; <a href=\"https:\/\/www.albertopeixoto.com.br\/blog\/2020\/06\/19\/icaro-so-pensa-naquilo-por-sergio-jones\/\">Continue reading <span class=\"meta-nav\">&rarr;<\/span><\/a><\/p>\n","protected":false},"author":2,"featured_media":0,"comment_status":"open","ping_status":"open","sticky":false,"template":"","format":"standard","meta":{"footnotes":""},"categories":[1],"tags":[],"class_list":["post-2148","post","type-post","status-publish","format-standard","hentry","category-sem-categoria"],"yoast_head":"<!-- This site is optimized with the Yoast SEO plugin v28.3 - https:\/\/yoast.com\/product\/yoast-seo-wordpress\/ -->\n<title>Icaro: \u201cS\u00f3 pensa...naquilo\u201d! \/ Por S\u00e9rgio Jones* - Alberto Peixoto<\/title>\n<meta name=\"robots\" content=\"index, follow, max-snippet:-1, max-image-preview:large, max-video-preview:-1\" \/>\n<link rel=\"canonical\" href=\"https:\/\/www.albertopeixoto.com.br\/blog\/2020\/06\/19\/icaro-so-pensa-naquilo-por-sergio-jones\/\" \/>\n<meta property=\"og:locale\" content=\"pt_BR\" \/>\n<meta property=\"og:type\" content=\"article\" \/>\n<meta property=\"og:title\" content=\"Icaro: \u201cS\u00f3 pensa...naquilo\u201d! \/ Por S\u00e9rgio Jones* - Alberto Peixoto\" \/>\n<meta property=\"og:description\" content=\"Chegamos ao n\u00edvel mais baixo e ao limite do toler\u00e1vel no caso que envolve o Procurador Geral do Munic\u00edpio, \u00cdcaro Ivvin, que reiteradamente foi denunciado por ass\u00e9dio sexual na Secret\u00e1ria de Desenvolvimento Social (Sedeso) praticado contra uma servidora do Munic\u00edpio, &hellip; Continue reading &rarr;\" \/>\n<meta property=\"og:url\" content=\"https:\/\/www.albertopeixoto.com.br\/blog\/2020\/06\/19\/icaro-so-pensa-naquilo-por-sergio-jones\/\" \/>\n<meta property=\"og:site_name\" content=\"Alberto Peixoto\" \/>\n<meta property=\"article:publisher\" content=\"https:\/\/www.facebook.com\/antonioalberto.oliveirapeixoto\" \/>\n<meta property=\"article:author\" content=\"https:\/\/www.facebook.com\/antonioalberto.oliveirapeixoto\" \/>\n<meta property=\"article:published_time\" content=\"2020-06-19T14:01:42+00:00\" \/>\n<meta property=\"article:modified_time\" content=\"2020-06-19T14:01:45+00:00\" \/>\n<meta property=\"og:image\" content=\"https:\/\/www.albertopeixoto.com.br\/blog\/wp-content\/uploads\/2020\/06\/\u00cdcaro-Ivvin.jpg\" \/>\n<meta name=\"author\" content=\"Alberto Peixoto\" \/>\n<meta name=\"twitter:card\" content=\"summary_large_image\" \/>\n<meta name=\"twitter:label1\" content=\"Escrito por\" \/>\n\t<meta name=\"twitter:data1\" content=\"Alberto Peixoto\" \/>\n\t<meta name=\"twitter:label2\" content=\"Est. tempo de leitura\" \/>\n\t<meta name=\"twitter:data2\" content=\"2 minutos\" \/>\n<script type=\"application\/ld+json\" class=\"yoast-schema-graph\">{\"@context\":\"https:\\\/\\\/schema.org\",\"@graph\":[{\"@type\":\"Article\",\"@id\":\"https:\\\/\\\/www.albertopeixoto.com.br\\\/blog\\\/2020\\\/06\\\/19\\\/icaro-so-pensa-naquilo-por-sergio-jones\\\/#article\",\"isPartOf\":{\"@id\":\"https:\\\/\\\/www.albertopeixoto.com.br\\\/blog\\\/2020\\\/06\\\/19\\\/icaro-so-pensa-naquilo-por-sergio-jones\\\/\"},\"author\":{\"name\":\"Alberto Peixoto\",\"@id\":\"https:\\\/\\\/www.albertopeixoto.com.br\\\/blog\\\/#\\\/schema\\\/person\\\/7c0ad65e044773b9ace71e4bed27392e\"},\"headline\":\"Icaro: \u201cS\u00f3 pensa&#8230;naquilo\u201d! \\\/ Por S\u00e9rgio Jones*\",\"datePublished\":\"2020-06-19T14:01:42+00:00\",\"dateModified\":\"2020-06-19T14:01:45+00:00\",\"mainEntityOfPage\":{\"@id\":\"https:\\\/\\\/www.albertopeixoto.com.br\\\/blog\\\/2020\\\/06\\\/19\\\/icaro-so-pensa-naquilo-por-sergio-jones\\\/\"},\"wordCount\":382,\"commentCount\":0,\"publisher\":{\"@id\":\"https:\\\/\\\/www.albertopeixoto.com.br\\\/blog\\\/#\\\/schema\\\/person\\\/7c0ad65e044773b9ace71e4bed27392e\"},\"inLanguage\":\"pt-BR\",\"potentialAction\":[{\"@type\":\"CommentAction\",\"name\":\"Comment\",\"target\":[\"https:\\\/\\\/www.albertopeixoto.com.br\\\/blog\\\/2020\\\/06\\\/19\\\/icaro-so-pensa-naquilo-por-sergio-jones\\\/#respond\"]}]},{\"@type\":\"WebPage\",\"@id\":\"https:\\\/\\\/www.albertopeixoto.com.br\\\/blog\\\/2020\\\/06\\\/19\\\/icaro-so-pensa-naquilo-por-sergio-jones\\\/\",\"url\":\"https:\\\/\\\/www.albertopeixoto.com.br\\\/blog\\\/2020\\\/06\\\/19\\\/icaro-so-pensa-naquilo-por-sergio-jones\\\/\",\"name\":\"Icaro: \u201cS\u00f3 pensa...naquilo\u201d! \\\/ Por S\u00e9rgio Jones* - Alberto Peixoto\",\"isPartOf\":{\"@id\":\"https:\\\/\\\/www.albertopeixoto.com.br\\\/blog\\\/#website\"},\"datePublished\":\"2020-06-19T14:01:42+00:00\",\"dateModified\":\"2020-06-19T14:01:45+00:00\",\"breadcrumb\":{\"@id\":\"https:\\\/\\\/www.albertopeixoto.com.br\\\/blog\\\/2020\\\/06\\\/19\\\/icaro-so-pensa-naquilo-por-sergio-jones\\\/#breadcrumb\"},\"inLanguage\":\"pt-BR\",\"potentialAction\":[{\"@type\":\"ReadAction\",\"target\":[\"https:\\\/\\\/www.albertopeixoto.com.br\\\/blog\\\/2020\\\/06\\\/19\\\/icaro-so-pensa-naquilo-por-sergio-jones\\\/\"]}]},{\"@type\":\"BreadcrumbList\",\"@id\":\"https:\\\/\\\/www.albertopeixoto.com.br\\\/blog\\\/2020\\\/06\\\/19\\\/icaro-so-pensa-naquilo-por-sergio-jones\\\/#breadcrumb\",\"itemListElement\":[{\"@type\":\"ListItem\",\"position\":1,\"name\":\"In\u00edcio\",\"item\":\"https:\\\/\\\/www.albertopeixoto.com.br\\\/blog\\\/\"},{\"@type\":\"ListItem\",\"position\":2,\"name\":\"Icaro: \u201cS\u00f3 pensa&#8230;naquilo\u201d! \\\/ Por S\u00e9rgio Jones*\"}]},{\"@type\":\"WebSite\",\"@id\":\"https:\\\/\\\/www.albertopeixoto.com.br\\\/blog\\\/#website\",\"url\":\"https:\\\/\\\/www.albertopeixoto.com.br\\\/blog\\\/\",\"name\":\"Alberto Peixoto\",\"description\":\"Site do escritor feirense Alberto Peixoto\",\"publisher\":{\"@id\":\"https:\\\/\\\/www.albertopeixoto.com.br\\\/blog\\\/#\\\/schema\\\/person\\\/7c0ad65e044773b9ace71e4bed27392e\"},\"potentialAction\":[{\"@type\":\"SearchAction\",\"target\":{\"@type\":\"EntryPoint\",\"urlTemplate\":\"https:\\\/\\\/www.albertopeixoto.com.br\\\/blog\\\/?s={search_term_string}\"},\"query-input\":{\"@type\":\"PropertyValueSpecification\",\"valueRequired\":true,\"valueName\":\"search_term_string\"}}],\"inLanguage\":\"pt-BR\"},{\"@type\":[\"Person\",\"Organization\"],\"@id\":\"https:\\\/\\\/www.albertopeixoto.com.br\\\/blog\\\/#\\\/schema\\\/person\\\/7c0ad65e044773b9ace71e4bed27392e\",\"name\":\"Alberto Peixoto\",\"image\":{\"@type\":\"ImageObject\",\"inLanguage\":\"pt-BR\",\"@id\":\"https:\\\/\\\/secure.gravatar.com\\\/avatar\\\/56073ba688fdc11029c75ad4a19a7d0404f80a73249f4fb56c9c021b86beab08?s=96&d=mm&r=g\",\"url\":\"https:\\\/\\\/secure.gravatar.com\\\/avatar\\\/56073ba688fdc11029c75ad4a19a7d0404f80a73249f4fb56c9c021b86beab08?s=96&d=mm&r=g\",\"contentUrl\":\"https:\\\/\\\/secure.gravatar.com\\\/avatar\\\/56073ba688fdc11029c75ad4a19a7d0404f80a73249f4fb56c9c021b86beab08?s=96&d=mm&r=g\",\"caption\":\"Alberto Peixoto\"},\"logo\":{\"@id\":\"https:\\\/\\\/secure.gravatar.com\\\/avatar\\\/56073ba688fdc11029c75ad4a19a7d0404f80a73249f4fb56c9c021b86beab08?s=96&d=mm&r=g\"},\"sameAs\":[\"https:\\\/\\\/www.albertopeixoto.com.br\\\/\",\"https:\\\/\\\/www.facebook.com\\\/antonioalberto.oliveirapeixoto\"],\"url\":\"https:\\\/\\\/www.albertopeixoto.com.br\\\/blog\\\/author\\\/apeixoto\\\/\"}]}<\/script>\n<!-- \/ Yoast SEO plugin. -->","yoast_head_json":{"title":"Icaro: \u201cS\u00f3 pensa...naquilo\u201d! \/ Por S\u00e9rgio Jones* - Alberto Peixoto","robots":{"index":"index","follow":"follow","max-snippet":"max-snippet:-1","max-image-preview":"max-image-preview:large","max-video-preview":"max-video-preview:-1"},"canonical":"https:\/\/www.albertopeixoto.com.br\/blog\/2020\/06\/19\/icaro-so-pensa-naquilo-por-sergio-jones\/","og_locale":"pt_BR","og_type":"article","og_title":"Icaro: \u201cS\u00f3 pensa...naquilo\u201d! \/ Por S\u00e9rgio Jones* - Alberto Peixoto","og_description":"Chegamos ao n\u00edvel mais baixo e ao limite do toler\u00e1vel no caso que envolve o Procurador Geral do Munic\u00edpio, \u00cdcaro Ivvin, que reiteradamente foi denunciado por ass\u00e9dio sexual na Secret\u00e1ria de Desenvolvimento Social (Sedeso) praticado contra uma servidora do Munic\u00edpio, &hellip; Continue reading &rarr;","og_url":"https:\/\/www.albertopeixoto.com.br\/blog\/2020\/06\/19\/icaro-so-pensa-naquilo-por-sergio-jones\/","og_site_name":"Alberto Peixoto","article_publisher":"https:\/\/www.facebook.com\/antonioalberto.oliveirapeixoto","article_author":"https:\/\/www.facebook.com\/antonioalberto.oliveirapeixoto","article_published_time":"2020-06-19T14:01:42+00:00","article_modified_time":"2020-06-19T14:01:45+00:00","og_image":[{"url":"https:\/\/www.albertopeixoto.com.br\/blog\/wp-content\/uploads\/2020\/06\/\u00cdcaro-Ivvin.jpg","type":"","width":"","height":""}],"author":"Alberto Peixoto","twitter_card":"summary_large_image","twitter_misc":{"Escrito por":"Alberto Peixoto","Est. tempo de leitura":"2 minutos"},"schema":{"@context":"https:\/\/schema.org","@graph":[{"@type":"Article","@id":"https:\/\/www.albertopeixoto.com.br\/blog\/2020\/06\/19\/icaro-so-pensa-naquilo-por-sergio-jones\/#article","isPartOf":{"@id":"https:\/\/www.albertopeixoto.com.br\/blog\/2020\/06\/19\/icaro-so-pensa-naquilo-por-sergio-jones\/"},"author":{"name":"Alberto Peixoto","@id":"https:\/\/www.albertopeixoto.com.br\/blog\/#\/schema\/person\/7c0ad65e044773b9ace71e4bed27392e"},"headline":"Icaro: \u201cS\u00f3 pensa&#8230;naquilo\u201d! \/ Por S\u00e9rgio Jones*","datePublished":"2020-06-19T14:01:42+00:00","dateModified":"2020-06-19T14:01:45+00:00","mainEntityOfPage":{"@id":"https:\/\/www.albertopeixoto.com.br\/blog\/2020\/06\/19\/icaro-so-pensa-naquilo-por-sergio-jones\/"},"wordCount":382,"commentCount":0,"publisher":{"@id":"https:\/\/www.albertopeixoto.com.br\/blog\/#\/schema\/person\/7c0ad65e044773b9ace71e4bed27392e"},"inLanguage":"pt-BR","potentialAction":[{"@type":"CommentAction","name":"Comment","target":["https:\/\/www.albertopeixoto.com.br\/blog\/2020\/06\/19\/icaro-so-pensa-naquilo-por-sergio-jones\/#respond"]}]},{"@type":"WebPage","@id":"https:\/\/www.albertopeixoto.com.br\/blog\/2020\/06\/19\/icaro-so-pensa-naquilo-por-sergio-jones\/","url":"https:\/\/www.albertopeixoto.com.br\/blog\/2020\/06\/19\/icaro-so-pensa-naquilo-por-sergio-jones\/","name":"Icaro: \u201cS\u00f3 pensa...naquilo\u201d! \/ Por S\u00e9rgio Jones* - Alberto Peixoto","isPartOf":{"@id":"https:\/\/www.albertopeixoto.com.br\/blog\/#website"},"datePublished":"2020-06-19T14:01:42+00:00","dateModified":"2020-06-19T14:01:45+00:00","breadcrumb":{"@id":"https:\/\/www.albertopeixoto.com.br\/blog\/2020\/06\/19\/icaro-so-pensa-naquilo-por-sergio-jones\/#breadcrumb"},"inLanguage":"pt-BR","potentialAction":[{"@type":"ReadAction","target":["https:\/\/www.albertopeixoto.com.br\/blog\/2020\/06\/19\/icaro-so-pensa-naquilo-por-sergio-jones\/"]}]},{"@type":"BreadcrumbList","@id":"https:\/\/www.albertopeixoto.com.br\/blog\/2020\/06\/19\/icaro-so-pensa-naquilo-por-sergio-jones\/#breadcrumb","itemListElement":[{"@type":"ListItem","position":1,"name":"In\u00edcio","item":"https:\/\/www.albertopeixoto.com.br\/blog\/"},{"@type":"ListItem","position":2,"name":"Icaro: \u201cS\u00f3 pensa&#8230;naquilo\u201d! \/ Por S\u00e9rgio Jones*"}]},{"@type":"WebSite","@id":"https:\/\/www.albertopeixoto.com.br\/blog\/#website","url":"https:\/\/www.albertopeixoto.com.br\/blog\/","name":"Alberto Peixoto","description":"Site do escritor feirense Alberto Peixoto","publisher":{"@id":"https:\/\/www.albertopeixoto.com.br\/blog\/#\/schema\/person\/7c0ad65e044773b9ace71e4bed27392e"},"potentialAction":[{"@type":"SearchAction","target":{"@type":"EntryPoint","urlTemplate":"https:\/\/www.albertopeixoto.com.br\/blog\/?s={search_term_string}"},"query-input":{"@type":"PropertyValueSpecification","valueRequired":true,"valueName":"search_term_string"}}],"inLanguage":"pt-BR"},{"@type":["Person","Organization"],"@id":"https:\/\/www.albertopeixoto.com.br\/blog\/#\/schema\/person\/7c0ad65e044773b9ace71e4bed27392e","name":"Alberto Peixoto","image":{"@type":"ImageObject","inLanguage":"pt-BR","@id":"https:\/\/secure.gravatar.com\/avatar\/56073ba688fdc11029c75ad4a19a7d0404f80a73249f4fb56c9c021b86beab08?s=96&d=mm&r=g","url":"https:\/\/secure.gravatar.com\/avatar\/56073ba688fdc11029c75ad4a19a7d0404f80a73249f4fb56c9c021b86beab08?s=96&d=mm&r=g","contentUrl":"https:\/\/secure.gravatar.com\/avatar\/56073ba688fdc11029c75ad4a19a7d0404f80a73249f4fb56c9c021b86beab08?s=96&d=mm&r=g","caption":"Alberto Peixoto"},"logo":{"@id":"https:\/\/secure.gravatar.com\/avatar\/56073ba688fdc11029c75ad4a19a7d0404f80a73249f4fb56c9c021b86beab08?s=96&d=mm&r=g"},"sameAs":["https:\/\/www.albertopeixoto.com.br\/","https:\/\/www.facebook.com\/antonioalberto.oliveirapeixoto"],"url":"https:\/\/www.albertopeixoto.com.br\/blog\/author\/apeixoto\/"}]}},"_links":{"self":[{"href":"https:\/\/www.albertopeixoto.com.br\/blog\/wp-json\/wp\/v2\/posts\/2148","targetHints":{"allow":["GET"]}}],"collection":[{"href":"https:\/\/www.albertopeixoto.com.br\/blog\/wp-json\/wp\/v2\/posts"}],"about":[{"href":"https:\/\/www.albertopeixoto.com.br\/blog\/wp-json\/wp\/v2\/types\/post"}],"author":[{"embeddable":true,"href":"https:\/\/www.albertopeixoto.com.br\/blog\/wp-json\/wp\/v2\/users\/2"}],"replies":[{"embeddable":true,"href":"https:\/\/www.albertopeixoto.com.br\/blog\/wp-json\/wp\/v2\/comments?post=2148"}],"version-history":[{"count":1,"href":"https:\/\/www.albertopeixoto.com.br\/blog\/wp-json\/wp\/v2\/posts\/2148\/revisions"}],"predecessor-version":[{"id":2150,"href":"https:\/\/www.albertopeixoto.com.br\/blog\/wp-json\/wp\/v2\/posts\/2148\/revisions\/2150"}],"wp:attachment":[{"href":"https:\/\/www.albertopeixoto.com.br\/blog\/wp-json\/wp\/v2\/media?parent=2148"}],"wp:term":[{"taxonomy":"category","embeddable":true,"href":"https:\/\/www.albertopeixoto.com.br\/blog\/wp-json\/wp\/v2\/categories?post=2148"},{"taxonomy":"post_tag","embeddable":true,"href":"https:\/\/www.albertopeixoto.com.br\/blog\/wp-json\/wp\/v2\/tags?post=2148"}],"curies":[{"name":"wp","href":"https:\/\/api.w.org\/{rel}","templated":true}]}}