{"id":2141,"date":"2020-06-18T17:37:25","date_gmt":"2020-06-18T20:37:25","guid":{"rendered":"https:\/\/www.albertopeixoto.com.br\/blog\/?p=2141"},"modified":"2020-06-19T11:15:49","modified_gmt":"2020-06-19T14:15:49","slug":"operacao-anjo-caido-por-alberto-peixoto","status":"publish","type":"post","link":"https:\/\/www.albertopeixoto.com.br\/blog\/2020\/06\/18\/operacao-anjo-caido-por-alberto-peixoto\/","title":{"rendered":"Opera\u00e7\u00e3o Anjo Ca\u00eddo\/Por Alberto Peixoto*"},"content":{"rendered":"\n<figure class=\"wp-block-image size-large is-resized\"><img loading=\"lazy\" decoding=\"async\" src=\"https:\/\/www.albertopeixoto.com.br\/blog\/wp-content\/uploads\/2020\/06\/queiroz-1024x576.jpeg\" alt=\"\" class=\"wp-image-2143\" width=\"614\" height=\"345\" srcset=\"https:\/\/www.albertopeixoto.com.br\/blog\/wp-content\/uploads\/2020\/06\/queiroz-1024x576.jpeg 1024w, https:\/\/www.albertopeixoto.com.br\/blog\/wp-content\/uploads\/2020\/06\/queiroz-300x169.jpeg 300w, https:\/\/www.albertopeixoto.com.br\/blog\/wp-content\/uploads\/2020\/06\/queiroz-768x432.jpeg 768w, https:\/\/www.albertopeixoto.com.br\/blog\/wp-content\/uploads\/2020\/06\/queiroz.jpeg 1152w\" sizes=\"auto, (max-width: 614px) 100vw, 614px\" \/><figcaption><strong>Queiroz dormiu de touca<\/strong><\/figcaption><\/figure>\n\n\n\n<p class=\"wp-block-paragraph\">Conforme as cren\u00e7as crist\u00e3s, Anjos da Guarda s\u00e3o seres divinos enviados por Deus, quando nascemos, para nos proteger durante todo tempo que passarmos encarnados.<\/p>\n\n\n\n<p class=\"wp-block-paragraph\">Segundo as \u00faltimas not\u00edcias veiculadas pela m\u00eddia, o advogado da \u201cfamiglia Bolsonaro\u201d, Frederick Wassef, foi enviado &#8211; com certeza n\u00e3o foi por nenhuma divindade &#8211; para proteger o cl\u00e3 dos Bolsonaros &#8211; escondeu Fabricio Queiroz em uma de suas propriedades no munic\u00edpio de Atibaia no Estado de S\u00e3o Paulo.<\/p>\n\n\n\n<p class=\"wp-block-paragraph\">Na verdade o Anjo da Guarda estava sendo o Fabr\u00edcio Queiroz que, n\u00e3o se sabe se for\u00e7ado ou por conveni\u00eancia, ficou calado por quase dois anos protegendo os Bolsonaros com a ajuda de Frederick Wassef, &#8211; apelidado por seus familiares de Anjo &#8211; advogado pessoal de Jair Bolsonaro, portanto leva a se deduzir que Bolsonaro est\u00e1 envolvido at\u00e9 o pesco\u00e7o.<\/p>\n\n\n\n<p class=\"wp-block-paragraph\">Prender o Queiroz foi uma medida necess\u00e1ria a partir do momento que ele foi transformado em um \u201carquivo muito importante\u201d. Espera-se que tamb\u00e9m n\u00e3o seja transformado em arquivo morto, como j\u00e1 ocorreu com os milicianos envolvidos no assassinato da vereadora Marielle Franco.<\/p>\n\n\n\n<p class=\"wp-block-paragraph\">\u00c9 muito sintom\u00e1tico Queiroz estar embiocado em uma casa de propriedade de uma das partes envolvidas na investiga\u00e7\u00e3o, neste caso o cl\u00e3 do Presidente da Rep\u00fablica. Esta atitude evidencia a tentativa de controlar e n\u00e3o deixar que o Queiroz fa\u00e7a algum movimento indesej\u00e1vel, que delate os envolvidos nos crimes das rachadinhas, entre outros. Na pior das hip\u00f3teses, obstru\u00e7\u00e3o de justi\u00e7a.<\/p>\n\n\n\n<p class=\"wp-block-paragraph\">&#8220;Os telefones celulares apreendidos com Queiroz poder\u00e3o trazer revela\u00e7\u00f5es ainda mais comprometedoras para a organiza\u00e7\u00e3o criminosa investigada pelo MP\/RJ. A continuidade de Bolsonaro na presid\u00eancia do Brasil ficou ainda mais insustent\u00e1vel&#8221;, avalia Jeferson Miola do<a href=\"https:\/\/www.brasil247.com\/blog\/ficou-obvio-que-bolsonaro-escondia-e-protegia-queiroz\"> Brasil247.<\/a><\/p>\n\n\n\n<p class=\"wp-block-paragraph\">Enquanto isso o Pa\u00eds segue em plena pandemia, sem Ministro da Sa\u00fade, sem um projeto para recuperar a economia e sem Ministro da Educa\u00e7\u00e3o se \u00e9 que existia um.<\/p>\n\n\n\n<p class=\"wp-block-paragraph\">Este \u00e9 o saldo do voto mal dado nas \u00faltimas elei\u00e7\u00f5es e pela covardia dos omissos.<\/p>\n\n\n\n<p class=\"wp-block-paragraph\"><strong>Alberto Peixoto, Escritor<\/strong><\/p>\n","protected":false},"excerpt":{"rendered":"<p>Conforme as cren\u00e7as crist\u00e3s, Anjos da Guarda s\u00e3o seres divinos enviados por Deus, quando nascemos, para nos proteger durante todo tempo que passarmos encarnados. Segundo as \u00faltimas not\u00edcias veiculadas pela m\u00eddia, o advogado da \u201cfamiglia Bolsonaro\u201d, Frederick Wassef, foi enviado &hellip; <a href=\"https:\/\/www.albertopeixoto.com.br\/blog\/2020\/06\/18\/operacao-anjo-caido-por-alberto-peixoto\/\">Continue reading <span class=\"meta-nav\">&rarr;<\/span><\/a><\/p>\n","protected":false},"author":2,"featured_media":0,"comment_status":"open","ping_status":"open","sticky":false,"template":"","format":"standard","meta":{"footnotes":""},"categories":[1],"tags":[],"class_list":["post-2141","post","type-post","status-publish","format-standard","hentry","category-sem-categoria"],"yoast_head":"<!-- This site is optimized with the Yoast SEO plugin v28.3 - https:\/\/yoast.com\/product\/yoast-seo-wordpress\/ -->\n<title>Opera\u00e7\u00e3o Anjo Ca\u00eddo\/Por Alberto Peixoto* - Alberto Peixoto<\/title>\n<meta name=\"robots\" content=\"index, follow, max-snippet:-1, max-image-preview:large, max-video-preview:-1\" \/>\n<link rel=\"canonical\" href=\"https:\/\/www.albertopeixoto.com.br\/blog\/2020\/06\/18\/operacao-anjo-caido-por-alberto-peixoto\/\" \/>\n<meta property=\"og:locale\" content=\"pt_BR\" \/>\n<meta property=\"og:type\" content=\"article\" \/>\n<meta property=\"og:title\" content=\"Opera\u00e7\u00e3o Anjo Ca\u00eddo\/Por Alberto Peixoto* - Alberto Peixoto\" \/>\n<meta property=\"og:description\" content=\"Conforme as cren\u00e7as crist\u00e3s, Anjos da Guarda s\u00e3o seres divinos enviados por Deus, quando nascemos, para nos proteger durante todo tempo que passarmos encarnados. Segundo as \u00faltimas not\u00edcias veiculadas pela m\u00eddia, o advogado da \u201cfamiglia Bolsonaro\u201d, Frederick Wassef, foi enviado &hellip; Continue reading &rarr;\" \/>\n<meta property=\"og:url\" content=\"https:\/\/www.albertopeixoto.com.br\/blog\/2020\/06\/18\/operacao-anjo-caido-por-alberto-peixoto\/\" \/>\n<meta property=\"og:site_name\" content=\"Alberto Peixoto\" \/>\n<meta property=\"article:publisher\" content=\"https:\/\/www.facebook.com\/antonioalberto.oliveirapeixoto\" \/>\n<meta property=\"article:author\" content=\"https:\/\/www.facebook.com\/antonioalberto.oliveirapeixoto\" \/>\n<meta property=\"article:published_time\" content=\"2020-06-18T20:37:25+00:00\" \/>\n<meta property=\"article:modified_time\" content=\"2020-06-19T14:15:49+00:00\" \/>\n<meta property=\"og:image\" content=\"https:\/\/www.albertopeixoto.com.br\/blog\/wp-content\/uploads\/2020\/06\/queiroz-1024x576.jpeg\" \/>\n<meta name=\"author\" content=\"Alberto Peixoto\" \/>\n<meta name=\"twitter:card\" content=\"summary_large_image\" \/>\n<meta name=\"twitter:label1\" content=\"Escrito por\" \/>\n\t<meta name=\"twitter:data1\" content=\"Alberto Peixoto\" \/>\n\t<meta name=\"twitter:label2\" content=\"Est. tempo de leitura\" \/>\n\t<meta name=\"twitter:data2\" content=\"2 minutos\" \/>\n<script type=\"application\/ld+json\" class=\"yoast-schema-graph\">{\"@context\":\"https:\\\/\\\/schema.org\",\"@graph\":[{\"@type\":\"Article\",\"@id\":\"https:\\\/\\\/www.albertopeixoto.com.br\\\/blog\\\/2020\\\/06\\\/18\\\/operacao-anjo-caido-por-alberto-peixoto\\\/#article\",\"isPartOf\":{\"@id\":\"https:\\\/\\\/www.albertopeixoto.com.br\\\/blog\\\/2020\\\/06\\\/18\\\/operacao-anjo-caido-por-alberto-peixoto\\\/\"},\"author\":{\"name\":\"Alberto Peixoto\",\"@id\":\"https:\\\/\\\/www.albertopeixoto.com.br\\\/blog\\\/#\\\/schema\\\/person\\\/7c0ad65e044773b9ace71e4bed27392e\"},\"headline\":\"Opera\u00e7\u00e3o Anjo Ca\u00eddo\\\/Por Alberto Peixoto*\",\"datePublished\":\"2020-06-18T20:37:25+00:00\",\"dateModified\":\"2020-06-19T14:15:49+00:00\",\"mainEntityOfPage\":{\"@id\":\"https:\\\/\\\/www.albertopeixoto.com.br\\\/blog\\\/2020\\\/06\\\/18\\\/operacao-anjo-caido-por-alberto-peixoto\\\/\"},\"wordCount\":363,\"commentCount\":0,\"publisher\":{\"@id\":\"https:\\\/\\\/www.albertopeixoto.com.br\\\/blog\\\/#\\\/schema\\\/person\\\/7c0ad65e044773b9ace71e4bed27392e\"},\"image\":{\"@id\":\"https:\\\/\\\/www.albertopeixoto.com.br\\\/blog\\\/2020\\\/06\\\/18\\\/operacao-anjo-caido-por-alberto-peixoto\\\/#primaryimage\"},\"thumbnailUrl\":\"https:\\\/\\\/www.albertopeixoto.com.br\\\/blog\\\/wp-content\\\/uploads\\\/2020\\\/06\\\/queiroz-1024x576.jpeg\",\"inLanguage\":\"pt-BR\",\"potentialAction\":[{\"@type\":\"CommentAction\",\"name\":\"Comment\",\"target\":[\"https:\\\/\\\/www.albertopeixoto.com.br\\\/blog\\\/2020\\\/06\\\/18\\\/operacao-anjo-caido-por-alberto-peixoto\\\/#respond\"]}]},{\"@type\":\"WebPage\",\"@id\":\"https:\\\/\\\/www.albertopeixoto.com.br\\\/blog\\\/2020\\\/06\\\/18\\\/operacao-anjo-caido-por-alberto-peixoto\\\/\",\"url\":\"https:\\\/\\\/www.albertopeixoto.com.br\\\/blog\\\/2020\\\/06\\\/18\\\/operacao-anjo-caido-por-alberto-peixoto\\\/\",\"name\":\"Opera\u00e7\u00e3o Anjo Ca\u00eddo\\\/Por Alberto Peixoto* - Alberto Peixoto\",\"isPartOf\":{\"@id\":\"https:\\\/\\\/www.albertopeixoto.com.br\\\/blog\\\/#website\"},\"primaryImageOfPage\":{\"@id\":\"https:\\\/\\\/www.albertopeixoto.com.br\\\/blog\\\/2020\\\/06\\\/18\\\/operacao-anjo-caido-por-alberto-peixoto\\\/#primaryimage\"},\"image\":{\"@id\":\"https:\\\/\\\/www.albertopeixoto.com.br\\\/blog\\\/2020\\\/06\\\/18\\\/operacao-anjo-caido-por-alberto-peixoto\\\/#primaryimage\"},\"thumbnailUrl\":\"https:\\\/\\\/www.albertopeixoto.com.br\\\/blog\\\/wp-content\\\/uploads\\\/2020\\\/06\\\/queiroz-1024x576.jpeg\",\"datePublished\":\"2020-06-18T20:37:25+00:00\",\"dateModified\":\"2020-06-19T14:15:49+00:00\",\"breadcrumb\":{\"@id\":\"https:\\\/\\\/www.albertopeixoto.com.br\\\/blog\\\/2020\\\/06\\\/18\\\/operacao-anjo-caido-por-alberto-peixoto\\\/#breadcrumb\"},\"inLanguage\":\"pt-BR\",\"potentialAction\":[{\"@type\":\"ReadAction\",\"target\":[\"https:\\\/\\\/www.albertopeixoto.com.br\\\/blog\\\/2020\\\/06\\\/18\\\/operacao-anjo-caido-por-alberto-peixoto\\\/\"]}]},{\"@type\":\"ImageObject\",\"inLanguage\":\"pt-BR\",\"@id\":\"https:\\\/\\\/www.albertopeixoto.com.br\\\/blog\\\/2020\\\/06\\\/18\\\/operacao-anjo-caido-por-alberto-peixoto\\\/#primaryimage\",\"url\":\"https:\\\/\\\/www.albertopeixoto.com.br\\\/blog\\\/wp-content\\\/uploads\\\/2020\\\/06\\\/queiroz.jpeg\",\"contentUrl\":\"https:\\\/\\\/www.albertopeixoto.com.br\\\/blog\\\/wp-content\\\/uploads\\\/2020\\\/06\\\/queiroz.jpeg\",\"width\":1152,\"height\":648},{\"@type\":\"BreadcrumbList\",\"@id\":\"https:\\\/\\\/www.albertopeixoto.com.br\\\/blog\\\/2020\\\/06\\\/18\\\/operacao-anjo-caido-por-alberto-peixoto\\\/#breadcrumb\",\"itemListElement\":[{\"@type\":\"ListItem\",\"position\":1,\"name\":\"In\u00edcio\",\"item\":\"https:\\\/\\\/www.albertopeixoto.com.br\\\/blog\\\/\"},{\"@type\":\"ListItem\",\"position\":2,\"name\":\"Opera\u00e7\u00e3o Anjo Ca\u00eddo\\\/Por Alberto Peixoto*\"}]},{\"@type\":\"WebSite\",\"@id\":\"https:\\\/\\\/www.albertopeixoto.com.br\\\/blog\\\/#website\",\"url\":\"https:\\\/\\\/www.albertopeixoto.com.br\\\/blog\\\/\",\"name\":\"Alberto Peixoto\",\"description\":\"Site do escritor feirense Alberto Peixoto\",\"publisher\":{\"@id\":\"https:\\\/\\\/www.albertopeixoto.com.br\\\/blog\\\/#\\\/schema\\\/person\\\/7c0ad65e044773b9ace71e4bed27392e\"},\"potentialAction\":[{\"@type\":\"SearchAction\",\"target\":{\"@type\":\"EntryPoint\",\"urlTemplate\":\"https:\\\/\\\/www.albertopeixoto.com.br\\\/blog\\\/?s={search_term_string}\"},\"query-input\":{\"@type\":\"PropertyValueSpecification\",\"valueRequired\":true,\"valueName\":\"search_term_string\"}}],\"inLanguage\":\"pt-BR\"},{\"@type\":[\"Person\",\"Organization\"],\"@id\":\"https:\\\/\\\/www.albertopeixoto.com.br\\\/blog\\\/#\\\/schema\\\/person\\\/7c0ad65e044773b9ace71e4bed27392e\",\"name\":\"Alberto Peixoto\",\"image\":{\"@type\":\"ImageObject\",\"inLanguage\":\"pt-BR\",\"@id\":\"https:\\\/\\\/secure.gravatar.com\\\/avatar\\\/56073ba688fdc11029c75ad4a19a7d0404f80a73249f4fb56c9c021b86beab08?s=96&d=mm&r=g\",\"url\":\"https:\\\/\\\/secure.gravatar.com\\\/avatar\\\/56073ba688fdc11029c75ad4a19a7d0404f80a73249f4fb56c9c021b86beab08?s=96&d=mm&r=g\",\"contentUrl\":\"https:\\\/\\\/secure.gravatar.com\\\/avatar\\\/56073ba688fdc11029c75ad4a19a7d0404f80a73249f4fb56c9c021b86beab08?s=96&d=mm&r=g\",\"caption\":\"Alberto Peixoto\"},\"logo\":{\"@id\":\"https:\\\/\\\/secure.gravatar.com\\\/avatar\\\/56073ba688fdc11029c75ad4a19a7d0404f80a73249f4fb56c9c021b86beab08?s=96&d=mm&r=g\"},\"sameAs\":[\"https:\\\/\\\/www.albertopeixoto.com.br\\\/\",\"https:\\\/\\\/www.facebook.com\\\/antonioalberto.oliveirapeixoto\"],\"url\":\"https:\\\/\\\/www.albertopeixoto.com.br\\\/blog\\\/author\\\/apeixoto\\\/\"}]}<\/script>\n<!-- \/ Yoast SEO plugin. -->","yoast_head_json":{"title":"Opera\u00e7\u00e3o Anjo Ca\u00eddo\/Por Alberto Peixoto* - Alberto Peixoto","robots":{"index":"index","follow":"follow","max-snippet":"max-snippet:-1","max-image-preview":"max-image-preview:large","max-video-preview":"max-video-preview:-1"},"canonical":"https:\/\/www.albertopeixoto.com.br\/blog\/2020\/06\/18\/operacao-anjo-caido-por-alberto-peixoto\/","og_locale":"pt_BR","og_type":"article","og_title":"Opera\u00e7\u00e3o Anjo Ca\u00eddo\/Por Alberto Peixoto* - Alberto Peixoto","og_description":"Conforme as cren\u00e7as crist\u00e3s, Anjos da Guarda s\u00e3o seres divinos enviados por Deus, quando nascemos, para nos proteger durante todo tempo que passarmos encarnados. Segundo as \u00faltimas not\u00edcias veiculadas pela m\u00eddia, o advogado da \u201cfamiglia Bolsonaro\u201d, Frederick Wassef, foi enviado &hellip; Continue reading &rarr;","og_url":"https:\/\/www.albertopeixoto.com.br\/blog\/2020\/06\/18\/operacao-anjo-caido-por-alberto-peixoto\/","og_site_name":"Alberto Peixoto","article_publisher":"https:\/\/www.facebook.com\/antonioalberto.oliveirapeixoto","article_author":"https:\/\/www.facebook.com\/antonioalberto.oliveirapeixoto","article_published_time":"2020-06-18T20:37:25+00:00","article_modified_time":"2020-06-19T14:15:49+00:00","og_image":[{"url":"https:\/\/www.albertopeixoto.com.br\/blog\/wp-content\/uploads\/2020\/06\/queiroz-1024x576.jpeg","type":"","width":"","height":""}],"author":"Alberto Peixoto","twitter_card":"summary_large_image","twitter_misc":{"Escrito por":"Alberto Peixoto","Est. tempo de leitura":"2 minutos"},"schema":{"@context":"https:\/\/schema.org","@graph":[{"@type":"Article","@id":"https:\/\/www.albertopeixoto.com.br\/blog\/2020\/06\/18\/operacao-anjo-caido-por-alberto-peixoto\/#article","isPartOf":{"@id":"https:\/\/www.albertopeixoto.com.br\/blog\/2020\/06\/18\/operacao-anjo-caido-por-alberto-peixoto\/"},"author":{"name":"Alberto Peixoto","@id":"https:\/\/www.albertopeixoto.com.br\/blog\/#\/schema\/person\/7c0ad65e044773b9ace71e4bed27392e"},"headline":"Opera\u00e7\u00e3o Anjo Ca\u00eddo\/Por Alberto Peixoto*","datePublished":"2020-06-18T20:37:25+00:00","dateModified":"2020-06-19T14:15:49+00:00","mainEntityOfPage":{"@id":"https:\/\/www.albertopeixoto.com.br\/blog\/2020\/06\/18\/operacao-anjo-caido-por-alberto-peixoto\/"},"wordCount":363,"commentCount":0,"publisher":{"@id":"https:\/\/www.albertopeixoto.com.br\/blog\/#\/schema\/person\/7c0ad65e044773b9ace71e4bed27392e"},"image":{"@id":"https:\/\/www.albertopeixoto.com.br\/blog\/2020\/06\/18\/operacao-anjo-caido-por-alberto-peixoto\/#primaryimage"},"thumbnailUrl":"https:\/\/www.albertopeixoto.com.br\/blog\/wp-content\/uploads\/2020\/06\/queiroz-1024x576.jpeg","inLanguage":"pt-BR","potentialAction":[{"@type":"CommentAction","name":"Comment","target":["https:\/\/www.albertopeixoto.com.br\/blog\/2020\/06\/18\/operacao-anjo-caido-por-alberto-peixoto\/#respond"]}]},{"@type":"WebPage","@id":"https:\/\/www.albertopeixoto.com.br\/blog\/2020\/06\/18\/operacao-anjo-caido-por-alberto-peixoto\/","url":"https:\/\/www.albertopeixoto.com.br\/blog\/2020\/06\/18\/operacao-anjo-caido-por-alberto-peixoto\/","name":"Opera\u00e7\u00e3o Anjo Ca\u00eddo\/Por Alberto Peixoto* - Alberto Peixoto","isPartOf":{"@id":"https:\/\/www.albertopeixoto.com.br\/blog\/#website"},"primaryImageOfPage":{"@id":"https:\/\/www.albertopeixoto.com.br\/blog\/2020\/06\/18\/operacao-anjo-caido-por-alberto-peixoto\/#primaryimage"},"image":{"@id":"https:\/\/www.albertopeixoto.com.br\/blog\/2020\/06\/18\/operacao-anjo-caido-por-alberto-peixoto\/#primaryimage"},"thumbnailUrl":"https:\/\/www.albertopeixoto.com.br\/blog\/wp-content\/uploads\/2020\/06\/queiroz-1024x576.jpeg","datePublished":"2020-06-18T20:37:25+00:00","dateModified":"2020-06-19T14:15:49+00:00","breadcrumb":{"@id":"https:\/\/www.albertopeixoto.com.br\/blog\/2020\/06\/18\/operacao-anjo-caido-por-alberto-peixoto\/#breadcrumb"},"inLanguage":"pt-BR","potentialAction":[{"@type":"ReadAction","target":["https:\/\/www.albertopeixoto.com.br\/blog\/2020\/06\/18\/operacao-anjo-caido-por-alberto-peixoto\/"]}]},{"@type":"ImageObject","inLanguage":"pt-BR","@id":"https:\/\/www.albertopeixoto.com.br\/blog\/2020\/06\/18\/operacao-anjo-caido-por-alberto-peixoto\/#primaryimage","url":"https:\/\/www.albertopeixoto.com.br\/blog\/wp-content\/uploads\/2020\/06\/queiroz.jpeg","contentUrl":"https:\/\/www.albertopeixoto.com.br\/blog\/wp-content\/uploads\/2020\/06\/queiroz.jpeg","width":1152,"height":648},{"@type":"BreadcrumbList","@id":"https:\/\/www.albertopeixoto.com.br\/blog\/2020\/06\/18\/operacao-anjo-caido-por-alberto-peixoto\/#breadcrumb","itemListElement":[{"@type":"ListItem","position":1,"name":"In\u00edcio","item":"https:\/\/www.albertopeixoto.com.br\/blog\/"},{"@type":"ListItem","position":2,"name":"Opera\u00e7\u00e3o Anjo Ca\u00eddo\/Por Alberto Peixoto*"}]},{"@type":"WebSite","@id":"https:\/\/www.albertopeixoto.com.br\/blog\/#website","url":"https:\/\/www.albertopeixoto.com.br\/blog\/","name":"Alberto Peixoto","description":"Site do escritor feirense Alberto Peixoto","publisher":{"@id":"https:\/\/www.albertopeixoto.com.br\/blog\/#\/schema\/person\/7c0ad65e044773b9ace71e4bed27392e"},"potentialAction":[{"@type":"SearchAction","target":{"@type":"EntryPoint","urlTemplate":"https:\/\/www.albertopeixoto.com.br\/blog\/?s={search_term_string}"},"query-input":{"@type":"PropertyValueSpecification","valueRequired":true,"valueName":"search_term_string"}}],"inLanguage":"pt-BR"},{"@type":["Person","Organization"],"@id":"https:\/\/www.albertopeixoto.com.br\/blog\/#\/schema\/person\/7c0ad65e044773b9ace71e4bed27392e","name":"Alberto Peixoto","image":{"@type":"ImageObject","inLanguage":"pt-BR","@id":"https:\/\/secure.gravatar.com\/avatar\/56073ba688fdc11029c75ad4a19a7d0404f80a73249f4fb56c9c021b86beab08?s=96&d=mm&r=g","url":"https:\/\/secure.gravatar.com\/avatar\/56073ba688fdc11029c75ad4a19a7d0404f80a73249f4fb56c9c021b86beab08?s=96&d=mm&r=g","contentUrl":"https:\/\/secure.gravatar.com\/avatar\/56073ba688fdc11029c75ad4a19a7d0404f80a73249f4fb56c9c021b86beab08?s=96&d=mm&r=g","caption":"Alberto Peixoto"},"logo":{"@id":"https:\/\/secure.gravatar.com\/avatar\/56073ba688fdc11029c75ad4a19a7d0404f80a73249f4fb56c9c021b86beab08?s=96&d=mm&r=g"},"sameAs":["https:\/\/www.albertopeixoto.com.br\/","https:\/\/www.facebook.com\/antonioalberto.oliveirapeixoto"],"url":"https:\/\/www.albertopeixoto.com.br\/blog\/author\/apeixoto\/"}]}},"_links":{"self":[{"href":"https:\/\/www.albertopeixoto.com.br\/blog\/wp-json\/wp\/v2\/posts\/2141","targetHints":{"allow":["GET"]}}],"collection":[{"href":"https:\/\/www.albertopeixoto.com.br\/blog\/wp-json\/wp\/v2\/posts"}],"about":[{"href":"https:\/\/www.albertopeixoto.com.br\/blog\/wp-json\/wp\/v2\/types\/post"}],"author":[{"embeddable":true,"href":"https:\/\/www.albertopeixoto.com.br\/blog\/wp-json\/wp\/v2\/users\/2"}],"replies":[{"embeddable":true,"href":"https:\/\/www.albertopeixoto.com.br\/blog\/wp-json\/wp\/v2\/comments?post=2141"}],"version-history":[{"count":4,"href":"https:\/\/www.albertopeixoto.com.br\/blog\/wp-json\/wp\/v2\/posts\/2141\/revisions"}],"predecessor-version":[{"id":2151,"href":"https:\/\/www.albertopeixoto.com.br\/blog\/wp-json\/wp\/v2\/posts\/2141\/revisions\/2151"}],"wp:attachment":[{"href":"https:\/\/www.albertopeixoto.com.br\/blog\/wp-json\/wp\/v2\/media?parent=2141"}],"wp:term":[{"taxonomy":"category","embeddable":true,"href":"https:\/\/www.albertopeixoto.com.br\/blog\/wp-json\/wp\/v2\/categories?post=2141"},{"taxonomy":"post_tag","embeddable":true,"href":"https:\/\/www.albertopeixoto.com.br\/blog\/wp-json\/wp\/v2\/tags?post=2141"}],"curies":[{"name":"wp","href":"https:\/\/api.w.org\/{rel}","templated":true}]}}