{"id":2138,"date":"2020-06-18T10:12:43","date_gmt":"2020-06-18T13:12:43","guid":{"rendered":"https:\/\/www.albertopeixoto.com.br\/blog\/?p=2138"},"modified":"2020-06-18T10:12:47","modified_gmt":"2020-06-18T13:12:47","slug":"queiroz-deixa-de-contemplar-o-astro-rei-em-sua-forma-original-e-passa-a-ver-o-sol-nascer-quadrado-por-sergio-jones","status":"publish","type":"post","link":"https:\/\/www.albertopeixoto.com.br\/blog\/2020\/06\/18\/queiroz-deixa-de-contemplar-o-astro-rei-em-sua-forma-original-e-passa-a-ver-o-sol-nascer-quadrado-por-sergio-jones\/","title":{"rendered":"Queiroz deixa de contemplar o astro rei em sua forma original e passa a ver o sol nascer quadrado\/ Por S\u00e9rgio Jones*"},"content":{"rendered":"\n<figure class=\"wp-block-image size-large is-resized\"><img loading=\"lazy\" decoding=\"async\" src=\"https:\/\/www.albertopeixoto.com.br\/blog\/wp-content\/uploads\/2020\/06\/Queiroz.jpg\" alt=\"\" class=\"wp-image-2139\" width=\"601\" height=\"414\" srcset=\"https:\/\/www.albertopeixoto.com.br\/blog\/wp-content\/uploads\/2020\/06\/Queiroz.jpg 870w, https:\/\/www.albertopeixoto.com.br\/blog\/wp-content\/uploads\/2020\/06\/Queiroz-300x207.jpg 300w, https:\/\/www.albertopeixoto.com.br\/blog\/wp-content\/uploads\/2020\/06\/Queiroz-768x530.jpg 768w\" sizes=\"auto, (max-width: 601px) 100vw, 601px\" \/><figcaption><strong>Por que o Queiroz estava escondido?<br><a href=\"https:\/\/horadopovo.com.br\/fux-suspende-investigacoes-sobre-queiroz-a-pedido-de-flavio-bolsonaro\/\">FOTO: Hora do Povo<\/a><\/strong><\/figcaption><\/figure>\n\n\n\n<p class=\"wp-block-paragraph\">O cerco est\u00e1 se fechando sobre a turma verde e amarelo, a bola da vez, nesse momento foi o coordenador das \u2018rachadinhas Fabr\u00edcio Queiroz.<\/p>\n\n\n\n<p class=\"wp-block-paragraph\">Preso em Atibaia, interior de S\u00e3o Paulo, para variar, ele n\u00e3o se encontrava homiziado no s\u00edtio do Lula. Mas na resid\u00eancia que pertence a Frederik Wassef, advogado da fam\u00edlia do presidente Jair Bolsonaro. A pris\u00e3o do degenerado ex-assessor do n\u00e3o menos celerado Fl\u00e1vio Bolsonaro, atualmente senador, ocorreu na manh\u00e3 de hoje, quinta-feira (18).<\/p>\n\n\n\n<p class=\"wp-block-paragraph\">A a\u00e7\u00e3o articulada faz parte da denominada Opera\u00e7\u00e3o Anjo, relacionada ao inqu\u00e9rito que investiga servidores da Assembleia Legislativa do Rio de Janeiro, oportunidade em que a gangue agia fazendo com que os servidores devolvessem parte de seus vencimentos, pr\u00e1tica conhecida como a famosa \u2018rachadinha\u2019.<\/p>\n\n\n\n<p class=\"wp-block-paragraph\">O nome do meliante sacramentado, Fabr\u00edcio Queiroz, conta em relat\u00f3rio do Conselho de Controle Financeiro (Coaf), no qual evidencia movimenta\u00e7\u00e3o suspeita no valor superior a R$1,2 milh\u00e3o, encontrado na conta do mesmo.<\/p>\n\n\n\n<p class=\"wp-block-paragraph\">A opera\u00e7\u00e3o se estendeu a outros suspeitos de participarem da gangue: servidor Matheus Azeredo Coutinho, ex \u2013 funcion\u00e1rias Luiza Paes Souza e Alessandra Esteve Marins, al\u00e9m do advogado Lu\u00eds Gustavo Botto Maia.<\/p>\n\n\n\n<p class=\"wp-block-paragraph\">O que se evidencia em toda essa trama s\u00f3rdida \u00e9 que ao esconder Queiroz em sua pr\u00f3pria resid\u00eancia, Wassef deixa transparecer que se utilizou de uma estrat\u00e9gia de defesa de Fl\u00e1vio Bolsonaro, investigado por lavagem de dinheiro e pr\u00e1tica de forma\u00e7\u00e3o de quadrilha, pouco ou nada convencional. A mesma vai muito al\u00e9m das quest\u00f5es puramente jur\u00eddicas.<\/p>\n\n\n\n<p class=\"wp-block-paragraph\"><strong>S\u00e9rgio Jones, jornalista (sergiojones@live.com)<\/strong><\/p>\n","protected":false},"excerpt":{"rendered":"<p>O cerco est\u00e1 se fechando sobre a turma verde e amarelo, a bola da vez, nesse momento foi o coordenador das \u2018rachadinhas Fabr\u00edcio Queiroz. Preso em Atibaia, interior de S\u00e3o Paulo, para variar, ele n\u00e3o se encontrava homiziado no s\u00edtio &hellip; <a href=\"https:\/\/www.albertopeixoto.com.br\/blog\/2020\/06\/18\/queiroz-deixa-de-contemplar-o-astro-rei-em-sua-forma-original-e-passa-a-ver-o-sol-nascer-quadrado-por-sergio-jones\/\">Continue reading <span class=\"meta-nav\">&rarr;<\/span><\/a><\/p>\n","protected":false},"author":2,"featured_media":0,"comment_status":"open","ping_status":"open","sticky":false,"template":"","format":"standard","meta":{"footnotes":""},"categories":[1],"tags":[],"class_list":["post-2138","post","type-post","status-publish","format-standard","hentry","category-sem-categoria"],"yoast_head":"<!-- This site is optimized with the Yoast SEO plugin v28.3 - https:\/\/yoast.com\/product\/yoast-seo-wordpress\/ -->\n<title>Queiroz deixa de contemplar o astro rei em sua forma original e passa a ver o sol nascer quadrado\/ Por S\u00e9rgio Jones* - Alberto Peixoto<\/title>\n<meta name=\"robots\" content=\"index, follow, max-snippet:-1, max-image-preview:large, max-video-preview:-1\" \/>\n<link rel=\"canonical\" href=\"https:\/\/www.albertopeixoto.com.br\/blog\/2020\/06\/18\/queiroz-deixa-de-contemplar-o-astro-rei-em-sua-forma-original-e-passa-a-ver-o-sol-nascer-quadrado-por-sergio-jones\/\" \/>\n<meta property=\"og:locale\" content=\"pt_BR\" \/>\n<meta property=\"og:type\" content=\"article\" \/>\n<meta property=\"og:title\" content=\"Queiroz deixa de contemplar o astro rei em sua forma original e passa a ver o sol nascer quadrado\/ Por S\u00e9rgio Jones* - Alberto Peixoto\" \/>\n<meta property=\"og:description\" content=\"O cerco est\u00e1 se fechando sobre a turma verde e amarelo, a bola da vez, nesse momento foi o coordenador das \u2018rachadinhas Fabr\u00edcio Queiroz. Preso em Atibaia, interior de S\u00e3o Paulo, para variar, ele n\u00e3o se encontrava homiziado no s\u00edtio &hellip; Continue reading &rarr;\" \/>\n<meta property=\"og:url\" content=\"https:\/\/www.albertopeixoto.com.br\/blog\/2020\/06\/18\/queiroz-deixa-de-contemplar-o-astro-rei-em-sua-forma-original-e-passa-a-ver-o-sol-nascer-quadrado-por-sergio-jones\/\" \/>\n<meta property=\"og:site_name\" content=\"Alberto Peixoto\" \/>\n<meta property=\"article:publisher\" content=\"https:\/\/www.facebook.com\/antonioalberto.oliveirapeixoto\" \/>\n<meta property=\"article:author\" content=\"https:\/\/www.facebook.com\/antonioalberto.oliveirapeixoto\" \/>\n<meta property=\"article:published_time\" content=\"2020-06-18T13:12:43+00:00\" \/>\n<meta property=\"article:modified_time\" content=\"2020-06-18T13:12:47+00:00\" \/>\n<meta property=\"og:image\" content=\"https:\/\/www.albertopeixoto.com.br\/blog\/wp-content\/uploads\/2020\/06\/Queiroz.jpg\" \/>\n<meta name=\"author\" content=\"Alberto Peixoto\" \/>\n<meta name=\"twitter:card\" content=\"summary_large_image\" \/>\n<meta name=\"twitter:label1\" content=\"Escrito por\" \/>\n\t<meta name=\"twitter:data1\" content=\"Alberto Peixoto\" \/>\n\t<meta name=\"twitter:label2\" content=\"Est. tempo de leitura\" \/>\n\t<meta name=\"twitter:data2\" content=\"1 minuto\" \/>\n<script type=\"application\/ld+json\" class=\"yoast-schema-graph\">{\"@context\":\"https:\\\/\\\/schema.org\",\"@graph\":[{\"@type\":\"Article\",\"@id\":\"https:\\\/\\\/www.albertopeixoto.com.br\\\/blog\\\/2020\\\/06\\\/18\\\/queiroz-deixa-de-contemplar-o-astro-rei-em-sua-forma-original-e-passa-a-ver-o-sol-nascer-quadrado-por-sergio-jones\\\/#article\",\"isPartOf\":{\"@id\":\"https:\\\/\\\/www.albertopeixoto.com.br\\\/blog\\\/2020\\\/06\\\/18\\\/queiroz-deixa-de-contemplar-o-astro-rei-em-sua-forma-original-e-passa-a-ver-o-sol-nascer-quadrado-por-sergio-jones\\\/\"},\"author\":{\"name\":\"Alberto Peixoto\",\"@id\":\"https:\\\/\\\/www.albertopeixoto.com.br\\\/blog\\\/#\\\/schema\\\/person\\\/7c0ad65e044773b9ace71e4bed27392e\"},\"headline\":\"Queiroz deixa de contemplar o astro rei em sua forma original e passa a ver o sol nascer quadrado\\\/ Por S\u00e9rgio Jones*\",\"datePublished\":\"2020-06-18T13:12:43+00:00\",\"dateModified\":\"2020-06-18T13:12:47+00:00\",\"mainEntityOfPage\":{\"@id\":\"https:\\\/\\\/www.albertopeixoto.com.br\\\/blog\\\/2020\\\/06\\\/18\\\/queiroz-deixa-de-contemplar-o-astro-rei-em-sua-forma-original-e-passa-a-ver-o-sol-nascer-quadrado-por-sergio-jones\\\/\"},\"wordCount\":309,\"commentCount\":0,\"publisher\":{\"@id\":\"https:\\\/\\\/www.albertopeixoto.com.br\\\/blog\\\/#\\\/schema\\\/person\\\/7c0ad65e044773b9ace71e4bed27392e\"},\"image\":{\"@id\":\"https:\\\/\\\/www.albertopeixoto.com.br\\\/blog\\\/2020\\\/06\\\/18\\\/queiroz-deixa-de-contemplar-o-astro-rei-em-sua-forma-original-e-passa-a-ver-o-sol-nascer-quadrado-por-sergio-jones\\\/#primaryimage\"},\"thumbnailUrl\":\"https:\\\/\\\/www.albertopeixoto.com.br\\\/blog\\\/wp-content\\\/uploads\\\/2020\\\/06\\\/Queiroz.jpg\",\"inLanguage\":\"pt-BR\",\"potentialAction\":[{\"@type\":\"CommentAction\",\"name\":\"Comment\",\"target\":[\"https:\\\/\\\/www.albertopeixoto.com.br\\\/blog\\\/2020\\\/06\\\/18\\\/queiroz-deixa-de-contemplar-o-astro-rei-em-sua-forma-original-e-passa-a-ver-o-sol-nascer-quadrado-por-sergio-jones\\\/#respond\"]}]},{\"@type\":\"WebPage\",\"@id\":\"https:\\\/\\\/www.albertopeixoto.com.br\\\/blog\\\/2020\\\/06\\\/18\\\/queiroz-deixa-de-contemplar-o-astro-rei-em-sua-forma-original-e-passa-a-ver-o-sol-nascer-quadrado-por-sergio-jones\\\/\",\"url\":\"https:\\\/\\\/www.albertopeixoto.com.br\\\/blog\\\/2020\\\/06\\\/18\\\/queiroz-deixa-de-contemplar-o-astro-rei-em-sua-forma-original-e-passa-a-ver-o-sol-nascer-quadrado-por-sergio-jones\\\/\",\"name\":\"Queiroz deixa de contemplar o astro rei em sua forma original e passa a ver o sol nascer quadrado\\\/ Por S\u00e9rgio Jones* - Alberto Peixoto\",\"isPartOf\":{\"@id\":\"https:\\\/\\\/www.albertopeixoto.com.br\\\/blog\\\/#website\"},\"primaryImageOfPage\":{\"@id\":\"https:\\\/\\\/www.albertopeixoto.com.br\\\/blog\\\/2020\\\/06\\\/18\\\/queiroz-deixa-de-contemplar-o-astro-rei-em-sua-forma-original-e-passa-a-ver-o-sol-nascer-quadrado-por-sergio-jones\\\/#primaryimage\"},\"image\":{\"@id\":\"https:\\\/\\\/www.albertopeixoto.com.br\\\/blog\\\/2020\\\/06\\\/18\\\/queiroz-deixa-de-contemplar-o-astro-rei-em-sua-forma-original-e-passa-a-ver-o-sol-nascer-quadrado-por-sergio-jones\\\/#primaryimage\"},\"thumbnailUrl\":\"https:\\\/\\\/www.albertopeixoto.com.br\\\/blog\\\/wp-content\\\/uploads\\\/2020\\\/06\\\/Queiroz.jpg\",\"datePublished\":\"2020-06-18T13:12:43+00:00\",\"dateModified\":\"2020-06-18T13:12:47+00:00\",\"breadcrumb\":{\"@id\":\"https:\\\/\\\/www.albertopeixoto.com.br\\\/blog\\\/2020\\\/06\\\/18\\\/queiroz-deixa-de-contemplar-o-astro-rei-em-sua-forma-original-e-passa-a-ver-o-sol-nascer-quadrado-por-sergio-jones\\\/#breadcrumb\"},\"inLanguage\":\"pt-BR\",\"potentialAction\":[{\"@type\":\"ReadAction\",\"target\":[\"https:\\\/\\\/www.albertopeixoto.com.br\\\/blog\\\/2020\\\/06\\\/18\\\/queiroz-deixa-de-contemplar-o-astro-rei-em-sua-forma-original-e-passa-a-ver-o-sol-nascer-quadrado-por-sergio-jones\\\/\"]}]},{\"@type\":\"ImageObject\",\"inLanguage\":\"pt-BR\",\"@id\":\"https:\\\/\\\/www.albertopeixoto.com.br\\\/blog\\\/2020\\\/06\\\/18\\\/queiroz-deixa-de-contemplar-o-astro-rei-em-sua-forma-original-e-passa-a-ver-o-sol-nascer-quadrado-por-sergio-jones\\\/#primaryimage\",\"url\":\"https:\\\/\\\/www.albertopeixoto.com.br\\\/blog\\\/wp-content\\\/uploads\\\/2020\\\/06\\\/Queiroz.jpg\",\"contentUrl\":\"https:\\\/\\\/www.albertopeixoto.com.br\\\/blog\\\/wp-content\\\/uploads\\\/2020\\\/06\\\/Queiroz.jpg\",\"width\":870,\"height\":600},{\"@type\":\"BreadcrumbList\",\"@id\":\"https:\\\/\\\/www.albertopeixoto.com.br\\\/blog\\\/2020\\\/06\\\/18\\\/queiroz-deixa-de-contemplar-o-astro-rei-em-sua-forma-original-e-passa-a-ver-o-sol-nascer-quadrado-por-sergio-jones\\\/#breadcrumb\",\"itemListElement\":[{\"@type\":\"ListItem\",\"position\":1,\"name\":\"In\u00edcio\",\"item\":\"https:\\\/\\\/www.albertopeixoto.com.br\\\/blog\\\/\"},{\"@type\":\"ListItem\",\"position\":2,\"name\":\"Queiroz deixa de contemplar o astro rei em sua forma original e passa a ver o sol nascer quadrado\\\/ Por S\u00e9rgio Jones*\"}]},{\"@type\":\"WebSite\",\"@id\":\"https:\\\/\\\/www.albertopeixoto.com.br\\\/blog\\\/#website\",\"url\":\"https:\\\/\\\/www.albertopeixoto.com.br\\\/blog\\\/\",\"name\":\"Alberto Peixoto\",\"description\":\"Site do escritor feirense Alberto Peixoto\",\"publisher\":{\"@id\":\"https:\\\/\\\/www.albertopeixoto.com.br\\\/blog\\\/#\\\/schema\\\/person\\\/7c0ad65e044773b9ace71e4bed27392e\"},\"potentialAction\":[{\"@type\":\"SearchAction\",\"target\":{\"@type\":\"EntryPoint\",\"urlTemplate\":\"https:\\\/\\\/www.albertopeixoto.com.br\\\/blog\\\/?s={search_term_string}\"},\"query-input\":{\"@type\":\"PropertyValueSpecification\",\"valueRequired\":true,\"valueName\":\"search_term_string\"}}],\"inLanguage\":\"pt-BR\"},{\"@type\":[\"Person\",\"Organization\"],\"@id\":\"https:\\\/\\\/www.albertopeixoto.com.br\\\/blog\\\/#\\\/schema\\\/person\\\/7c0ad65e044773b9ace71e4bed27392e\",\"name\":\"Alberto Peixoto\",\"image\":{\"@type\":\"ImageObject\",\"inLanguage\":\"pt-BR\",\"@id\":\"https:\\\/\\\/secure.gravatar.com\\\/avatar\\\/56073ba688fdc11029c75ad4a19a7d0404f80a73249f4fb56c9c021b86beab08?s=96&d=mm&r=g\",\"url\":\"https:\\\/\\\/secure.gravatar.com\\\/avatar\\\/56073ba688fdc11029c75ad4a19a7d0404f80a73249f4fb56c9c021b86beab08?s=96&d=mm&r=g\",\"contentUrl\":\"https:\\\/\\\/secure.gravatar.com\\\/avatar\\\/56073ba688fdc11029c75ad4a19a7d0404f80a73249f4fb56c9c021b86beab08?s=96&d=mm&r=g\",\"caption\":\"Alberto Peixoto\"},\"logo\":{\"@id\":\"https:\\\/\\\/secure.gravatar.com\\\/avatar\\\/56073ba688fdc11029c75ad4a19a7d0404f80a73249f4fb56c9c021b86beab08?s=96&d=mm&r=g\"},\"sameAs\":[\"https:\\\/\\\/www.albertopeixoto.com.br\\\/\",\"https:\\\/\\\/www.facebook.com\\\/antonioalberto.oliveirapeixoto\"],\"url\":\"https:\\\/\\\/www.albertopeixoto.com.br\\\/blog\\\/author\\\/apeixoto\\\/\"}]}<\/script>\n<!-- \/ Yoast SEO plugin. -->","yoast_head_json":{"title":"Queiroz deixa de contemplar o astro rei em sua forma original e passa a ver o sol nascer quadrado\/ Por S\u00e9rgio Jones* - Alberto Peixoto","robots":{"index":"index","follow":"follow","max-snippet":"max-snippet:-1","max-image-preview":"max-image-preview:large","max-video-preview":"max-video-preview:-1"},"canonical":"https:\/\/www.albertopeixoto.com.br\/blog\/2020\/06\/18\/queiroz-deixa-de-contemplar-o-astro-rei-em-sua-forma-original-e-passa-a-ver-o-sol-nascer-quadrado-por-sergio-jones\/","og_locale":"pt_BR","og_type":"article","og_title":"Queiroz deixa de contemplar o astro rei em sua forma original e passa a ver o sol nascer quadrado\/ Por S\u00e9rgio Jones* - Alberto Peixoto","og_description":"O cerco est\u00e1 se fechando sobre a turma verde e amarelo, a bola da vez, nesse momento foi o coordenador das \u2018rachadinhas Fabr\u00edcio Queiroz. Preso em Atibaia, interior de S\u00e3o Paulo, para variar, ele n\u00e3o se encontrava homiziado no s\u00edtio &hellip; Continue reading &rarr;","og_url":"https:\/\/www.albertopeixoto.com.br\/blog\/2020\/06\/18\/queiroz-deixa-de-contemplar-o-astro-rei-em-sua-forma-original-e-passa-a-ver-o-sol-nascer-quadrado-por-sergio-jones\/","og_site_name":"Alberto Peixoto","article_publisher":"https:\/\/www.facebook.com\/antonioalberto.oliveirapeixoto","article_author":"https:\/\/www.facebook.com\/antonioalberto.oliveirapeixoto","article_published_time":"2020-06-18T13:12:43+00:00","article_modified_time":"2020-06-18T13:12:47+00:00","og_image":[{"url":"https:\/\/www.albertopeixoto.com.br\/blog\/wp-content\/uploads\/2020\/06\/Queiroz.jpg","type":"","width":"","height":""}],"author":"Alberto Peixoto","twitter_card":"summary_large_image","twitter_misc":{"Escrito por":"Alberto Peixoto","Est. tempo de leitura":"1 minuto"},"schema":{"@context":"https:\/\/schema.org","@graph":[{"@type":"Article","@id":"https:\/\/www.albertopeixoto.com.br\/blog\/2020\/06\/18\/queiroz-deixa-de-contemplar-o-astro-rei-em-sua-forma-original-e-passa-a-ver-o-sol-nascer-quadrado-por-sergio-jones\/#article","isPartOf":{"@id":"https:\/\/www.albertopeixoto.com.br\/blog\/2020\/06\/18\/queiroz-deixa-de-contemplar-o-astro-rei-em-sua-forma-original-e-passa-a-ver-o-sol-nascer-quadrado-por-sergio-jones\/"},"author":{"name":"Alberto Peixoto","@id":"https:\/\/www.albertopeixoto.com.br\/blog\/#\/schema\/person\/7c0ad65e044773b9ace71e4bed27392e"},"headline":"Queiroz deixa de contemplar o astro rei em sua forma original e passa a ver o sol nascer quadrado\/ Por S\u00e9rgio Jones*","datePublished":"2020-06-18T13:12:43+00:00","dateModified":"2020-06-18T13:12:47+00:00","mainEntityOfPage":{"@id":"https:\/\/www.albertopeixoto.com.br\/blog\/2020\/06\/18\/queiroz-deixa-de-contemplar-o-astro-rei-em-sua-forma-original-e-passa-a-ver-o-sol-nascer-quadrado-por-sergio-jones\/"},"wordCount":309,"commentCount":0,"publisher":{"@id":"https:\/\/www.albertopeixoto.com.br\/blog\/#\/schema\/person\/7c0ad65e044773b9ace71e4bed27392e"},"image":{"@id":"https:\/\/www.albertopeixoto.com.br\/blog\/2020\/06\/18\/queiroz-deixa-de-contemplar-o-astro-rei-em-sua-forma-original-e-passa-a-ver-o-sol-nascer-quadrado-por-sergio-jones\/#primaryimage"},"thumbnailUrl":"https:\/\/www.albertopeixoto.com.br\/blog\/wp-content\/uploads\/2020\/06\/Queiroz.jpg","inLanguage":"pt-BR","potentialAction":[{"@type":"CommentAction","name":"Comment","target":["https:\/\/www.albertopeixoto.com.br\/blog\/2020\/06\/18\/queiroz-deixa-de-contemplar-o-astro-rei-em-sua-forma-original-e-passa-a-ver-o-sol-nascer-quadrado-por-sergio-jones\/#respond"]}]},{"@type":"WebPage","@id":"https:\/\/www.albertopeixoto.com.br\/blog\/2020\/06\/18\/queiroz-deixa-de-contemplar-o-astro-rei-em-sua-forma-original-e-passa-a-ver-o-sol-nascer-quadrado-por-sergio-jones\/","url":"https:\/\/www.albertopeixoto.com.br\/blog\/2020\/06\/18\/queiroz-deixa-de-contemplar-o-astro-rei-em-sua-forma-original-e-passa-a-ver-o-sol-nascer-quadrado-por-sergio-jones\/","name":"Queiroz deixa de contemplar o astro rei em sua forma original e passa a ver o sol nascer quadrado\/ Por S\u00e9rgio Jones* - Alberto Peixoto","isPartOf":{"@id":"https:\/\/www.albertopeixoto.com.br\/blog\/#website"},"primaryImageOfPage":{"@id":"https:\/\/www.albertopeixoto.com.br\/blog\/2020\/06\/18\/queiroz-deixa-de-contemplar-o-astro-rei-em-sua-forma-original-e-passa-a-ver-o-sol-nascer-quadrado-por-sergio-jones\/#primaryimage"},"image":{"@id":"https:\/\/www.albertopeixoto.com.br\/blog\/2020\/06\/18\/queiroz-deixa-de-contemplar-o-astro-rei-em-sua-forma-original-e-passa-a-ver-o-sol-nascer-quadrado-por-sergio-jones\/#primaryimage"},"thumbnailUrl":"https:\/\/www.albertopeixoto.com.br\/blog\/wp-content\/uploads\/2020\/06\/Queiroz.jpg","datePublished":"2020-06-18T13:12:43+00:00","dateModified":"2020-06-18T13:12:47+00:00","breadcrumb":{"@id":"https:\/\/www.albertopeixoto.com.br\/blog\/2020\/06\/18\/queiroz-deixa-de-contemplar-o-astro-rei-em-sua-forma-original-e-passa-a-ver-o-sol-nascer-quadrado-por-sergio-jones\/#breadcrumb"},"inLanguage":"pt-BR","potentialAction":[{"@type":"ReadAction","target":["https:\/\/www.albertopeixoto.com.br\/blog\/2020\/06\/18\/queiroz-deixa-de-contemplar-o-astro-rei-em-sua-forma-original-e-passa-a-ver-o-sol-nascer-quadrado-por-sergio-jones\/"]}]},{"@type":"ImageObject","inLanguage":"pt-BR","@id":"https:\/\/www.albertopeixoto.com.br\/blog\/2020\/06\/18\/queiroz-deixa-de-contemplar-o-astro-rei-em-sua-forma-original-e-passa-a-ver-o-sol-nascer-quadrado-por-sergio-jones\/#primaryimage","url":"https:\/\/www.albertopeixoto.com.br\/blog\/wp-content\/uploads\/2020\/06\/Queiroz.jpg","contentUrl":"https:\/\/www.albertopeixoto.com.br\/blog\/wp-content\/uploads\/2020\/06\/Queiroz.jpg","width":870,"height":600},{"@type":"BreadcrumbList","@id":"https:\/\/www.albertopeixoto.com.br\/blog\/2020\/06\/18\/queiroz-deixa-de-contemplar-o-astro-rei-em-sua-forma-original-e-passa-a-ver-o-sol-nascer-quadrado-por-sergio-jones\/#breadcrumb","itemListElement":[{"@type":"ListItem","position":1,"name":"In\u00edcio","item":"https:\/\/www.albertopeixoto.com.br\/blog\/"},{"@type":"ListItem","position":2,"name":"Queiroz deixa de contemplar o astro rei em sua forma original e passa a ver o sol nascer quadrado\/ Por S\u00e9rgio Jones*"}]},{"@type":"WebSite","@id":"https:\/\/www.albertopeixoto.com.br\/blog\/#website","url":"https:\/\/www.albertopeixoto.com.br\/blog\/","name":"Alberto Peixoto","description":"Site do escritor feirense Alberto Peixoto","publisher":{"@id":"https:\/\/www.albertopeixoto.com.br\/blog\/#\/schema\/person\/7c0ad65e044773b9ace71e4bed27392e"},"potentialAction":[{"@type":"SearchAction","target":{"@type":"EntryPoint","urlTemplate":"https:\/\/www.albertopeixoto.com.br\/blog\/?s={search_term_string}"},"query-input":{"@type":"PropertyValueSpecification","valueRequired":true,"valueName":"search_term_string"}}],"inLanguage":"pt-BR"},{"@type":["Person","Organization"],"@id":"https:\/\/www.albertopeixoto.com.br\/blog\/#\/schema\/person\/7c0ad65e044773b9ace71e4bed27392e","name":"Alberto Peixoto","image":{"@type":"ImageObject","inLanguage":"pt-BR","@id":"https:\/\/secure.gravatar.com\/avatar\/56073ba688fdc11029c75ad4a19a7d0404f80a73249f4fb56c9c021b86beab08?s=96&d=mm&r=g","url":"https:\/\/secure.gravatar.com\/avatar\/56073ba688fdc11029c75ad4a19a7d0404f80a73249f4fb56c9c021b86beab08?s=96&d=mm&r=g","contentUrl":"https:\/\/secure.gravatar.com\/avatar\/56073ba688fdc11029c75ad4a19a7d0404f80a73249f4fb56c9c021b86beab08?s=96&d=mm&r=g","caption":"Alberto Peixoto"},"logo":{"@id":"https:\/\/secure.gravatar.com\/avatar\/56073ba688fdc11029c75ad4a19a7d0404f80a73249f4fb56c9c021b86beab08?s=96&d=mm&r=g"},"sameAs":["https:\/\/www.albertopeixoto.com.br\/","https:\/\/www.facebook.com\/antonioalberto.oliveirapeixoto"],"url":"https:\/\/www.albertopeixoto.com.br\/blog\/author\/apeixoto\/"}]}},"_links":{"self":[{"href":"https:\/\/www.albertopeixoto.com.br\/blog\/wp-json\/wp\/v2\/posts\/2138","targetHints":{"allow":["GET"]}}],"collection":[{"href":"https:\/\/www.albertopeixoto.com.br\/blog\/wp-json\/wp\/v2\/posts"}],"about":[{"href":"https:\/\/www.albertopeixoto.com.br\/blog\/wp-json\/wp\/v2\/types\/post"}],"author":[{"embeddable":true,"href":"https:\/\/www.albertopeixoto.com.br\/blog\/wp-json\/wp\/v2\/users\/2"}],"replies":[{"embeddable":true,"href":"https:\/\/www.albertopeixoto.com.br\/blog\/wp-json\/wp\/v2\/comments?post=2138"}],"version-history":[{"count":1,"href":"https:\/\/www.albertopeixoto.com.br\/blog\/wp-json\/wp\/v2\/posts\/2138\/revisions"}],"predecessor-version":[{"id":2140,"href":"https:\/\/www.albertopeixoto.com.br\/blog\/wp-json\/wp\/v2\/posts\/2138\/revisions\/2140"}],"wp:attachment":[{"href":"https:\/\/www.albertopeixoto.com.br\/blog\/wp-json\/wp\/v2\/media?parent=2138"}],"wp:term":[{"taxonomy":"category","embeddable":true,"href":"https:\/\/www.albertopeixoto.com.br\/blog\/wp-json\/wp\/v2\/categories?post=2138"},{"taxonomy":"post_tag","embeddable":true,"href":"https:\/\/www.albertopeixoto.com.br\/blog\/wp-json\/wp\/v2\/tags?post=2138"}],"curies":[{"name":"wp","href":"https:\/\/api.w.org\/{rel}","templated":true}]}}