{"id":2132,"date":"2020-06-17T10:35:19","date_gmt":"2020-06-17T13:35:19","guid":{"rendered":"https:\/\/www.albertopeixoto.com.br\/blog\/?p=2132"},"modified":"2020-06-17T10:35:22","modified_gmt":"2020-06-17T13:35:22","slug":"parte-da-imprensa-feirense-se-torna-especialista-em-divulgar-meias-verdades-por-sergio-jones","status":"publish","type":"post","link":"https:\/\/www.albertopeixoto.com.br\/blog\/2020\/06\/17\/parte-da-imprensa-feirense-se-torna-especialista-em-divulgar-meias-verdades-por-sergio-jones\/","title":{"rendered":"Parte da imprensa feirense se torna especialista em divulgar meias verdades\/ Por S\u00e9rgio Jones*"},"content":{"rendered":"\n<figure class=\"wp-block-image size-large is-resized\"><img loading=\"lazy\" decoding=\"async\" src=\"https:\/\/www.albertopeixoto.com.br\/blog\/wp-content\/uploads\/2020\/06\/imprensa.png\" alt=\"\" class=\"wp-image-2133\" width=\"600\" height=\"399\" srcset=\"https:\/\/www.albertopeixoto.com.br\/blog\/wp-content\/uploads\/2020\/06\/imprensa.png 600w, https:\/\/www.albertopeixoto.com.br\/blog\/wp-content\/uploads\/2020\/06\/imprensa-300x200.png 300w\" sizes=\"auto, (max-width: 600px) 100vw, 600px\" \/><\/figure>\n\n\n\n<p class=\"wp-block-paragraph\">Em nota veiculada na manh\u00e3 dessa quarta-feira (17), a imprensa feirense, ou parte dela, noticiou o afastamento do vereador Justiniano Fran\u00e7a (DEM), que pediu licen\u00e7a de suas atividades no legislativo para tratar de assuntos particulares.<\/p>\n\n\n\n<p class=\"wp-block-paragraph\">De imediato, o mesmo \u00f3rg\u00e3o noticioso passou a tecer loas, entre outras mesuras graciosas quanto ao car\u00e1ter do edil, que antes exercia o cargo no executivo na condi\u00e7\u00e3o na Secretaria de Servi\u00e7os P\u00fablicos, tendo se afastado dessa atividade para retornar ao legislativo, al\u00e9m de ser servidor, tamb\u00e9m licenciado da UEFS, e que por isso mesmo fica sem sal\u00e1rio.<\/p>\n\n\n\n<p class=\"wp-block-paragraph\">A nota \u00e9 capciosa e trabalha com meias-verdades, n\u00e3o pelo fato de que o edil se afasta do cargo de legislador sem remunera\u00e7\u00e3o. O que se condena \u00e9 que a not\u00edcia deixa transparecer que o ato da n\u00e3o remunera\u00e7\u00e3o se deve e partiu de uma iniciativa do citado edil, o que n\u00e3o corresponde \u00e0 realidade.<\/p>\n\n\n\n<p class=\"wp-block-paragraph\">Ao se afastar do cargo de legislador para tratar de assuntos particulares, perde ele, automaticamente, o direito \u00e0 remunera\u00e7\u00e3o pelo per\u00edodo correspondente. Caso n\u00e3o fosse assim, aumentaria consideravelmente os gastos para o er\u00e1rio que teria de bancar os custos dos sal\u00e1rios do suplente e do vereador licenciado.<\/p>\n\n\n\n<p class=\"wp-block-paragraph\">O que esperamos e cobramos da imprensa \u00e9: \u201cQue as mentiras alheias, n\u00e3o confundam as nossas verdades\u201d.<\/p>\n\n\n\n<p class=\"wp-block-paragraph\"><strong>S\u00e9rgio Jones, jornalista (sergiojones@live.com)<\/strong><\/p>\n","protected":false},"excerpt":{"rendered":"<p>Em nota veiculada na manh\u00e3 dessa quarta-feira (17), a imprensa feirense, ou parte dela, noticiou o afastamento do vereador Justiniano Fran\u00e7a (DEM), que pediu licen\u00e7a de suas atividades no legislativo para tratar de assuntos particulares. De imediato, o mesmo \u00f3rg\u00e3o &hellip; <a href=\"https:\/\/www.albertopeixoto.com.br\/blog\/2020\/06\/17\/parte-da-imprensa-feirense-se-torna-especialista-em-divulgar-meias-verdades-por-sergio-jones\/\">Continue reading <span class=\"meta-nav\">&rarr;<\/span><\/a><\/p>\n","protected":false},"author":2,"featured_media":0,"comment_status":"open","ping_status":"open","sticky":false,"template":"","format":"standard","meta":{"footnotes":""},"categories":[1],"tags":[],"class_list":["post-2132","post","type-post","status-publish","format-standard","hentry","category-sem-categoria"],"yoast_head":"<!-- This site is optimized with the Yoast SEO plugin v28.3 - https:\/\/yoast.com\/product\/yoast-seo-wordpress\/ -->\n<title>Parte da imprensa feirense se torna especialista em divulgar meias verdades\/ Por S\u00e9rgio Jones* - Alberto Peixoto<\/title>\n<meta name=\"robots\" content=\"index, follow, max-snippet:-1, max-image-preview:large, max-video-preview:-1\" \/>\n<link rel=\"canonical\" href=\"https:\/\/www.albertopeixoto.com.br\/blog\/2020\/06\/17\/parte-da-imprensa-feirense-se-torna-especialista-em-divulgar-meias-verdades-por-sergio-jones\/\" \/>\n<meta property=\"og:locale\" content=\"pt_BR\" \/>\n<meta property=\"og:type\" content=\"article\" \/>\n<meta property=\"og:title\" content=\"Parte da imprensa feirense se torna especialista em divulgar meias verdades\/ Por S\u00e9rgio Jones* - Alberto Peixoto\" \/>\n<meta property=\"og:description\" content=\"Em nota veiculada na manh\u00e3 dessa quarta-feira (17), a imprensa feirense, ou parte dela, noticiou o afastamento do vereador Justiniano Fran\u00e7a (DEM), que pediu licen\u00e7a de suas atividades no legislativo para tratar de assuntos particulares. De imediato, o mesmo \u00f3rg\u00e3o &hellip; Continue reading &rarr;\" \/>\n<meta property=\"og:url\" content=\"https:\/\/www.albertopeixoto.com.br\/blog\/2020\/06\/17\/parte-da-imprensa-feirense-se-torna-especialista-em-divulgar-meias-verdades-por-sergio-jones\/\" \/>\n<meta property=\"og:site_name\" content=\"Alberto Peixoto\" \/>\n<meta property=\"article:publisher\" content=\"https:\/\/www.facebook.com\/antonioalberto.oliveirapeixoto\" \/>\n<meta property=\"article:author\" content=\"https:\/\/www.facebook.com\/antonioalberto.oliveirapeixoto\" \/>\n<meta property=\"article:published_time\" content=\"2020-06-17T13:35:19+00:00\" \/>\n<meta property=\"article:modified_time\" content=\"2020-06-17T13:35:22+00:00\" \/>\n<meta property=\"og:image\" content=\"https:\/\/www.albertopeixoto.com.br\/blog\/wp-content\/uploads\/2020\/06\/imprensa.png\" \/>\n<meta name=\"author\" content=\"Alberto Peixoto\" \/>\n<meta name=\"twitter:card\" content=\"summary_large_image\" \/>\n<meta name=\"twitter:label1\" content=\"Escrito por\" \/>\n\t<meta name=\"twitter:data1\" content=\"Alberto Peixoto\" \/>\n\t<meta name=\"twitter:label2\" content=\"Est. tempo de leitura\" \/>\n\t<meta name=\"twitter:data2\" content=\"1 minuto\" \/>\n<script type=\"application\/ld+json\" class=\"yoast-schema-graph\">{\"@context\":\"https:\\\/\\\/schema.org\",\"@graph\":[{\"@type\":\"Article\",\"@id\":\"https:\\\/\\\/www.albertopeixoto.com.br\\\/blog\\\/2020\\\/06\\\/17\\\/parte-da-imprensa-feirense-se-torna-especialista-em-divulgar-meias-verdades-por-sergio-jones\\\/#article\",\"isPartOf\":{\"@id\":\"https:\\\/\\\/www.albertopeixoto.com.br\\\/blog\\\/2020\\\/06\\\/17\\\/parte-da-imprensa-feirense-se-torna-especialista-em-divulgar-meias-verdades-por-sergio-jones\\\/\"},\"author\":{\"name\":\"Alberto Peixoto\",\"@id\":\"https:\\\/\\\/www.albertopeixoto.com.br\\\/blog\\\/#\\\/schema\\\/person\\\/7c0ad65e044773b9ace71e4bed27392e\"},\"headline\":\"Parte da imprensa feirense se torna especialista em divulgar meias verdades\\\/ Por S\u00e9rgio Jones*\",\"datePublished\":\"2020-06-17T13:35:19+00:00\",\"dateModified\":\"2020-06-17T13:35:22+00:00\",\"mainEntityOfPage\":{\"@id\":\"https:\\\/\\\/www.albertopeixoto.com.br\\\/blog\\\/2020\\\/06\\\/17\\\/parte-da-imprensa-feirense-se-torna-especialista-em-divulgar-meias-verdades-por-sergio-jones\\\/\"},\"wordCount\":250,\"commentCount\":0,\"publisher\":{\"@id\":\"https:\\\/\\\/www.albertopeixoto.com.br\\\/blog\\\/#\\\/schema\\\/person\\\/7c0ad65e044773b9ace71e4bed27392e\"},\"image\":{\"@id\":\"https:\\\/\\\/www.albertopeixoto.com.br\\\/blog\\\/2020\\\/06\\\/17\\\/parte-da-imprensa-feirense-se-torna-especialista-em-divulgar-meias-verdades-por-sergio-jones\\\/#primaryimage\"},\"thumbnailUrl\":\"https:\\\/\\\/www.albertopeixoto.com.br\\\/blog\\\/wp-content\\\/uploads\\\/2020\\\/06\\\/imprensa.png\",\"inLanguage\":\"pt-BR\",\"potentialAction\":[{\"@type\":\"CommentAction\",\"name\":\"Comment\",\"target\":[\"https:\\\/\\\/www.albertopeixoto.com.br\\\/blog\\\/2020\\\/06\\\/17\\\/parte-da-imprensa-feirense-se-torna-especialista-em-divulgar-meias-verdades-por-sergio-jones\\\/#respond\"]}]},{\"@type\":\"WebPage\",\"@id\":\"https:\\\/\\\/www.albertopeixoto.com.br\\\/blog\\\/2020\\\/06\\\/17\\\/parte-da-imprensa-feirense-se-torna-especialista-em-divulgar-meias-verdades-por-sergio-jones\\\/\",\"url\":\"https:\\\/\\\/www.albertopeixoto.com.br\\\/blog\\\/2020\\\/06\\\/17\\\/parte-da-imprensa-feirense-se-torna-especialista-em-divulgar-meias-verdades-por-sergio-jones\\\/\",\"name\":\"Parte da imprensa feirense se torna especialista em divulgar meias verdades\\\/ Por S\u00e9rgio Jones* - Alberto Peixoto\",\"isPartOf\":{\"@id\":\"https:\\\/\\\/www.albertopeixoto.com.br\\\/blog\\\/#website\"},\"primaryImageOfPage\":{\"@id\":\"https:\\\/\\\/www.albertopeixoto.com.br\\\/blog\\\/2020\\\/06\\\/17\\\/parte-da-imprensa-feirense-se-torna-especialista-em-divulgar-meias-verdades-por-sergio-jones\\\/#primaryimage\"},\"image\":{\"@id\":\"https:\\\/\\\/www.albertopeixoto.com.br\\\/blog\\\/2020\\\/06\\\/17\\\/parte-da-imprensa-feirense-se-torna-especialista-em-divulgar-meias-verdades-por-sergio-jones\\\/#primaryimage\"},\"thumbnailUrl\":\"https:\\\/\\\/www.albertopeixoto.com.br\\\/blog\\\/wp-content\\\/uploads\\\/2020\\\/06\\\/imprensa.png\",\"datePublished\":\"2020-06-17T13:35:19+00:00\",\"dateModified\":\"2020-06-17T13:35:22+00:00\",\"breadcrumb\":{\"@id\":\"https:\\\/\\\/www.albertopeixoto.com.br\\\/blog\\\/2020\\\/06\\\/17\\\/parte-da-imprensa-feirense-se-torna-especialista-em-divulgar-meias-verdades-por-sergio-jones\\\/#breadcrumb\"},\"inLanguage\":\"pt-BR\",\"potentialAction\":[{\"@type\":\"ReadAction\",\"target\":[\"https:\\\/\\\/www.albertopeixoto.com.br\\\/blog\\\/2020\\\/06\\\/17\\\/parte-da-imprensa-feirense-se-torna-especialista-em-divulgar-meias-verdades-por-sergio-jones\\\/\"]}]},{\"@type\":\"ImageObject\",\"inLanguage\":\"pt-BR\",\"@id\":\"https:\\\/\\\/www.albertopeixoto.com.br\\\/blog\\\/2020\\\/06\\\/17\\\/parte-da-imprensa-feirense-se-torna-especialista-em-divulgar-meias-verdades-por-sergio-jones\\\/#primaryimage\",\"url\":\"https:\\\/\\\/www.albertopeixoto.com.br\\\/blog\\\/wp-content\\\/uploads\\\/2020\\\/06\\\/imprensa.png\",\"contentUrl\":\"https:\\\/\\\/www.albertopeixoto.com.br\\\/blog\\\/wp-content\\\/uploads\\\/2020\\\/06\\\/imprensa.png\",\"width\":600,\"height\":400},{\"@type\":\"BreadcrumbList\",\"@id\":\"https:\\\/\\\/www.albertopeixoto.com.br\\\/blog\\\/2020\\\/06\\\/17\\\/parte-da-imprensa-feirense-se-torna-especialista-em-divulgar-meias-verdades-por-sergio-jones\\\/#breadcrumb\",\"itemListElement\":[{\"@type\":\"ListItem\",\"position\":1,\"name\":\"In\u00edcio\",\"item\":\"https:\\\/\\\/www.albertopeixoto.com.br\\\/blog\\\/\"},{\"@type\":\"ListItem\",\"position\":2,\"name\":\"Parte da imprensa feirense se torna especialista em divulgar meias verdades\\\/ Por S\u00e9rgio Jones*\"}]},{\"@type\":\"WebSite\",\"@id\":\"https:\\\/\\\/www.albertopeixoto.com.br\\\/blog\\\/#website\",\"url\":\"https:\\\/\\\/www.albertopeixoto.com.br\\\/blog\\\/\",\"name\":\"Alberto Peixoto\",\"description\":\"Site do escritor feirense Alberto Peixoto\",\"publisher\":{\"@id\":\"https:\\\/\\\/www.albertopeixoto.com.br\\\/blog\\\/#\\\/schema\\\/person\\\/7c0ad65e044773b9ace71e4bed27392e\"},\"potentialAction\":[{\"@type\":\"SearchAction\",\"target\":{\"@type\":\"EntryPoint\",\"urlTemplate\":\"https:\\\/\\\/www.albertopeixoto.com.br\\\/blog\\\/?s={search_term_string}\"},\"query-input\":{\"@type\":\"PropertyValueSpecification\",\"valueRequired\":true,\"valueName\":\"search_term_string\"}}],\"inLanguage\":\"pt-BR\"},{\"@type\":[\"Person\",\"Organization\"],\"@id\":\"https:\\\/\\\/www.albertopeixoto.com.br\\\/blog\\\/#\\\/schema\\\/person\\\/7c0ad65e044773b9ace71e4bed27392e\",\"name\":\"Alberto Peixoto\",\"image\":{\"@type\":\"ImageObject\",\"inLanguage\":\"pt-BR\",\"@id\":\"https:\\\/\\\/secure.gravatar.com\\\/avatar\\\/56073ba688fdc11029c75ad4a19a7d0404f80a73249f4fb56c9c021b86beab08?s=96&d=mm&r=g\",\"url\":\"https:\\\/\\\/secure.gravatar.com\\\/avatar\\\/56073ba688fdc11029c75ad4a19a7d0404f80a73249f4fb56c9c021b86beab08?s=96&d=mm&r=g\",\"contentUrl\":\"https:\\\/\\\/secure.gravatar.com\\\/avatar\\\/56073ba688fdc11029c75ad4a19a7d0404f80a73249f4fb56c9c021b86beab08?s=96&d=mm&r=g\",\"caption\":\"Alberto Peixoto\"},\"logo\":{\"@id\":\"https:\\\/\\\/secure.gravatar.com\\\/avatar\\\/56073ba688fdc11029c75ad4a19a7d0404f80a73249f4fb56c9c021b86beab08?s=96&d=mm&r=g\"},\"sameAs\":[\"https:\\\/\\\/www.albertopeixoto.com.br\\\/\",\"https:\\\/\\\/www.facebook.com\\\/antonioalberto.oliveirapeixoto\"],\"url\":\"https:\\\/\\\/www.albertopeixoto.com.br\\\/blog\\\/author\\\/apeixoto\\\/\"}]}<\/script>\n<!-- \/ Yoast SEO plugin. -->","yoast_head_json":{"title":"Parte da imprensa feirense se torna especialista em divulgar meias verdades\/ Por S\u00e9rgio Jones* - Alberto Peixoto","robots":{"index":"index","follow":"follow","max-snippet":"max-snippet:-1","max-image-preview":"max-image-preview:large","max-video-preview":"max-video-preview:-1"},"canonical":"https:\/\/www.albertopeixoto.com.br\/blog\/2020\/06\/17\/parte-da-imprensa-feirense-se-torna-especialista-em-divulgar-meias-verdades-por-sergio-jones\/","og_locale":"pt_BR","og_type":"article","og_title":"Parte da imprensa feirense se torna especialista em divulgar meias verdades\/ Por S\u00e9rgio Jones* - Alberto Peixoto","og_description":"Em nota veiculada na manh\u00e3 dessa quarta-feira (17), a imprensa feirense, ou parte dela, noticiou o afastamento do vereador Justiniano Fran\u00e7a (DEM), que pediu licen\u00e7a de suas atividades no legislativo para tratar de assuntos particulares. De imediato, o mesmo \u00f3rg\u00e3o &hellip; Continue reading &rarr;","og_url":"https:\/\/www.albertopeixoto.com.br\/blog\/2020\/06\/17\/parte-da-imprensa-feirense-se-torna-especialista-em-divulgar-meias-verdades-por-sergio-jones\/","og_site_name":"Alberto Peixoto","article_publisher":"https:\/\/www.facebook.com\/antonioalberto.oliveirapeixoto","article_author":"https:\/\/www.facebook.com\/antonioalberto.oliveirapeixoto","article_published_time":"2020-06-17T13:35:19+00:00","article_modified_time":"2020-06-17T13:35:22+00:00","og_image":[{"url":"https:\/\/www.albertopeixoto.com.br\/blog\/wp-content\/uploads\/2020\/06\/imprensa.png","type":"","width":"","height":""}],"author":"Alberto Peixoto","twitter_card":"summary_large_image","twitter_misc":{"Escrito por":"Alberto Peixoto","Est. tempo de leitura":"1 minuto"},"schema":{"@context":"https:\/\/schema.org","@graph":[{"@type":"Article","@id":"https:\/\/www.albertopeixoto.com.br\/blog\/2020\/06\/17\/parte-da-imprensa-feirense-se-torna-especialista-em-divulgar-meias-verdades-por-sergio-jones\/#article","isPartOf":{"@id":"https:\/\/www.albertopeixoto.com.br\/blog\/2020\/06\/17\/parte-da-imprensa-feirense-se-torna-especialista-em-divulgar-meias-verdades-por-sergio-jones\/"},"author":{"name":"Alberto Peixoto","@id":"https:\/\/www.albertopeixoto.com.br\/blog\/#\/schema\/person\/7c0ad65e044773b9ace71e4bed27392e"},"headline":"Parte da imprensa feirense se torna especialista em divulgar meias verdades\/ Por S\u00e9rgio Jones*","datePublished":"2020-06-17T13:35:19+00:00","dateModified":"2020-06-17T13:35:22+00:00","mainEntityOfPage":{"@id":"https:\/\/www.albertopeixoto.com.br\/blog\/2020\/06\/17\/parte-da-imprensa-feirense-se-torna-especialista-em-divulgar-meias-verdades-por-sergio-jones\/"},"wordCount":250,"commentCount":0,"publisher":{"@id":"https:\/\/www.albertopeixoto.com.br\/blog\/#\/schema\/person\/7c0ad65e044773b9ace71e4bed27392e"},"image":{"@id":"https:\/\/www.albertopeixoto.com.br\/blog\/2020\/06\/17\/parte-da-imprensa-feirense-se-torna-especialista-em-divulgar-meias-verdades-por-sergio-jones\/#primaryimage"},"thumbnailUrl":"https:\/\/www.albertopeixoto.com.br\/blog\/wp-content\/uploads\/2020\/06\/imprensa.png","inLanguage":"pt-BR","potentialAction":[{"@type":"CommentAction","name":"Comment","target":["https:\/\/www.albertopeixoto.com.br\/blog\/2020\/06\/17\/parte-da-imprensa-feirense-se-torna-especialista-em-divulgar-meias-verdades-por-sergio-jones\/#respond"]}]},{"@type":"WebPage","@id":"https:\/\/www.albertopeixoto.com.br\/blog\/2020\/06\/17\/parte-da-imprensa-feirense-se-torna-especialista-em-divulgar-meias-verdades-por-sergio-jones\/","url":"https:\/\/www.albertopeixoto.com.br\/blog\/2020\/06\/17\/parte-da-imprensa-feirense-se-torna-especialista-em-divulgar-meias-verdades-por-sergio-jones\/","name":"Parte da imprensa feirense se torna especialista em divulgar meias verdades\/ Por S\u00e9rgio Jones* - Alberto Peixoto","isPartOf":{"@id":"https:\/\/www.albertopeixoto.com.br\/blog\/#website"},"primaryImageOfPage":{"@id":"https:\/\/www.albertopeixoto.com.br\/blog\/2020\/06\/17\/parte-da-imprensa-feirense-se-torna-especialista-em-divulgar-meias-verdades-por-sergio-jones\/#primaryimage"},"image":{"@id":"https:\/\/www.albertopeixoto.com.br\/blog\/2020\/06\/17\/parte-da-imprensa-feirense-se-torna-especialista-em-divulgar-meias-verdades-por-sergio-jones\/#primaryimage"},"thumbnailUrl":"https:\/\/www.albertopeixoto.com.br\/blog\/wp-content\/uploads\/2020\/06\/imprensa.png","datePublished":"2020-06-17T13:35:19+00:00","dateModified":"2020-06-17T13:35:22+00:00","breadcrumb":{"@id":"https:\/\/www.albertopeixoto.com.br\/blog\/2020\/06\/17\/parte-da-imprensa-feirense-se-torna-especialista-em-divulgar-meias-verdades-por-sergio-jones\/#breadcrumb"},"inLanguage":"pt-BR","potentialAction":[{"@type":"ReadAction","target":["https:\/\/www.albertopeixoto.com.br\/blog\/2020\/06\/17\/parte-da-imprensa-feirense-se-torna-especialista-em-divulgar-meias-verdades-por-sergio-jones\/"]}]},{"@type":"ImageObject","inLanguage":"pt-BR","@id":"https:\/\/www.albertopeixoto.com.br\/blog\/2020\/06\/17\/parte-da-imprensa-feirense-se-torna-especialista-em-divulgar-meias-verdades-por-sergio-jones\/#primaryimage","url":"https:\/\/www.albertopeixoto.com.br\/blog\/wp-content\/uploads\/2020\/06\/imprensa.png","contentUrl":"https:\/\/www.albertopeixoto.com.br\/blog\/wp-content\/uploads\/2020\/06\/imprensa.png","width":600,"height":400},{"@type":"BreadcrumbList","@id":"https:\/\/www.albertopeixoto.com.br\/blog\/2020\/06\/17\/parte-da-imprensa-feirense-se-torna-especialista-em-divulgar-meias-verdades-por-sergio-jones\/#breadcrumb","itemListElement":[{"@type":"ListItem","position":1,"name":"In\u00edcio","item":"https:\/\/www.albertopeixoto.com.br\/blog\/"},{"@type":"ListItem","position":2,"name":"Parte da imprensa feirense se torna especialista em divulgar meias verdades\/ Por S\u00e9rgio Jones*"}]},{"@type":"WebSite","@id":"https:\/\/www.albertopeixoto.com.br\/blog\/#website","url":"https:\/\/www.albertopeixoto.com.br\/blog\/","name":"Alberto Peixoto","description":"Site do escritor feirense Alberto Peixoto","publisher":{"@id":"https:\/\/www.albertopeixoto.com.br\/blog\/#\/schema\/person\/7c0ad65e044773b9ace71e4bed27392e"},"potentialAction":[{"@type":"SearchAction","target":{"@type":"EntryPoint","urlTemplate":"https:\/\/www.albertopeixoto.com.br\/blog\/?s={search_term_string}"},"query-input":{"@type":"PropertyValueSpecification","valueRequired":true,"valueName":"search_term_string"}}],"inLanguage":"pt-BR"},{"@type":["Person","Organization"],"@id":"https:\/\/www.albertopeixoto.com.br\/blog\/#\/schema\/person\/7c0ad65e044773b9ace71e4bed27392e","name":"Alberto Peixoto","image":{"@type":"ImageObject","inLanguage":"pt-BR","@id":"https:\/\/secure.gravatar.com\/avatar\/56073ba688fdc11029c75ad4a19a7d0404f80a73249f4fb56c9c021b86beab08?s=96&d=mm&r=g","url":"https:\/\/secure.gravatar.com\/avatar\/56073ba688fdc11029c75ad4a19a7d0404f80a73249f4fb56c9c021b86beab08?s=96&d=mm&r=g","contentUrl":"https:\/\/secure.gravatar.com\/avatar\/56073ba688fdc11029c75ad4a19a7d0404f80a73249f4fb56c9c021b86beab08?s=96&d=mm&r=g","caption":"Alberto Peixoto"},"logo":{"@id":"https:\/\/secure.gravatar.com\/avatar\/56073ba688fdc11029c75ad4a19a7d0404f80a73249f4fb56c9c021b86beab08?s=96&d=mm&r=g"},"sameAs":["https:\/\/www.albertopeixoto.com.br\/","https:\/\/www.facebook.com\/antonioalberto.oliveirapeixoto"],"url":"https:\/\/www.albertopeixoto.com.br\/blog\/author\/apeixoto\/"}]}},"_links":{"self":[{"href":"https:\/\/www.albertopeixoto.com.br\/blog\/wp-json\/wp\/v2\/posts\/2132","targetHints":{"allow":["GET"]}}],"collection":[{"href":"https:\/\/www.albertopeixoto.com.br\/blog\/wp-json\/wp\/v2\/posts"}],"about":[{"href":"https:\/\/www.albertopeixoto.com.br\/blog\/wp-json\/wp\/v2\/types\/post"}],"author":[{"embeddable":true,"href":"https:\/\/www.albertopeixoto.com.br\/blog\/wp-json\/wp\/v2\/users\/2"}],"replies":[{"embeddable":true,"href":"https:\/\/www.albertopeixoto.com.br\/blog\/wp-json\/wp\/v2\/comments?post=2132"}],"version-history":[{"count":1,"href":"https:\/\/www.albertopeixoto.com.br\/blog\/wp-json\/wp\/v2\/posts\/2132\/revisions"}],"predecessor-version":[{"id":2134,"href":"https:\/\/www.albertopeixoto.com.br\/blog\/wp-json\/wp\/v2\/posts\/2132\/revisions\/2134"}],"wp:attachment":[{"href":"https:\/\/www.albertopeixoto.com.br\/blog\/wp-json\/wp\/v2\/media?parent=2132"}],"wp:term":[{"taxonomy":"category","embeddable":true,"href":"https:\/\/www.albertopeixoto.com.br\/blog\/wp-json\/wp\/v2\/categories?post=2132"},{"taxonomy":"post_tag","embeddable":true,"href":"https:\/\/www.albertopeixoto.com.br\/blog\/wp-json\/wp\/v2\/tags?post=2132"}],"curies":[{"name":"wp","href":"https:\/\/api.w.org\/{rel}","templated":true}]}}