{"id":2128,"date":"2020-06-16T18:02:38","date_gmt":"2020-06-16T21:02:38","guid":{"rendered":"https:\/\/www.albertopeixoto.com.br\/blog\/?p=2128"},"modified":"2020-06-16T18:02:42","modified_gmt":"2020-06-16T21:02:42","slug":"feira-imprensa-tenta-manter-uma-mistica-politica-sobre-o-ex-prefeito-que-nao-existe-por-sergio-jones","status":"publish","type":"post","link":"https:\/\/www.albertopeixoto.com.br\/blog\/2020\/06\/16\/feira-imprensa-tenta-manter-uma-mistica-politica-sobre-o-ex-prefeito-que-nao-existe-por-sergio-jones\/","title":{"rendered":"Feira: imprensa tenta manter uma m\u00edstica pol\u00edtica sobre o ex-prefeito que n\u00e3o existe\/Por S\u00e9rgio Jones*"},"content":{"rendered":"\n<figure class=\"wp-block-image size-large is-resized\"><img loading=\"lazy\" decoding=\"async\" src=\"https:\/\/www.albertopeixoto.com.br\/blog\/wp-content\/uploads\/2020\/06\/Jos\u00e9-Ronaldo.jpg\" alt=\"\" class=\"wp-image-2130\" width=\"593\" height=\"369\" srcset=\"https:\/\/www.albertopeixoto.com.br\/blog\/wp-content\/uploads\/2020\/06\/Jos\u00e9-Ronaldo.jpg 530w, https:\/\/www.albertopeixoto.com.br\/blog\/wp-content\/uploads\/2020\/06\/Jos\u00e9-Ronaldo-300x187.jpg 300w\" sizes=\"auto, (max-width: 593px) 100vw, 593px\" \/><figcaption><strong>Jos\u00e9 Ronaldo ex prefeito de Feira de Santana<\/strong><\/figcaption><\/figure>\n\n\n\n<p class=\"wp-block-paragraph\">Desmitificando a m\u00edstica elaborada pela m\u00eddia ou parte dela de que Jos\u00e9 Ronaldo mant\u00e9m um comportamento discreto em rela\u00e7\u00e3o ao cen\u00e1rio pol\u00edtico existente no presente momento em Feira de Santana, \u00e9 um argumento totalmente falso e falacioso.<\/p>\n\n\n\n<p class=\"wp-block-paragraph\">A realidade que se imp\u00f5e \u00e9 bem outra de quem se encontra no poder, fora dele ou afastado, sendo estes dois \u00faltimos, o caso do ex- alcaide.<\/p>\n\n\n\n<p class=\"wp-block-paragraph\">O sil\u00eancio do ex-prefeito, como parte da m\u00eddia feirense tenta demonstrar ou passar, em nada se deve ao seu modo discreto de fazer pol\u00edtica, vai al\u00e9m deste conceito aparentemente prosaico.<\/p>\n\n\n\n<p class=\"wp-block-paragraph\">Ocorre sob diversos fatores, dentre muitos sendo o principal, a quest\u00e3o de preservar a combalida sa\u00fade da raposa pol\u00edtica. A velha raposa sofre do que se denomina de comorbidade progn\u00f3stica que ocorre quando a pessoa \u00e9 portador (a) de enfermidades que predisp\u00f5em a desenvolver outras doen\u00e7as, principalmente em situa\u00e7\u00e3o pand\u00eamica, que ora vivenciamos. Talvez isso explique o seu recolhimento e distanciamento dos holofotes das lides pol\u00edticas.<\/p>\n\n\n\n<p class=\"wp-block-paragraph\">Outro fator aparentemente pouco ou nada consolador \u00e9 acreditar que o pol\u00edtico afastado da m\u00eddia tem e conta com a tranquilidade para se articular politicamente, de forma mais discreta.<\/p>\n\n\n\n<p class=\"wp-block-paragraph\">Pol\u00edtico da envergadura e t\u00eampera ditatorial como a do ex-prefeito, comportamento adotado por mais de duas d\u00e9cadas no munic\u00edpio, \u00e9 toda ela forjada com falsas premissas que s\u00e3o divulgadas e inculcadas no imagin\u00e1rio da popula\u00e7\u00e3o atrav\u00e9s do trabalho desenvolvido pela m\u00eddia cordata, que provoca verdadeira lavagem cerebral das massas.<\/p>\n\n\n\n<p class=\"wp-block-paragraph\">Importante n\u00e3o esquecer nem olvidar que todo esse trabalho realizado pela denominada m\u00eddia chapa branca \u00e9 regiamente, na maioria dos casos, compensado com regalos proporcionados pelos detentores do poder p\u00fablico de plant\u00e3o. N\u00e3o s\u00f3 no repasse de verbas, como tamb\u00e9m na distribui\u00e7\u00e3o graciosa de empregos p\u00fablicos para esses \u2018colaboradores midi\u00e1ticos\u2019 e seus familiares.<\/p>\n\n\n\n<p class=\"wp-block-paragraph\">Prevalecendo nesses casos a ora\u00e7\u00e3o franciscana pela paz: \u201c \u00e9 dando que se recebe\u201d. Justificando a troca de favores, trata-se de uma manipula\u00e7\u00e3o torpe e grosseira do esp\u00edrito generoso e desinteressado de S\u00e3o Francisco.<\/p>\n\n\n\n<p class=\"wp-block-paragraph\"><strong>S\u00e9rgio Jones, jornalista (sergiojones@live.com)<\/strong><\/p>\n","protected":false},"excerpt":{"rendered":"<p>Desmitificando a m\u00edstica elaborada pela m\u00eddia ou parte dela de que Jos\u00e9 Ronaldo mant\u00e9m um comportamento discreto em rela\u00e7\u00e3o ao cen\u00e1rio pol\u00edtico existente no presente momento em Feira de Santana, \u00e9 um argumento totalmente falso e falacioso. A realidade que &hellip; <a href=\"https:\/\/www.albertopeixoto.com.br\/blog\/2020\/06\/16\/feira-imprensa-tenta-manter-uma-mistica-politica-sobre-o-ex-prefeito-que-nao-existe-por-sergio-jones\/\">Continue reading <span class=\"meta-nav\">&rarr;<\/span><\/a><\/p>\n","protected":false},"author":2,"featured_media":0,"comment_status":"open","ping_status":"open","sticky":false,"template":"","format":"standard","meta":{"footnotes":""},"categories":[1],"tags":[],"class_list":["post-2128","post","type-post","status-publish","format-standard","hentry","category-sem-categoria"],"yoast_head":"<!-- This site is optimized with the Yoast SEO plugin v28.3 - https:\/\/yoast.com\/product\/yoast-seo-wordpress\/ -->\n<title>Feira: imprensa tenta manter uma m\u00edstica pol\u00edtica sobre o ex-prefeito que n\u00e3o existe\/Por S\u00e9rgio Jones* - Alberto Peixoto<\/title>\n<meta name=\"robots\" content=\"index, follow, max-snippet:-1, max-image-preview:large, max-video-preview:-1\" \/>\n<link rel=\"canonical\" href=\"https:\/\/www.albertopeixoto.com.br\/blog\/2020\/06\/16\/feira-imprensa-tenta-manter-uma-mistica-politica-sobre-o-ex-prefeito-que-nao-existe-por-sergio-jones\/\" \/>\n<meta property=\"og:locale\" content=\"pt_BR\" \/>\n<meta property=\"og:type\" content=\"article\" \/>\n<meta property=\"og:title\" content=\"Feira: imprensa tenta manter uma m\u00edstica pol\u00edtica sobre o ex-prefeito que n\u00e3o existe\/Por S\u00e9rgio Jones* - Alberto Peixoto\" \/>\n<meta property=\"og:description\" content=\"Desmitificando a m\u00edstica elaborada pela m\u00eddia ou parte dela de que Jos\u00e9 Ronaldo mant\u00e9m um comportamento discreto em rela\u00e7\u00e3o ao cen\u00e1rio pol\u00edtico existente no presente momento em Feira de Santana, \u00e9 um argumento totalmente falso e falacioso. A realidade que &hellip; Continue reading &rarr;\" \/>\n<meta property=\"og:url\" content=\"https:\/\/www.albertopeixoto.com.br\/blog\/2020\/06\/16\/feira-imprensa-tenta-manter-uma-mistica-politica-sobre-o-ex-prefeito-que-nao-existe-por-sergio-jones\/\" \/>\n<meta property=\"og:site_name\" content=\"Alberto Peixoto\" \/>\n<meta property=\"article:publisher\" content=\"https:\/\/www.facebook.com\/antonioalberto.oliveirapeixoto\" \/>\n<meta property=\"article:author\" content=\"https:\/\/www.facebook.com\/antonioalberto.oliveirapeixoto\" \/>\n<meta property=\"article:published_time\" content=\"2020-06-16T21:02:38+00:00\" \/>\n<meta property=\"article:modified_time\" content=\"2020-06-16T21:02:42+00:00\" \/>\n<meta property=\"og:image\" content=\"https:\/\/www.albertopeixoto.com.br\/blog\/wp-content\/uploads\/2020\/06\/Jos\u00e9-Ronaldo.jpg\" \/>\n<meta name=\"author\" content=\"Alberto Peixoto\" \/>\n<meta name=\"twitter:card\" content=\"summary_large_image\" \/>\n<meta name=\"twitter:label1\" content=\"Escrito por\" \/>\n\t<meta name=\"twitter:data1\" content=\"Alberto Peixoto\" \/>\n\t<meta name=\"twitter:label2\" content=\"Est. tempo de leitura\" \/>\n\t<meta name=\"twitter:data2\" content=\"2 minutos\" \/>\n<script type=\"application\/ld+json\" class=\"yoast-schema-graph\">{\"@context\":\"https:\\\/\\\/schema.org\",\"@graph\":[{\"@type\":\"Article\",\"@id\":\"https:\\\/\\\/www.albertopeixoto.com.br\\\/blog\\\/2020\\\/06\\\/16\\\/feira-imprensa-tenta-manter-uma-mistica-politica-sobre-o-ex-prefeito-que-nao-existe-por-sergio-jones\\\/#article\",\"isPartOf\":{\"@id\":\"https:\\\/\\\/www.albertopeixoto.com.br\\\/blog\\\/2020\\\/06\\\/16\\\/feira-imprensa-tenta-manter-uma-mistica-politica-sobre-o-ex-prefeito-que-nao-existe-por-sergio-jones\\\/\"},\"author\":{\"name\":\"Alberto Peixoto\",\"@id\":\"https:\\\/\\\/www.albertopeixoto.com.br\\\/blog\\\/#\\\/schema\\\/person\\\/7c0ad65e044773b9ace71e4bed27392e\"},\"headline\":\"Feira: imprensa tenta manter uma m\u00edstica pol\u00edtica sobre o ex-prefeito que n\u00e3o existe\\\/Por S\u00e9rgio Jones*\",\"datePublished\":\"2020-06-16T21:02:38+00:00\",\"dateModified\":\"2020-06-16T21:02:42+00:00\",\"mainEntityOfPage\":{\"@id\":\"https:\\\/\\\/www.albertopeixoto.com.br\\\/blog\\\/2020\\\/06\\\/16\\\/feira-imprensa-tenta-manter-uma-mistica-politica-sobre-o-ex-prefeito-que-nao-existe-por-sergio-jones\\\/\"},\"wordCount\":396,\"commentCount\":0,\"publisher\":{\"@id\":\"https:\\\/\\\/www.albertopeixoto.com.br\\\/blog\\\/#\\\/schema\\\/person\\\/7c0ad65e044773b9ace71e4bed27392e\"},\"inLanguage\":\"pt-BR\",\"potentialAction\":[{\"@type\":\"CommentAction\",\"name\":\"Comment\",\"target\":[\"https:\\\/\\\/www.albertopeixoto.com.br\\\/blog\\\/2020\\\/06\\\/16\\\/feira-imprensa-tenta-manter-uma-mistica-politica-sobre-o-ex-prefeito-que-nao-existe-por-sergio-jones\\\/#respond\"]}]},{\"@type\":\"WebPage\",\"@id\":\"https:\\\/\\\/www.albertopeixoto.com.br\\\/blog\\\/2020\\\/06\\\/16\\\/feira-imprensa-tenta-manter-uma-mistica-politica-sobre-o-ex-prefeito-que-nao-existe-por-sergio-jones\\\/\",\"url\":\"https:\\\/\\\/www.albertopeixoto.com.br\\\/blog\\\/2020\\\/06\\\/16\\\/feira-imprensa-tenta-manter-uma-mistica-politica-sobre-o-ex-prefeito-que-nao-existe-por-sergio-jones\\\/\",\"name\":\"Feira: imprensa tenta manter uma m\u00edstica pol\u00edtica sobre o ex-prefeito que n\u00e3o existe\\\/Por S\u00e9rgio Jones* - Alberto Peixoto\",\"isPartOf\":{\"@id\":\"https:\\\/\\\/www.albertopeixoto.com.br\\\/blog\\\/#website\"},\"datePublished\":\"2020-06-16T21:02:38+00:00\",\"dateModified\":\"2020-06-16T21:02:42+00:00\",\"breadcrumb\":{\"@id\":\"https:\\\/\\\/www.albertopeixoto.com.br\\\/blog\\\/2020\\\/06\\\/16\\\/feira-imprensa-tenta-manter-uma-mistica-politica-sobre-o-ex-prefeito-que-nao-existe-por-sergio-jones\\\/#breadcrumb\"},\"inLanguage\":\"pt-BR\",\"potentialAction\":[{\"@type\":\"ReadAction\",\"target\":[\"https:\\\/\\\/www.albertopeixoto.com.br\\\/blog\\\/2020\\\/06\\\/16\\\/feira-imprensa-tenta-manter-uma-mistica-politica-sobre-o-ex-prefeito-que-nao-existe-por-sergio-jones\\\/\"]}]},{\"@type\":\"BreadcrumbList\",\"@id\":\"https:\\\/\\\/www.albertopeixoto.com.br\\\/blog\\\/2020\\\/06\\\/16\\\/feira-imprensa-tenta-manter-uma-mistica-politica-sobre-o-ex-prefeito-que-nao-existe-por-sergio-jones\\\/#breadcrumb\",\"itemListElement\":[{\"@type\":\"ListItem\",\"position\":1,\"name\":\"In\u00edcio\",\"item\":\"https:\\\/\\\/www.albertopeixoto.com.br\\\/blog\\\/\"},{\"@type\":\"ListItem\",\"position\":2,\"name\":\"Feira: imprensa tenta manter uma m\u00edstica pol\u00edtica sobre o ex-prefeito que n\u00e3o existe\\\/Por S\u00e9rgio Jones*\"}]},{\"@type\":\"WebSite\",\"@id\":\"https:\\\/\\\/www.albertopeixoto.com.br\\\/blog\\\/#website\",\"url\":\"https:\\\/\\\/www.albertopeixoto.com.br\\\/blog\\\/\",\"name\":\"Alberto Peixoto\",\"description\":\"Site do escritor feirense Alberto Peixoto\",\"publisher\":{\"@id\":\"https:\\\/\\\/www.albertopeixoto.com.br\\\/blog\\\/#\\\/schema\\\/person\\\/7c0ad65e044773b9ace71e4bed27392e\"},\"potentialAction\":[{\"@type\":\"SearchAction\",\"target\":{\"@type\":\"EntryPoint\",\"urlTemplate\":\"https:\\\/\\\/www.albertopeixoto.com.br\\\/blog\\\/?s={search_term_string}\"},\"query-input\":{\"@type\":\"PropertyValueSpecification\",\"valueRequired\":true,\"valueName\":\"search_term_string\"}}],\"inLanguage\":\"pt-BR\"},{\"@type\":[\"Person\",\"Organization\"],\"@id\":\"https:\\\/\\\/www.albertopeixoto.com.br\\\/blog\\\/#\\\/schema\\\/person\\\/7c0ad65e044773b9ace71e4bed27392e\",\"name\":\"Alberto Peixoto\",\"image\":{\"@type\":\"ImageObject\",\"inLanguage\":\"pt-BR\",\"@id\":\"https:\\\/\\\/secure.gravatar.com\\\/avatar\\\/56073ba688fdc11029c75ad4a19a7d0404f80a73249f4fb56c9c021b86beab08?s=96&d=mm&r=g\",\"url\":\"https:\\\/\\\/secure.gravatar.com\\\/avatar\\\/56073ba688fdc11029c75ad4a19a7d0404f80a73249f4fb56c9c021b86beab08?s=96&d=mm&r=g\",\"contentUrl\":\"https:\\\/\\\/secure.gravatar.com\\\/avatar\\\/56073ba688fdc11029c75ad4a19a7d0404f80a73249f4fb56c9c021b86beab08?s=96&d=mm&r=g\",\"caption\":\"Alberto Peixoto\"},\"logo\":{\"@id\":\"https:\\\/\\\/secure.gravatar.com\\\/avatar\\\/56073ba688fdc11029c75ad4a19a7d0404f80a73249f4fb56c9c021b86beab08?s=96&d=mm&r=g\"},\"sameAs\":[\"https:\\\/\\\/www.albertopeixoto.com.br\\\/\",\"https:\\\/\\\/www.facebook.com\\\/antonioalberto.oliveirapeixoto\"],\"url\":\"https:\\\/\\\/www.albertopeixoto.com.br\\\/blog\\\/author\\\/apeixoto\\\/\"}]}<\/script>\n<!-- \/ Yoast SEO plugin. -->","yoast_head_json":{"title":"Feira: imprensa tenta manter uma m\u00edstica pol\u00edtica sobre o ex-prefeito que n\u00e3o existe\/Por S\u00e9rgio Jones* - Alberto Peixoto","robots":{"index":"index","follow":"follow","max-snippet":"max-snippet:-1","max-image-preview":"max-image-preview:large","max-video-preview":"max-video-preview:-1"},"canonical":"https:\/\/www.albertopeixoto.com.br\/blog\/2020\/06\/16\/feira-imprensa-tenta-manter-uma-mistica-politica-sobre-o-ex-prefeito-que-nao-existe-por-sergio-jones\/","og_locale":"pt_BR","og_type":"article","og_title":"Feira: imprensa tenta manter uma m\u00edstica pol\u00edtica sobre o ex-prefeito que n\u00e3o existe\/Por S\u00e9rgio Jones* - Alberto Peixoto","og_description":"Desmitificando a m\u00edstica elaborada pela m\u00eddia ou parte dela de que Jos\u00e9 Ronaldo mant\u00e9m um comportamento discreto em rela\u00e7\u00e3o ao cen\u00e1rio pol\u00edtico existente no presente momento em Feira de Santana, \u00e9 um argumento totalmente falso e falacioso. A realidade que &hellip; Continue reading &rarr;","og_url":"https:\/\/www.albertopeixoto.com.br\/blog\/2020\/06\/16\/feira-imprensa-tenta-manter-uma-mistica-politica-sobre-o-ex-prefeito-que-nao-existe-por-sergio-jones\/","og_site_name":"Alberto Peixoto","article_publisher":"https:\/\/www.facebook.com\/antonioalberto.oliveirapeixoto","article_author":"https:\/\/www.facebook.com\/antonioalberto.oliveirapeixoto","article_published_time":"2020-06-16T21:02:38+00:00","article_modified_time":"2020-06-16T21:02:42+00:00","og_image":[{"url":"https:\/\/www.albertopeixoto.com.br\/blog\/wp-content\/uploads\/2020\/06\/Jos\u00e9-Ronaldo.jpg","type":"","width":"","height":""}],"author":"Alberto Peixoto","twitter_card":"summary_large_image","twitter_misc":{"Escrito por":"Alberto Peixoto","Est. tempo de leitura":"2 minutos"},"schema":{"@context":"https:\/\/schema.org","@graph":[{"@type":"Article","@id":"https:\/\/www.albertopeixoto.com.br\/blog\/2020\/06\/16\/feira-imprensa-tenta-manter-uma-mistica-politica-sobre-o-ex-prefeito-que-nao-existe-por-sergio-jones\/#article","isPartOf":{"@id":"https:\/\/www.albertopeixoto.com.br\/blog\/2020\/06\/16\/feira-imprensa-tenta-manter-uma-mistica-politica-sobre-o-ex-prefeito-que-nao-existe-por-sergio-jones\/"},"author":{"name":"Alberto Peixoto","@id":"https:\/\/www.albertopeixoto.com.br\/blog\/#\/schema\/person\/7c0ad65e044773b9ace71e4bed27392e"},"headline":"Feira: imprensa tenta manter uma m\u00edstica pol\u00edtica sobre o ex-prefeito que n\u00e3o existe\/Por S\u00e9rgio Jones*","datePublished":"2020-06-16T21:02:38+00:00","dateModified":"2020-06-16T21:02:42+00:00","mainEntityOfPage":{"@id":"https:\/\/www.albertopeixoto.com.br\/blog\/2020\/06\/16\/feira-imprensa-tenta-manter-uma-mistica-politica-sobre-o-ex-prefeito-que-nao-existe-por-sergio-jones\/"},"wordCount":396,"commentCount":0,"publisher":{"@id":"https:\/\/www.albertopeixoto.com.br\/blog\/#\/schema\/person\/7c0ad65e044773b9ace71e4bed27392e"},"inLanguage":"pt-BR","potentialAction":[{"@type":"CommentAction","name":"Comment","target":["https:\/\/www.albertopeixoto.com.br\/blog\/2020\/06\/16\/feira-imprensa-tenta-manter-uma-mistica-politica-sobre-o-ex-prefeito-que-nao-existe-por-sergio-jones\/#respond"]}]},{"@type":"WebPage","@id":"https:\/\/www.albertopeixoto.com.br\/blog\/2020\/06\/16\/feira-imprensa-tenta-manter-uma-mistica-politica-sobre-o-ex-prefeito-que-nao-existe-por-sergio-jones\/","url":"https:\/\/www.albertopeixoto.com.br\/blog\/2020\/06\/16\/feira-imprensa-tenta-manter-uma-mistica-politica-sobre-o-ex-prefeito-que-nao-existe-por-sergio-jones\/","name":"Feira: imprensa tenta manter uma m\u00edstica pol\u00edtica sobre o ex-prefeito que n\u00e3o existe\/Por S\u00e9rgio Jones* - Alberto Peixoto","isPartOf":{"@id":"https:\/\/www.albertopeixoto.com.br\/blog\/#website"},"datePublished":"2020-06-16T21:02:38+00:00","dateModified":"2020-06-16T21:02:42+00:00","breadcrumb":{"@id":"https:\/\/www.albertopeixoto.com.br\/blog\/2020\/06\/16\/feira-imprensa-tenta-manter-uma-mistica-politica-sobre-o-ex-prefeito-que-nao-existe-por-sergio-jones\/#breadcrumb"},"inLanguage":"pt-BR","potentialAction":[{"@type":"ReadAction","target":["https:\/\/www.albertopeixoto.com.br\/blog\/2020\/06\/16\/feira-imprensa-tenta-manter-uma-mistica-politica-sobre-o-ex-prefeito-que-nao-existe-por-sergio-jones\/"]}]},{"@type":"BreadcrumbList","@id":"https:\/\/www.albertopeixoto.com.br\/blog\/2020\/06\/16\/feira-imprensa-tenta-manter-uma-mistica-politica-sobre-o-ex-prefeito-que-nao-existe-por-sergio-jones\/#breadcrumb","itemListElement":[{"@type":"ListItem","position":1,"name":"In\u00edcio","item":"https:\/\/www.albertopeixoto.com.br\/blog\/"},{"@type":"ListItem","position":2,"name":"Feira: imprensa tenta manter uma m\u00edstica pol\u00edtica sobre o ex-prefeito que n\u00e3o existe\/Por S\u00e9rgio Jones*"}]},{"@type":"WebSite","@id":"https:\/\/www.albertopeixoto.com.br\/blog\/#website","url":"https:\/\/www.albertopeixoto.com.br\/blog\/","name":"Alberto Peixoto","description":"Site do escritor feirense Alberto Peixoto","publisher":{"@id":"https:\/\/www.albertopeixoto.com.br\/blog\/#\/schema\/person\/7c0ad65e044773b9ace71e4bed27392e"},"potentialAction":[{"@type":"SearchAction","target":{"@type":"EntryPoint","urlTemplate":"https:\/\/www.albertopeixoto.com.br\/blog\/?s={search_term_string}"},"query-input":{"@type":"PropertyValueSpecification","valueRequired":true,"valueName":"search_term_string"}}],"inLanguage":"pt-BR"},{"@type":["Person","Organization"],"@id":"https:\/\/www.albertopeixoto.com.br\/blog\/#\/schema\/person\/7c0ad65e044773b9ace71e4bed27392e","name":"Alberto Peixoto","image":{"@type":"ImageObject","inLanguage":"pt-BR","@id":"https:\/\/secure.gravatar.com\/avatar\/56073ba688fdc11029c75ad4a19a7d0404f80a73249f4fb56c9c021b86beab08?s=96&d=mm&r=g","url":"https:\/\/secure.gravatar.com\/avatar\/56073ba688fdc11029c75ad4a19a7d0404f80a73249f4fb56c9c021b86beab08?s=96&d=mm&r=g","contentUrl":"https:\/\/secure.gravatar.com\/avatar\/56073ba688fdc11029c75ad4a19a7d0404f80a73249f4fb56c9c021b86beab08?s=96&d=mm&r=g","caption":"Alberto Peixoto"},"logo":{"@id":"https:\/\/secure.gravatar.com\/avatar\/56073ba688fdc11029c75ad4a19a7d0404f80a73249f4fb56c9c021b86beab08?s=96&d=mm&r=g"},"sameAs":["https:\/\/www.albertopeixoto.com.br\/","https:\/\/www.facebook.com\/antonioalberto.oliveirapeixoto"],"url":"https:\/\/www.albertopeixoto.com.br\/blog\/author\/apeixoto\/"}]}},"_links":{"self":[{"href":"https:\/\/www.albertopeixoto.com.br\/blog\/wp-json\/wp\/v2\/posts\/2128","targetHints":{"allow":["GET"]}}],"collection":[{"href":"https:\/\/www.albertopeixoto.com.br\/blog\/wp-json\/wp\/v2\/posts"}],"about":[{"href":"https:\/\/www.albertopeixoto.com.br\/blog\/wp-json\/wp\/v2\/types\/post"}],"author":[{"embeddable":true,"href":"https:\/\/www.albertopeixoto.com.br\/blog\/wp-json\/wp\/v2\/users\/2"}],"replies":[{"embeddable":true,"href":"https:\/\/www.albertopeixoto.com.br\/blog\/wp-json\/wp\/v2\/comments?post=2128"}],"version-history":[{"count":1,"href":"https:\/\/www.albertopeixoto.com.br\/blog\/wp-json\/wp\/v2\/posts\/2128\/revisions"}],"predecessor-version":[{"id":2131,"href":"https:\/\/www.albertopeixoto.com.br\/blog\/wp-json\/wp\/v2\/posts\/2128\/revisions\/2131"}],"wp:attachment":[{"href":"https:\/\/www.albertopeixoto.com.br\/blog\/wp-json\/wp\/v2\/media?parent=2128"}],"wp:term":[{"taxonomy":"category","embeddable":true,"href":"https:\/\/www.albertopeixoto.com.br\/blog\/wp-json\/wp\/v2\/categories?post=2128"},{"taxonomy":"post_tag","embeddable":true,"href":"https:\/\/www.albertopeixoto.com.br\/blog\/wp-json\/wp\/v2\/tags?post=2128"}],"curies":[{"name":"wp","href":"https:\/\/api.w.org\/{rel}","templated":true}]}}