{"id":2124,"date":"2020-06-15T19:59:10","date_gmt":"2020-06-15T22:59:10","guid":{"rendered":"https:\/\/www.albertopeixoto.com.br\/blog\/?p=2124"},"modified":"2020-06-16T09:50:01","modified_gmt":"2020-06-16T12:50:01","slug":"contra-tudo-e-todos-colbert-cede-as-pressoes-dos-empresarios-e-libera-abertura-do-comercio-em-feira-por-sergio-jones","status":"publish","type":"post","link":"https:\/\/www.albertopeixoto.com.br\/blog\/2020\/06\/15\/contra-tudo-e-todos-colbert-cede-as-pressoes-dos-empresarios-e-libera-abertura-do-comercio-em-feira-por-sergio-jones\/","title":{"rendered":"Contra tudo e todos Colbert cede \u00e0s press\u00f5es dos empres\u00e1rios e libera abertura do com\u00e9rcio em Feira\/Por S\u00e9rgio Jones*"},"content":{"rendered":"\n<figure class=\"wp-block-image size-large is-resized\"><img loading=\"lazy\" decoding=\"async\" src=\"https:\/\/www.albertopeixoto.com.br\/blog\/wp-content\/uploads\/2020\/06\/o-prefeito-e-os-empres\u00e1rios.jpg\" alt=\"\" class=\"wp-image-2125\" width=\"599\" height=\"349\" srcset=\"https:\/\/www.albertopeixoto.com.br\/blog\/wp-content\/uploads\/2020\/06\/o-prefeito-e-os-empres\u00e1rios.jpg 600w, https:\/\/www.albertopeixoto.com.br\/blog\/wp-content\/uploads\/2020\/06\/o-prefeito-e-os-empres\u00e1rios-300x175.jpg 300w\" sizes=\"auto, (max-width: 599px) 100vw, 599px\" \/><figcaption><strong>O prefeito e os empres\u00e1rios na abertura do com\u00e9rcio<\/strong><\/figcaption><\/figure>\n\n\n\n<p class=\"wp-block-paragraph\">De forma genocida e irrespons\u00e1vel o dubl\u00ea de prefeito e m\u00e9dico, Colbert Martins, se curva, mais uma vez, diante dos interesses financeiros de uma casta de abutres, colocando os mesmos acima da sa\u00fade e bem &#8211; estar da popula\u00e7\u00e3o feirense.<\/p>\n\n\n\n<p class=\"wp-block-paragraph\">Demonstrando uma fraqueza de car\u00e1ter e falta de compromisso para com a coletividade, em uma atitude criminosa o arremedo de prefeito sinalizou que a partir de hoje, segunda-feira 15, n\u00e3o mais renovar\u00e1 o decreto de fechamento do com\u00e9rcio de Feira de Santana.<\/p>\n\n\n\n<p class=\"wp-block-paragraph\">O gesto causou espanto e revolta no seio do povo que n\u00e3o aceita esse escalonamento divulgado para a reabertura das lojas, inclusive dos shoppings.<\/p>\n\n\n\n<p class=\"wp-block-paragraph\">A atitude irrespons\u00e1vel do mandat\u00e1rio causou perplexidade do diretor do Hospital Geral Cleriston Andrade, Jos\u00e9 Carlos Pitangueira. Que se posiciona contr\u00e1rio a reabertura e aproveita para fazer o alerta de que todos os leitos do referido hospital est\u00e3o lotados.<\/p>\n\n\n\n<p class=\"wp-block-paragraph\">Quanto a inaugura\u00e7\u00e3o do novo HGCA 2, com mais 40 leitos de UTI exclusivas para coronav\u00edrus est\u00e1 prevista para acontecer no fim de junho. A decis\u00e3o criminosa adotada, de forma intempestiva, pelo atual prefeito e seus c\u00famplices \u00e9 de alto risco na preserva\u00e7\u00e3o da sa\u00fade da coletividade. O diretor faz o seguinte alerta: \u201c&#8230; caso o prefeito reabra o com\u00e9rcio, ele precisa assumir a responsabilidade do que essa decis\u00e3o poder\u00e1 causar\u201d.<\/p>\n\n\n\n<p class=\"wp-block-paragraph\">A medida a ser adotada a partir de hoje em Feira tamb\u00e9m vai de encontro o que determina a Defensoria P\u00fablica do Estado da Bahia que orientou a Prefeitura de Feira de Santana a manter o com\u00e9rcio e v\u00e1rias outras atividades empresariais suspensas.<\/p>\n\n\n\n<p class=\"wp-block-paragraph\">Em of\u00edcio enviado ao Executivo municipal, a Defensoria destaca que o retorno \u00e0s atividades nos pr\u00f3ximos dias poder\u00e1 ocasionar \u201c uma desenfreada propaga\u00e7\u00e3o da covid-19, com o consequente e prov\u00e1vel colapso do sistema de sa\u00fade, como j\u00e1 ocorreu em diversas cidades do mundo\u201d.<\/p>\n\n\n\n<p class=\"wp-block-paragraph\">Mesmo diante das evid\u00eancias e recomenda\u00e7\u00f5es que est\u00e3o respaldadas pelas Organiza\u00e7\u00e3o Mundial da Sa\u00fade (OMS), Minist\u00e9rio da Sa\u00fade, e Secretaria de Sa\u00fade da Bahia (Sesab).<\/p>\n\n\n\n<p class=\"wp-block-paragraph\">Da necessidade de manter o isolamento social para evitar propaga\u00e7\u00e3o maior do covid-19-19. O prefeito insiste em continuar nessa senda criminosa que conduz o genoc\u00eddio coletivo do povo feirense.<\/p>\n\n\n\n<p class=\"wp-block-paragraph\"><strong>S\u00e9rgio Jones, jornalista (sergiojones@live.com)<\/strong><strong><\/strong><\/p>\n","protected":false},"excerpt":{"rendered":"<p>De forma genocida e irrespons\u00e1vel o dubl\u00ea de prefeito e m\u00e9dico, Colbert Martins, se curva, mais uma vez, diante dos interesses financeiros de uma casta de abutres, colocando os mesmos acima da sa\u00fade e bem &#8211; estar da popula\u00e7\u00e3o feirense. &hellip; <a href=\"https:\/\/www.albertopeixoto.com.br\/blog\/2020\/06\/15\/contra-tudo-e-todos-colbert-cede-as-pressoes-dos-empresarios-e-libera-abertura-do-comercio-em-feira-por-sergio-jones\/\">Continue reading <span class=\"meta-nav\">&rarr;<\/span><\/a><\/p>\n","protected":false},"author":2,"featured_media":0,"comment_status":"open","ping_status":"open","sticky":false,"template":"","format":"standard","meta":{"footnotes":""},"categories":[1],"tags":[],"class_list":["post-2124","post","type-post","status-publish","format-standard","hentry","category-sem-categoria"],"yoast_head":"<!-- This site is optimized with the Yoast SEO plugin v28.3 - https:\/\/yoast.com\/product\/yoast-seo-wordpress\/ -->\n<title>Contra tudo e todos Colbert cede \u00e0s press\u00f5es dos empres\u00e1rios e libera abertura do com\u00e9rcio em Feira\/Por S\u00e9rgio Jones* - Alberto Peixoto<\/title>\n<meta name=\"robots\" content=\"index, follow, max-snippet:-1, max-image-preview:large, max-video-preview:-1\" \/>\n<link rel=\"canonical\" href=\"https:\/\/www.albertopeixoto.com.br\/blog\/2020\/06\/15\/contra-tudo-e-todos-colbert-cede-as-pressoes-dos-empresarios-e-libera-abertura-do-comercio-em-feira-por-sergio-jones\/\" \/>\n<meta property=\"og:locale\" content=\"pt_BR\" \/>\n<meta property=\"og:type\" content=\"article\" \/>\n<meta property=\"og:title\" content=\"Contra tudo e todos Colbert cede \u00e0s press\u00f5es dos empres\u00e1rios e libera abertura do com\u00e9rcio em Feira\/Por S\u00e9rgio Jones* - Alberto Peixoto\" \/>\n<meta property=\"og:description\" content=\"De forma genocida e irrespons\u00e1vel o dubl\u00ea de prefeito e m\u00e9dico, Colbert Martins, se curva, mais uma vez, diante dos interesses financeiros de uma casta de abutres, colocando os mesmos acima da sa\u00fade e bem &#8211; estar da popula\u00e7\u00e3o feirense. &hellip; Continue reading &rarr;\" \/>\n<meta property=\"og:url\" content=\"https:\/\/www.albertopeixoto.com.br\/blog\/2020\/06\/15\/contra-tudo-e-todos-colbert-cede-as-pressoes-dos-empresarios-e-libera-abertura-do-comercio-em-feira-por-sergio-jones\/\" \/>\n<meta property=\"og:site_name\" content=\"Alberto Peixoto\" \/>\n<meta property=\"article:publisher\" content=\"https:\/\/www.facebook.com\/antonioalberto.oliveirapeixoto\" \/>\n<meta property=\"article:author\" content=\"https:\/\/www.facebook.com\/antonioalberto.oliveirapeixoto\" \/>\n<meta property=\"article:published_time\" content=\"2020-06-15T22:59:10+00:00\" \/>\n<meta property=\"article:modified_time\" content=\"2020-06-16T12:50:01+00:00\" \/>\n<meta property=\"og:image\" content=\"https:\/\/www.albertopeixoto.com.br\/blog\/wp-content\/uploads\/2020\/06\/o-prefeito-e-os-empres\u00e1rios.jpg\" \/>\n<meta name=\"author\" content=\"Alberto Peixoto\" \/>\n<meta name=\"twitter:card\" content=\"summary_large_image\" \/>\n<meta name=\"twitter:label1\" content=\"Escrito por\" \/>\n\t<meta name=\"twitter:data1\" content=\"Alberto Peixoto\" \/>\n\t<meta name=\"twitter:label2\" content=\"Est. tempo de leitura\" \/>\n\t<meta name=\"twitter:data2\" content=\"2 minutos\" \/>\n<script type=\"application\/ld+json\" class=\"yoast-schema-graph\">{\"@context\":\"https:\\\/\\\/schema.org\",\"@graph\":[{\"@type\":\"Article\",\"@id\":\"https:\\\/\\\/www.albertopeixoto.com.br\\\/blog\\\/2020\\\/06\\\/15\\\/contra-tudo-e-todos-colbert-cede-as-pressoes-dos-empresarios-e-libera-abertura-do-comercio-em-feira-por-sergio-jones\\\/#article\",\"isPartOf\":{\"@id\":\"https:\\\/\\\/www.albertopeixoto.com.br\\\/blog\\\/2020\\\/06\\\/15\\\/contra-tudo-e-todos-colbert-cede-as-pressoes-dos-empresarios-e-libera-abertura-do-comercio-em-feira-por-sergio-jones\\\/\"},\"author\":{\"name\":\"Alberto Peixoto\",\"@id\":\"https:\\\/\\\/www.albertopeixoto.com.br\\\/blog\\\/#\\\/schema\\\/person\\\/7c0ad65e044773b9ace71e4bed27392e\"},\"headline\":\"Contra tudo e todos Colbert cede \u00e0s press\u00f5es dos empres\u00e1rios e libera abertura do com\u00e9rcio em Feira\\\/Por S\u00e9rgio Jones*\",\"datePublished\":\"2020-06-15T22:59:10+00:00\",\"dateModified\":\"2020-06-16T12:50:01+00:00\",\"mainEntityOfPage\":{\"@id\":\"https:\\\/\\\/www.albertopeixoto.com.br\\\/blog\\\/2020\\\/06\\\/15\\\/contra-tudo-e-todos-colbert-cede-as-pressoes-dos-empresarios-e-libera-abertura-do-comercio-em-feira-por-sergio-jones\\\/\"},\"wordCount\":432,\"commentCount\":0,\"publisher\":{\"@id\":\"https:\\\/\\\/www.albertopeixoto.com.br\\\/blog\\\/#\\\/schema\\\/person\\\/7c0ad65e044773b9ace71e4bed27392e\"},\"inLanguage\":\"pt-BR\",\"potentialAction\":[{\"@type\":\"CommentAction\",\"name\":\"Comment\",\"target\":[\"https:\\\/\\\/www.albertopeixoto.com.br\\\/blog\\\/2020\\\/06\\\/15\\\/contra-tudo-e-todos-colbert-cede-as-pressoes-dos-empresarios-e-libera-abertura-do-comercio-em-feira-por-sergio-jones\\\/#respond\"]}]},{\"@type\":\"WebPage\",\"@id\":\"https:\\\/\\\/www.albertopeixoto.com.br\\\/blog\\\/2020\\\/06\\\/15\\\/contra-tudo-e-todos-colbert-cede-as-pressoes-dos-empresarios-e-libera-abertura-do-comercio-em-feira-por-sergio-jones\\\/\",\"url\":\"https:\\\/\\\/www.albertopeixoto.com.br\\\/blog\\\/2020\\\/06\\\/15\\\/contra-tudo-e-todos-colbert-cede-as-pressoes-dos-empresarios-e-libera-abertura-do-comercio-em-feira-por-sergio-jones\\\/\",\"name\":\"Contra tudo e todos Colbert cede \u00e0s press\u00f5es dos empres\u00e1rios e libera abertura do com\u00e9rcio em Feira\\\/Por S\u00e9rgio Jones* - Alberto Peixoto\",\"isPartOf\":{\"@id\":\"https:\\\/\\\/www.albertopeixoto.com.br\\\/blog\\\/#website\"},\"datePublished\":\"2020-06-15T22:59:10+00:00\",\"dateModified\":\"2020-06-16T12:50:01+00:00\",\"breadcrumb\":{\"@id\":\"https:\\\/\\\/www.albertopeixoto.com.br\\\/blog\\\/2020\\\/06\\\/15\\\/contra-tudo-e-todos-colbert-cede-as-pressoes-dos-empresarios-e-libera-abertura-do-comercio-em-feira-por-sergio-jones\\\/#breadcrumb\"},\"inLanguage\":\"pt-BR\",\"potentialAction\":[{\"@type\":\"ReadAction\",\"target\":[\"https:\\\/\\\/www.albertopeixoto.com.br\\\/blog\\\/2020\\\/06\\\/15\\\/contra-tudo-e-todos-colbert-cede-as-pressoes-dos-empresarios-e-libera-abertura-do-comercio-em-feira-por-sergio-jones\\\/\"]}]},{\"@type\":\"BreadcrumbList\",\"@id\":\"https:\\\/\\\/www.albertopeixoto.com.br\\\/blog\\\/2020\\\/06\\\/15\\\/contra-tudo-e-todos-colbert-cede-as-pressoes-dos-empresarios-e-libera-abertura-do-comercio-em-feira-por-sergio-jones\\\/#breadcrumb\",\"itemListElement\":[{\"@type\":\"ListItem\",\"position\":1,\"name\":\"In\u00edcio\",\"item\":\"https:\\\/\\\/www.albertopeixoto.com.br\\\/blog\\\/\"},{\"@type\":\"ListItem\",\"position\":2,\"name\":\"Contra tudo e todos Colbert cede \u00e0s press\u00f5es dos empres\u00e1rios e libera abertura do com\u00e9rcio em Feira\\\/Por S\u00e9rgio Jones*\"}]},{\"@type\":\"WebSite\",\"@id\":\"https:\\\/\\\/www.albertopeixoto.com.br\\\/blog\\\/#website\",\"url\":\"https:\\\/\\\/www.albertopeixoto.com.br\\\/blog\\\/\",\"name\":\"Alberto Peixoto\",\"description\":\"Site do escritor feirense Alberto Peixoto\",\"publisher\":{\"@id\":\"https:\\\/\\\/www.albertopeixoto.com.br\\\/blog\\\/#\\\/schema\\\/person\\\/7c0ad65e044773b9ace71e4bed27392e\"},\"potentialAction\":[{\"@type\":\"SearchAction\",\"target\":{\"@type\":\"EntryPoint\",\"urlTemplate\":\"https:\\\/\\\/www.albertopeixoto.com.br\\\/blog\\\/?s={search_term_string}\"},\"query-input\":{\"@type\":\"PropertyValueSpecification\",\"valueRequired\":true,\"valueName\":\"search_term_string\"}}],\"inLanguage\":\"pt-BR\"},{\"@type\":[\"Person\",\"Organization\"],\"@id\":\"https:\\\/\\\/www.albertopeixoto.com.br\\\/blog\\\/#\\\/schema\\\/person\\\/7c0ad65e044773b9ace71e4bed27392e\",\"name\":\"Alberto Peixoto\",\"image\":{\"@type\":\"ImageObject\",\"inLanguage\":\"pt-BR\",\"@id\":\"https:\\\/\\\/secure.gravatar.com\\\/avatar\\\/56073ba688fdc11029c75ad4a19a7d0404f80a73249f4fb56c9c021b86beab08?s=96&d=mm&r=g\",\"url\":\"https:\\\/\\\/secure.gravatar.com\\\/avatar\\\/56073ba688fdc11029c75ad4a19a7d0404f80a73249f4fb56c9c021b86beab08?s=96&d=mm&r=g\",\"contentUrl\":\"https:\\\/\\\/secure.gravatar.com\\\/avatar\\\/56073ba688fdc11029c75ad4a19a7d0404f80a73249f4fb56c9c021b86beab08?s=96&d=mm&r=g\",\"caption\":\"Alberto Peixoto\"},\"logo\":{\"@id\":\"https:\\\/\\\/secure.gravatar.com\\\/avatar\\\/56073ba688fdc11029c75ad4a19a7d0404f80a73249f4fb56c9c021b86beab08?s=96&d=mm&r=g\"},\"sameAs\":[\"https:\\\/\\\/www.albertopeixoto.com.br\\\/\",\"https:\\\/\\\/www.facebook.com\\\/antonioalberto.oliveirapeixoto\"],\"url\":\"https:\\\/\\\/www.albertopeixoto.com.br\\\/blog\\\/author\\\/apeixoto\\\/\"}]}<\/script>\n<!-- \/ Yoast SEO plugin. -->","yoast_head_json":{"title":"Contra tudo e todos Colbert cede \u00e0s press\u00f5es dos empres\u00e1rios e libera abertura do com\u00e9rcio em Feira\/Por S\u00e9rgio Jones* - Alberto Peixoto","robots":{"index":"index","follow":"follow","max-snippet":"max-snippet:-1","max-image-preview":"max-image-preview:large","max-video-preview":"max-video-preview:-1"},"canonical":"https:\/\/www.albertopeixoto.com.br\/blog\/2020\/06\/15\/contra-tudo-e-todos-colbert-cede-as-pressoes-dos-empresarios-e-libera-abertura-do-comercio-em-feira-por-sergio-jones\/","og_locale":"pt_BR","og_type":"article","og_title":"Contra tudo e todos Colbert cede \u00e0s press\u00f5es dos empres\u00e1rios e libera abertura do com\u00e9rcio em Feira\/Por S\u00e9rgio Jones* - Alberto Peixoto","og_description":"De forma genocida e irrespons\u00e1vel o dubl\u00ea de prefeito e m\u00e9dico, Colbert Martins, se curva, mais uma vez, diante dos interesses financeiros de uma casta de abutres, colocando os mesmos acima da sa\u00fade e bem &#8211; estar da popula\u00e7\u00e3o feirense. &hellip; Continue reading &rarr;","og_url":"https:\/\/www.albertopeixoto.com.br\/blog\/2020\/06\/15\/contra-tudo-e-todos-colbert-cede-as-pressoes-dos-empresarios-e-libera-abertura-do-comercio-em-feira-por-sergio-jones\/","og_site_name":"Alberto Peixoto","article_publisher":"https:\/\/www.facebook.com\/antonioalberto.oliveirapeixoto","article_author":"https:\/\/www.facebook.com\/antonioalberto.oliveirapeixoto","article_published_time":"2020-06-15T22:59:10+00:00","article_modified_time":"2020-06-16T12:50:01+00:00","og_image":[{"url":"https:\/\/www.albertopeixoto.com.br\/blog\/wp-content\/uploads\/2020\/06\/o-prefeito-e-os-empres\u00e1rios.jpg","type":"","width":"","height":""}],"author":"Alberto Peixoto","twitter_card":"summary_large_image","twitter_misc":{"Escrito por":"Alberto Peixoto","Est. tempo de leitura":"2 minutos"},"schema":{"@context":"https:\/\/schema.org","@graph":[{"@type":"Article","@id":"https:\/\/www.albertopeixoto.com.br\/blog\/2020\/06\/15\/contra-tudo-e-todos-colbert-cede-as-pressoes-dos-empresarios-e-libera-abertura-do-comercio-em-feira-por-sergio-jones\/#article","isPartOf":{"@id":"https:\/\/www.albertopeixoto.com.br\/blog\/2020\/06\/15\/contra-tudo-e-todos-colbert-cede-as-pressoes-dos-empresarios-e-libera-abertura-do-comercio-em-feira-por-sergio-jones\/"},"author":{"name":"Alberto Peixoto","@id":"https:\/\/www.albertopeixoto.com.br\/blog\/#\/schema\/person\/7c0ad65e044773b9ace71e4bed27392e"},"headline":"Contra tudo e todos Colbert cede \u00e0s press\u00f5es dos empres\u00e1rios e libera abertura do com\u00e9rcio em Feira\/Por S\u00e9rgio Jones*","datePublished":"2020-06-15T22:59:10+00:00","dateModified":"2020-06-16T12:50:01+00:00","mainEntityOfPage":{"@id":"https:\/\/www.albertopeixoto.com.br\/blog\/2020\/06\/15\/contra-tudo-e-todos-colbert-cede-as-pressoes-dos-empresarios-e-libera-abertura-do-comercio-em-feira-por-sergio-jones\/"},"wordCount":432,"commentCount":0,"publisher":{"@id":"https:\/\/www.albertopeixoto.com.br\/blog\/#\/schema\/person\/7c0ad65e044773b9ace71e4bed27392e"},"inLanguage":"pt-BR","potentialAction":[{"@type":"CommentAction","name":"Comment","target":["https:\/\/www.albertopeixoto.com.br\/blog\/2020\/06\/15\/contra-tudo-e-todos-colbert-cede-as-pressoes-dos-empresarios-e-libera-abertura-do-comercio-em-feira-por-sergio-jones\/#respond"]}]},{"@type":"WebPage","@id":"https:\/\/www.albertopeixoto.com.br\/blog\/2020\/06\/15\/contra-tudo-e-todos-colbert-cede-as-pressoes-dos-empresarios-e-libera-abertura-do-comercio-em-feira-por-sergio-jones\/","url":"https:\/\/www.albertopeixoto.com.br\/blog\/2020\/06\/15\/contra-tudo-e-todos-colbert-cede-as-pressoes-dos-empresarios-e-libera-abertura-do-comercio-em-feira-por-sergio-jones\/","name":"Contra tudo e todos Colbert cede \u00e0s press\u00f5es dos empres\u00e1rios e libera abertura do com\u00e9rcio em Feira\/Por S\u00e9rgio Jones* - Alberto Peixoto","isPartOf":{"@id":"https:\/\/www.albertopeixoto.com.br\/blog\/#website"},"datePublished":"2020-06-15T22:59:10+00:00","dateModified":"2020-06-16T12:50:01+00:00","breadcrumb":{"@id":"https:\/\/www.albertopeixoto.com.br\/blog\/2020\/06\/15\/contra-tudo-e-todos-colbert-cede-as-pressoes-dos-empresarios-e-libera-abertura-do-comercio-em-feira-por-sergio-jones\/#breadcrumb"},"inLanguage":"pt-BR","potentialAction":[{"@type":"ReadAction","target":["https:\/\/www.albertopeixoto.com.br\/blog\/2020\/06\/15\/contra-tudo-e-todos-colbert-cede-as-pressoes-dos-empresarios-e-libera-abertura-do-comercio-em-feira-por-sergio-jones\/"]}]},{"@type":"BreadcrumbList","@id":"https:\/\/www.albertopeixoto.com.br\/blog\/2020\/06\/15\/contra-tudo-e-todos-colbert-cede-as-pressoes-dos-empresarios-e-libera-abertura-do-comercio-em-feira-por-sergio-jones\/#breadcrumb","itemListElement":[{"@type":"ListItem","position":1,"name":"In\u00edcio","item":"https:\/\/www.albertopeixoto.com.br\/blog\/"},{"@type":"ListItem","position":2,"name":"Contra tudo e todos Colbert cede \u00e0s press\u00f5es dos empres\u00e1rios e libera abertura do com\u00e9rcio em Feira\/Por S\u00e9rgio Jones*"}]},{"@type":"WebSite","@id":"https:\/\/www.albertopeixoto.com.br\/blog\/#website","url":"https:\/\/www.albertopeixoto.com.br\/blog\/","name":"Alberto Peixoto","description":"Site do escritor feirense Alberto Peixoto","publisher":{"@id":"https:\/\/www.albertopeixoto.com.br\/blog\/#\/schema\/person\/7c0ad65e044773b9ace71e4bed27392e"},"potentialAction":[{"@type":"SearchAction","target":{"@type":"EntryPoint","urlTemplate":"https:\/\/www.albertopeixoto.com.br\/blog\/?s={search_term_string}"},"query-input":{"@type":"PropertyValueSpecification","valueRequired":true,"valueName":"search_term_string"}}],"inLanguage":"pt-BR"},{"@type":["Person","Organization"],"@id":"https:\/\/www.albertopeixoto.com.br\/blog\/#\/schema\/person\/7c0ad65e044773b9ace71e4bed27392e","name":"Alberto Peixoto","image":{"@type":"ImageObject","inLanguage":"pt-BR","@id":"https:\/\/secure.gravatar.com\/avatar\/56073ba688fdc11029c75ad4a19a7d0404f80a73249f4fb56c9c021b86beab08?s=96&d=mm&r=g","url":"https:\/\/secure.gravatar.com\/avatar\/56073ba688fdc11029c75ad4a19a7d0404f80a73249f4fb56c9c021b86beab08?s=96&d=mm&r=g","contentUrl":"https:\/\/secure.gravatar.com\/avatar\/56073ba688fdc11029c75ad4a19a7d0404f80a73249f4fb56c9c021b86beab08?s=96&d=mm&r=g","caption":"Alberto Peixoto"},"logo":{"@id":"https:\/\/secure.gravatar.com\/avatar\/56073ba688fdc11029c75ad4a19a7d0404f80a73249f4fb56c9c021b86beab08?s=96&d=mm&r=g"},"sameAs":["https:\/\/www.albertopeixoto.com.br\/","https:\/\/www.facebook.com\/antonioalberto.oliveirapeixoto"],"url":"https:\/\/www.albertopeixoto.com.br\/blog\/author\/apeixoto\/"}]}},"_links":{"self":[{"href":"https:\/\/www.albertopeixoto.com.br\/blog\/wp-json\/wp\/v2\/posts\/2124","targetHints":{"allow":["GET"]}}],"collection":[{"href":"https:\/\/www.albertopeixoto.com.br\/blog\/wp-json\/wp\/v2\/posts"}],"about":[{"href":"https:\/\/www.albertopeixoto.com.br\/blog\/wp-json\/wp\/v2\/types\/post"}],"author":[{"embeddable":true,"href":"https:\/\/www.albertopeixoto.com.br\/blog\/wp-json\/wp\/v2\/users\/2"}],"replies":[{"embeddable":true,"href":"https:\/\/www.albertopeixoto.com.br\/blog\/wp-json\/wp\/v2\/comments?post=2124"}],"version-history":[{"count":2,"href":"https:\/\/www.albertopeixoto.com.br\/blog\/wp-json\/wp\/v2\/posts\/2124\/revisions"}],"predecessor-version":[{"id":2127,"href":"https:\/\/www.albertopeixoto.com.br\/blog\/wp-json\/wp\/v2\/posts\/2124\/revisions\/2127"}],"wp:attachment":[{"href":"https:\/\/www.albertopeixoto.com.br\/blog\/wp-json\/wp\/v2\/media?parent=2124"}],"wp:term":[{"taxonomy":"category","embeddable":true,"href":"https:\/\/www.albertopeixoto.com.br\/blog\/wp-json\/wp\/v2\/categories?post=2124"},{"taxonomy":"post_tag","embeddable":true,"href":"https:\/\/www.albertopeixoto.com.br\/blog\/wp-json\/wp\/v2\/tags?post=2124"}],"curies":[{"name":"wp","href":"https:\/\/api.w.org\/{rel}","templated":true}]}}