{"id":2121,"date":"2020-06-15T14:02:33","date_gmt":"2020-06-15T17:02:33","guid":{"rendered":"https:\/\/www.albertopeixoto.com.br\/blog\/?p=2121"},"modified":"2020-06-15T14:02:36","modified_gmt":"2020-06-15T17:02:36","slug":"winter-besta-fera-bolsonarista-e-retirada-de-circulacao-pela-pf-por-sergio-jones","status":"publish","type":"post","link":"https:\/\/www.albertopeixoto.com.br\/blog\/2020\/06\/15\/winter-besta-fera-bolsonarista-e-retirada-de-circulacao-pela-pf-por-sergio-jones\/","title":{"rendered":"Winter: besta-fera bolsonarista \u00e9 retirada de circula\u00e7\u00e3o pela PF\/ Por S\u00e9rgio Jones*"},"content":{"rendered":"\n<figure class=\"wp-block-image size-large is-resized\"><img loading=\"lazy\" decoding=\"async\" src=\"https:\/\/www.albertopeixoto.com.br\/blog\/wp-content\/uploads\/2020\/06\/sara-winter-e-presa-pela-pf-em-brasilia-jpg-1.jpg\" alt=\"\" class=\"wp-image-2122\" width=\"597\" height=\"357\" srcset=\"https:\/\/www.albertopeixoto.com.br\/blog\/wp-content\/uploads\/2020\/06\/sara-winter-e-presa-pela-pf-em-brasilia-jpg-1.jpg 801w, https:\/\/www.albertopeixoto.com.br\/blog\/wp-content\/uploads\/2020\/06\/sara-winter-e-presa-pela-pf-em-brasilia-jpg-1-300x180.jpg 300w, https:\/\/www.albertopeixoto.com.br\/blog\/wp-content\/uploads\/2020\/06\/sara-winter-e-presa-pela-pf-em-brasilia-jpg-1-768x460.jpg 768w\" sizes=\"auto, (max-width: 597px) 100vw, 597px\" \/><figcaption><strong><a href=\"https:\/\/popularmais.com.br\/noticia\/3022\/sara-winter-e-presa-pela-pf-em-brasilia.html\">Sara Winter \u00e9 presa pela PF em Bras\u00edlia<\/a><\/strong><br><strong><a href=\"Popular Mais\">FOTO: Popular Mais<\/a><\/strong><\/figcaption><\/figure>\n\n\n\n<p class=\"wp-block-paragraph\">Demorou muito para que justi\u00e7a fosse feita em rela\u00e7\u00e3o a essa besta amestrada bolsonarista conhecida como ativista pol\u00edtica de extrema direita, Sara Winter.<\/p>\n\n\n\n<p class=\"wp-block-paragraph\">Possuidora de uma mente enferma e de um discurso de \u00f3dio e intoler\u00e2ncia, como consider\u00e1vel maioria que apoia o presidente criminoso Jair Bolsonaro, a ensandecida e mencionada figura bizarra finalmente foi presa pela Pol\u00edcia Federal na manh\u00e3 desta segunda-feira (15), em Bras\u00edlia. O mandado de pris\u00e3o foi expedido pelo ministro Alexandre de Moraes.<\/p>\n\n\n\n<p class=\"wp-block-paragraph\">A pris\u00e3o da meliante e militante bolsonarista aconteceu logo ap\u00f3s esse fim de semana. Quando a mesma participava de manifesta\u00e7\u00f5es de vandalismo contra o Supremo Tribunal Federal (STF).<\/p>\n\n\n\n<p class=\"wp-block-paragraph\">A famigerada delinquente \u00e9 uma das indiciadas no inqu\u00e9rito sob investiga\u00e7\u00e3o do Supremo Tribunal Federal (STF) sobre a dissemina\u00e7\u00e3o de fake news nas redes sociais. No in\u00edcio deste m\u00eas, a aberra\u00e7\u00e3o bolsonarista divulgou v\u00eddeos amea\u00e7ando o relator do processo, o ministro Alexandre de Moraes.<\/p>\n\n\n\n<p class=\"wp-block-paragraph\">Em Bras\u00edlia, Sara Winter \u00e9 reconhecida como respons\u00e1vel pelo acampamento 300 do Brasil. A gangue se auto intitula como o maior acampamento de a\u00e7\u00f5es estrat\u00e9gicas contra a corrup\u00e7\u00e3o e a esquerda do mundo.<\/p>\n\n\n\n<p class=\"wp-block-paragraph\">O acampamento \u00e9 o principal incentivador dos recentes protestos antidemocr\u00e1ticos ocorridos na Esplanada a favor do n\u00e3o menos ser bestial o presidente da Rep\u00fablica, Jair Bolsonaro.<\/p>\n\n\n\n<p class=\"wp-block-paragraph\">Ela e sua caterva de seguidores t\u00eam se posicionado de forma reiterada e sistem\u00e1tica contra o Congresso e o Supremo Tribunal Federal (STF). Como professa o velho e s\u00e1bio proverbio popular, pedras que se soltam, n\u00e3o tem volta.<\/p>\n\n\n\n<p class=\"wp-block-paragraph\"><strong>S\u00e9rgio Jones, jornalista (sergiojones@live.com)<\/strong><\/p>\n\n\n\n<p class=\"wp-block-paragraph\"><\/p>\n","protected":false},"excerpt":{"rendered":"<p>Demorou muito para que justi\u00e7a fosse feita em rela\u00e7\u00e3o a essa besta amestrada bolsonarista conhecida como ativista pol\u00edtica de extrema direita, Sara Winter. Possuidora de uma mente enferma e de um discurso de \u00f3dio e intoler\u00e2ncia, como consider\u00e1vel maioria que &hellip; <a href=\"https:\/\/www.albertopeixoto.com.br\/blog\/2020\/06\/15\/winter-besta-fera-bolsonarista-e-retirada-de-circulacao-pela-pf-por-sergio-jones\/\">Continue reading <span class=\"meta-nav\">&rarr;<\/span><\/a><\/p>\n","protected":false},"author":2,"featured_media":0,"comment_status":"open","ping_status":"open","sticky":false,"template":"","format":"standard","meta":{"footnotes":""},"categories":[1],"tags":[],"class_list":["post-2121","post","type-post","status-publish","format-standard","hentry","category-sem-categoria"],"yoast_head":"<!-- This site is optimized with the Yoast SEO plugin v28.3 - https:\/\/yoast.com\/product\/yoast-seo-wordpress\/ -->\n<title>Winter: besta-fera bolsonarista \u00e9 retirada de circula\u00e7\u00e3o pela PF\/ Por S\u00e9rgio Jones* - Alberto Peixoto<\/title>\n<meta name=\"robots\" content=\"index, follow, max-snippet:-1, max-image-preview:large, max-video-preview:-1\" \/>\n<link rel=\"canonical\" href=\"https:\/\/www.albertopeixoto.com.br\/blog\/2020\/06\/15\/winter-besta-fera-bolsonarista-e-retirada-de-circulacao-pela-pf-por-sergio-jones\/\" \/>\n<meta property=\"og:locale\" content=\"pt_BR\" \/>\n<meta property=\"og:type\" content=\"article\" \/>\n<meta property=\"og:title\" content=\"Winter: besta-fera bolsonarista \u00e9 retirada de circula\u00e7\u00e3o pela PF\/ Por S\u00e9rgio Jones* - Alberto Peixoto\" \/>\n<meta property=\"og:description\" content=\"Demorou muito para que justi\u00e7a fosse feita em rela\u00e7\u00e3o a essa besta amestrada bolsonarista conhecida como ativista pol\u00edtica de extrema direita, Sara Winter. Possuidora de uma mente enferma e de um discurso de \u00f3dio e intoler\u00e2ncia, como consider\u00e1vel maioria que &hellip; Continue reading &rarr;\" \/>\n<meta property=\"og:url\" content=\"https:\/\/www.albertopeixoto.com.br\/blog\/2020\/06\/15\/winter-besta-fera-bolsonarista-e-retirada-de-circulacao-pela-pf-por-sergio-jones\/\" \/>\n<meta property=\"og:site_name\" content=\"Alberto Peixoto\" \/>\n<meta property=\"article:publisher\" content=\"https:\/\/www.facebook.com\/antonioalberto.oliveirapeixoto\" \/>\n<meta property=\"article:author\" content=\"https:\/\/www.facebook.com\/antonioalberto.oliveirapeixoto\" \/>\n<meta property=\"article:published_time\" content=\"2020-06-15T17:02:33+00:00\" \/>\n<meta property=\"article:modified_time\" content=\"2020-06-15T17:02:36+00:00\" \/>\n<meta property=\"og:image\" content=\"https:\/\/www.albertopeixoto.com.br\/blog\/wp-content\/uploads\/2020\/06\/sara-winter-e-presa-pela-pf-em-brasilia-jpg-1.jpg\" \/>\n<meta name=\"author\" content=\"Alberto Peixoto\" \/>\n<meta name=\"twitter:card\" content=\"summary_large_image\" \/>\n<meta name=\"twitter:label1\" content=\"Escrito por\" \/>\n\t<meta name=\"twitter:data1\" content=\"Alberto Peixoto\" \/>\n\t<meta name=\"twitter:label2\" content=\"Est. tempo de leitura\" \/>\n\t<meta name=\"twitter:data2\" content=\"1 minuto\" \/>\n<script type=\"application\/ld+json\" class=\"yoast-schema-graph\">{\"@context\":\"https:\\\/\\\/schema.org\",\"@graph\":[{\"@type\":\"Article\",\"@id\":\"https:\\\/\\\/www.albertopeixoto.com.br\\\/blog\\\/2020\\\/06\\\/15\\\/winter-besta-fera-bolsonarista-e-retirada-de-circulacao-pela-pf-por-sergio-jones\\\/#article\",\"isPartOf\":{\"@id\":\"https:\\\/\\\/www.albertopeixoto.com.br\\\/blog\\\/2020\\\/06\\\/15\\\/winter-besta-fera-bolsonarista-e-retirada-de-circulacao-pela-pf-por-sergio-jones\\\/\"},\"author\":{\"name\":\"Alberto Peixoto\",\"@id\":\"https:\\\/\\\/www.albertopeixoto.com.br\\\/blog\\\/#\\\/schema\\\/person\\\/7c0ad65e044773b9ace71e4bed27392e\"},\"headline\":\"Winter: besta-fera bolsonarista \u00e9 retirada de circula\u00e7\u00e3o pela PF\\\/ Por S\u00e9rgio Jones*\",\"datePublished\":\"2020-06-15T17:02:33+00:00\",\"dateModified\":\"2020-06-15T17:02:36+00:00\",\"mainEntityOfPage\":{\"@id\":\"https:\\\/\\\/www.albertopeixoto.com.br\\\/blog\\\/2020\\\/06\\\/15\\\/winter-besta-fera-bolsonarista-e-retirada-de-circulacao-pela-pf-por-sergio-jones\\\/\"},\"wordCount\":302,\"commentCount\":0,\"publisher\":{\"@id\":\"https:\\\/\\\/www.albertopeixoto.com.br\\\/blog\\\/#\\\/schema\\\/person\\\/7c0ad65e044773b9ace71e4bed27392e\"},\"image\":{\"@id\":\"https:\\\/\\\/www.albertopeixoto.com.br\\\/blog\\\/2020\\\/06\\\/15\\\/winter-besta-fera-bolsonarista-e-retirada-de-circulacao-pela-pf-por-sergio-jones\\\/#primaryimage\"},\"thumbnailUrl\":\"https:\\\/\\\/www.albertopeixoto.com.br\\\/blog\\\/wp-content\\\/uploads\\\/2020\\\/06\\\/sara-winter-e-presa-pela-pf-em-brasilia-jpg-1.jpg\",\"inLanguage\":\"pt-BR\",\"potentialAction\":[{\"@type\":\"CommentAction\",\"name\":\"Comment\",\"target\":[\"https:\\\/\\\/www.albertopeixoto.com.br\\\/blog\\\/2020\\\/06\\\/15\\\/winter-besta-fera-bolsonarista-e-retirada-de-circulacao-pela-pf-por-sergio-jones\\\/#respond\"]}]},{\"@type\":\"WebPage\",\"@id\":\"https:\\\/\\\/www.albertopeixoto.com.br\\\/blog\\\/2020\\\/06\\\/15\\\/winter-besta-fera-bolsonarista-e-retirada-de-circulacao-pela-pf-por-sergio-jones\\\/\",\"url\":\"https:\\\/\\\/www.albertopeixoto.com.br\\\/blog\\\/2020\\\/06\\\/15\\\/winter-besta-fera-bolsonarista-e-retirada-de-circulacao-pela-pf-por-sergio-jones\\\/\",\"name\":\"Winter: besta-fera bolsonarista \u00e9 retirada de circula\u00e7\u00e3o pela PF\\\/ Por S\u00e9rgio Jones* - Alberto Peixoto\",\"isPartOf\":{\"@id\":\"https:\\\/\\\/www.albertopeixoto.com.br\\\/blog\\\/#website\"},\"primaryImageOfPage\":{\"@id\":\"https:\\\/\\\/www.albertopeixoto.com.br\\\/blog\\\/2020\\\/06\\\/15\\\/winter-besta-fera-bolsonarista-e-retirada-de-circulacao-pela-pf-por-sergio-jones\\\/#primaryimage\"},\"image\":{\"@id\":\"https:\\\/\\\/www.albertopeixoto.com.br\\\/blog\\\/2020\\\/06\\\/15\\\/winter-besta-fera-bolsonarista-e-retirada-de-circulacao-pela-pf-por-sergio-jones\\\/#primaryimage\"},\"thumbnailUrl\":\"https:\\\/\\\/www.albertopeixoto.com.br\\\/blog\\\/wp-content\\\/uploads\\\/2020\\\/06\\\/sara-winter-e-presa-pela-pf-em-brasilia-jpg-1.jpg\",\"datePublished\":\"2020-06-15T17:02:33+00:00\",\"dateModified\":\"2020-06-15T17:02:36+00:00\",\"breadcrumb\":{\"@id\":\"https:\\\/\\\/www.albertopeixoto.com.br\\\/blog\\\/2020\\\/06\\\/15\\\/winter-besta-fera-bolsonarista-e-retirada-de-circulacao-pela-pf-por-sergio-jones\\\/#breadcrumb\"},\"inLanguage\":\"pt-BR\",\"potentialAction\":[{\"@type\":\"ReadAction\",\"target\":[\"https:\\\/\\\/www.albertopeixoto.com.br\\\/blog\\\/2020\\\/06\\\/15\\\/winter-besta-fera-bolsonarista-e-retirada-de-circulacao-pela-pf-por-sergio-jones\\\/\"]}]},{\"@type\":\"ImageObject\",\"inLanguage\":\"pt-BR\",\"@id\":\"https:\\\/\\\/www.albertopeixoto.com.br\\\/blog\\\/2020\\\/06\\\/15\\\/winter-besta-fera-bolsonarista-e-retirada-de-circulacao-pela-pf-por-sergio-jones\\\/#primaryimage\",\"url\":\"https:\\\/\\\/www.albertopeixoto.com.br\\\/blog\\\/wp-content\\\/uploads\\\/2020\\\/06\\\/sara-winter-e-presa-pela-pf-em-brasilia-jpg-1.jpg\",\"contentUrl\":\"https:\\\/\\\/www.albertopeixoto.com.br\\\/blog\\\/wp-content\\\/uploads\\\/2020\\\/06\\\/sara-winter-e-presa-pela-pf-em-brasilia-jpg-1.jpg\",\"width\":801,\"height\":480},{\"@type\":\"BreadcrumbList\",\"@id\":\"https:\\\/\\\/www.albertopeixoto.com.br\\\/blog\\\/2020\\\/06\\\/15\\\/winter-besta-fera-bolsonarista-e-retirada-de-circulacao-pela-pf-por-sergio-jones\\\/#breadcrumb\",\"itemListElement\":[{\"@type\":\"ListItem\",\"position\":1,\"name\":\"In\u00edcio\",\"item\":\"https:\\\/\\\/www.albertopeixoto.com.br\\\/blog\\\/\"},{\"@type\":\"ListItem\",\"position\":2,\"name\":\"Winter: besta-fera bolsonarista \u00e9 retirada de circula\u00e7\u00e3o pela PF\\\/ Por S\u00e9rgio Jones*\"}]},{\"@type\":\"WebSite\",\"@id\":\"https:\\\/\\\/www.albertopeixoto.com.br\\\/blog\\\/#website\",\"url\":\"https:\\\/\\\/www.albertopeixoto.com.br\\\/blog\\\/\",\"name\":\"Alberto Peixoto\",\"description\":\"Site do escritor feirense Alberto Peixoto\",\"publisher\":{\"@id\":\"https:\\\/\\\/www.albertopeixoto.com.br\\\/blog\\\/#\\\/schema\\\/person\\\/7c0ad65e044773b9ace71e4bed27392e\"},\"potentialAction\":[{\"@type\":\"SearchAction\",\"target\":{\"@type\":\"EntryPoint\",\"urlTemplate\":\"https:\\\/\\\/www.albertopeixoto.com.br\\\/blog\\\/?s={search_term_string}\"},\"query-input\":{\"@type\":\"PropertyValueSpecification\",\"valueRequired\":true,\"valueName\":\"search_term_string\"}}],\"inLanguage\":\"pt-BR\"},{\"@type\":[\"Person\",\"Organization\"],\"@id\":\"https:\\\/\\\/www.albertopeixoto.com.br\\\/blog\\\/#\\\/schema\\\/person\\\/7c0ad65e044773b9ace71e4bed27392e\",\"name\":\"Alberto Peixoto\",\"image\":{\"@type\":\"ImageObject\",\"inLanguage\":\"pt-BR\",\"@id\":\"https:\\\/\\\/secure.gravatar.com\\\/avatar\\\/56073ba688fdc11029c75ad4a19a7d0404f80a73249f4fb56c9c021b86beab08?s=96&d=mm&r=g\",\"url\":\"https:\\\/\\\/secure.gravatar.com\\\/avatar\\\/56073ba688fdc11029c75ad4a19a7d0404f80a73249f4fb56c9c021b86beab08?s=96&d=mm&r=g\",\"contentUrl\":\"https:\\\/\\\/secure.gravatar.com\\\/avatar\\\/56073ba688fdc11029c75ad4a19a7d0404f80a73249f4fb56c9c021b86beab08?s=96&d=mm&r=g\",\"caption\":\"Alberto Peixoto\"},\"logo\":{\"@id\":\"https:\\\/\\\/secure.gravatar.com\\\/avatar\\\/56073ba688fdc11029c75ad4a19a7d0404f80a73249f4fb56c9c021b86beab08?s=96&d=mm&r=g\"},\"sameAs\":[\"https:\\\/\\\/www.albertopeixoto.com.br\\\/\",\"https:\\\/\\\/www.facebook.com\\\/antonioalberto.oliveirapeixoto\"],\"url\":\"https:\\\/\\\/www.albertopeixoto.com.br\\\/blog\\\/author\\\/apeixoto\\\/\"}]}<\/script>\n<!-- \/ Yoast SEO plugin. -->","yoast_head_json":{"title":"Winter: besta-fera bolsonarista \u00e9 retirada de circula\u00e7\u00e3o pela PF\/ Por S\u00e9rgio Jones* - Alberto Peixoto","robots":{"index":"index","follow":"follow","max-snippet":"max-snippet:-1","max-image-preview":"max-image-preview:large","max-video-preview":"max-video-preview:-1"},"canonical":"https:\/\/www.albertopeixoto.com.br\/blog\/2020\/06\/15\/winter-besta-fera-bolsonarista-e-retirada-de-circulacao-pela-pf-por-sergio-jones\/","og_locale":"pt_BR","og_type":"article","og_title":"Winter: besta-fera bolsonarista \u00e9 retirada de circula\u00e7\u00e3o pela PF\/ Por S\u00e9rgio Jones* - Alberto Peixoto","og_description":"Demorou muito para que justi\u00e7a fosse feita em rela\u00e7\u00e3o a essa besta amestrada bolsonarista conhecida como ativista pol\u00edtica de extrema direita, Sara Winter. Possuidora de uma mente enferma e de um discurso de \u00f3dio e intoler\u00e2ncia, como consider\u00e1vel maioria que &hellip; Continue reading &rarr;","og_url":"https:\/\/www.albertopeixoto.com.br\/blog\/2020\/06\/15\/winter-besta-fera-bolsonarista-e-retirada-de-circulacao-pela-pf-por-sergio-jones\/","og_site_name":"Alberto Peixoto","article_publisher":"https:\/\/www.facebook.com\/antonioalberto.oliveirapeixoto","article_author":"https:\/\/www.facebook.com\/antonioalberto.oliveirapeixoto","article_published_time":"2020-06-15T17:02:33+00:00","article_modified_time":"2020-06-15T17:02:36+00:00","og_image":[{"url":"https:\/\/www.albertopeixoto.com.br\/blog\/wp-content\/uploads\/2020\/06\/sara-winter-e-presa-pela-pf-em-brasilia-jpg-1.jpg","type":"","width":"","height":""}],"author":"Alberto Peixoto","twitter_card":"summary_large_image","twitter_misc":{"Escrito por":"Alberto Peixoto","Est. tempo de leitura":"1 minuto"},"schema":{"@context":"https:\/\/schema.org","@graph":[{"@type":"Article","@id":"https:\/\/www.albertopeixoto.com.br\/blog\/2020\/06\/15\/winter-besta-fera-bolsonarista-e-retirada-de-circulacao-pela-pf-por-sergio-jones\/#article","isPartOf":{"@id":"https:\/\/www.albertopeixoto.com.br\/blog\/2020\/06\/15\/winter-besta-fera-bolsonarista-e-retirada-de-circulacao-pela-pf-por-sergio-jones\/"},"author":{"name":"Alberto Peixoto","@id":"https:\/\/www.albertopeixoto.com.br\/blog\/#\/schema\/person\/7c0ad65e044773b9ace71e4bed27392e"},"headline":"Winter: besta-fera bolsonarista \u00e9 retirada de circula\u00e7\u00e3o pela PF\/ Por S\u00e9rgio Jones*","datePublished":"2020-06-15T17:02:33+00:00","dateModified":"2020-06-15T17:02:36+00:00","mainEntityOfPage":{"@id":"https:\/\/www.albertopeixoto.com.br\/blog\/2020\/06\/15\/winter-besta-fera-bolsonarista-e-retirada-de-circulacao-pela-pf-por-sergio-jones\/"},"wordCount":302,"commentCount":0,"publisher":{"@id":"https:\/\/www.albertopeixoto.com.br\/blog\/#\/schema\/person\/7c0ad65e044773b9ace71e4bed27392e"},"image":{"@id":"https:\/\/www.albertopeixoto.com.br\/blog\/2020\/06\/15\/winter-besta-fera-bolsonarista-e-retirada-de-circulacao-pela-pf-por-sergio-jones\/#primaryimage"},"thumbnailUrl":"https:\/\/www.albertopeixoto.com.br\/blog\/wp-content\/uploads\/2020\/06\/sara-winter-e-presa-pela-pf-em-brasilia-jpg-1.jpg","inLanguage":"pt-BR","potentialAction":[{"@type":"CommentAction","name":"Comment","target":["https:\/\/www.albertopeixoto.com.br\/blog\/2020\/06\/15\/winter-besta-fera-bolsonarista-e-retirada-de-circulacao-pela-pf-por-sergio-jones\/#respond"]}]},{"@type":"WebPage","@id":"https:\/\/www.albertopeixoto.com.br\/blog\/2020\/06\/15\/winter-besta-fera-bolsonarista-e-retirada-de-circulacao-pela-pf-por-sergio-jones\/","url":"https:\/\/www.albertopeixoto.com.br\/blog\/2020\/06\/15\/winter-besta-fera-bolsonarista-e-retirada-de-circulacao-pela-pf-por-sergio-jones\/","name":"Winter: besta-fera bolsonarista \u00e9 retirada de circula\u00e7\u00e3o pela PF\/ Por S\u00e9rgio Jones* - Alberto Peixoto","isPartOf":{"@id":"https:\/\/www.albertopeixoto.com.br\/blog\/#website"},"primaryImageOfPage":{"@id":"https:\/\/www.albertopeixoto.com.br\/blog\/2020\/06\/15\/winter-besta-fera-bolsonarista-e-retirada-de-circulacao-pela-pf-por-sergio-jones\/#primaryimage"},"image":{"@id":"https:\/\/www.albertopeixoto.com.br\/blog\/2020\/06\/15\/winter-besta-fera-bolsonarista-e-retirada-de-circulacao-pela-pf-por-sergio-jones\/#primaryimage"},"thumbnailUrl":"https:\/\/www.albertopeixoto.com.br\/blog\/wp-content\/uploads\/2020\/06\/sara-winter-e-presa-pela-pf-em-brasilia-jpg-1.jpg","datePublished":"2020-06-15T17:02:33+00:00","dateModified":"2020-06-15T17:02:36+00:00","breadcrumb":{"@id":"https:\/\/www.albertopeixoto.com.br\/blog\/2020\/06\/15\/winter-besta-fera-bolsonarista-e-retirada-de-circulacao-pela-pf-por-sergio-jones\/#breadcrumb"},"inLanguage":"pt-BR","potentialAction":[{"@type":"ReadAction","target":["https:\/\/www.albertopeixoto.com.br\/blog\/2020\/06\/15\/winter-besta-fera-bolsonarista-e-retirada-de-circulacao-pela-pf-por-sergio-jones\/"]}]},{"@type":"ImageObject","inLanguage":"pt-BR","@id":"https:\/\/www.albertopeixoto.com.br\/blog\/2020\/06\/15\/winter-besta-fera-bolsonarista-e-retirada-de-circulacao-pela-pf-por-sergio-jones\/#primaryimage","url":"https:\/\/www.albertopeixoto.com.br\/blog\/wp-content\/uploads\/2020\/06\/sara-winter-e-presa-pela-pf-em-brasilia-jpg-1.jpg","contentUrl":"https:\/\/www.albertopeixoto.com.br\/blog\/wp-content\/uploads\/2020\/06\/sara-winter-e-presa-pela-pf-em-brasilia-jpg-1.jpg","width":801,"height":480},{"@type":"BreadcrumbList","@id":"https:\/\/www.albertopeixoto.com.br\/blog\/2020\/06\/15\/winter-besta-fera-bolsonarista-e-retirada-de-circulacao-pela-pf-por-sergio-jones\/#breadcrumb","itemListElement":[{"@type":"ListItem","position":1,"name":"In\u00edcio","item":"https:\/\/www.albertopeixoto.com.br\/blog\/"},{"@type":"ListItem","position":2,"name":"Winter: besta-fera bolsonarista \u00e9 retirada de circula\u00e7\u00e3o pela PF\/ Por S\u00e9rgio Jones*"}]},{"@type":"WebSite","@id":"https:\/\/www.albertopeixoto.com.br\/blog\/#website","url":"https:\/\/www.albertopeixoto.com.br\/blog\/","name":"Alberto Peixoto","description":"Site do escritor feirense Alberto Peixoto","publisher":{"@id":"https:\/\/www.albertopeixoto.com.br\/blog\/#\/schema\/person\/7c0ad65e044773b9ace71e4bed27392e"},"potentialAction":[{"@type":"SearchAction","target":{"@type":"EntryPoint","urlTemplate":"https:\/\/www.albertopeixoto.com.br\/blog\/?s={search_term_string}"},"query-input":{"@type":"PropertyValueSpecification","valueRequired":true,"valueName":"search_term_string"}}],"inLanguage":"pt-BR"},{"@type":["Person","Organization"],"@id":"https:\/\/www.albertopeixoto.com.br\/blog\/#\/schema\/person\/7c0ad65e044773b9ace71e4bed27392e","name":"Alberto Peixoto","image":{"@type":"ImageObject","inLanguage":"pt-BR","@id":"https:\/\/secure.gravatar.com\/avatar\/56073ba688fdc11029c75ad4a19a7d0404f80a73249f4fb56c9c021b86beab08?s=96&d=mm&r=g","url":"https:\/\/secure.gravatar.com\/avatar\/56073ba688fdc11029c75ad4a19a7d0404f80a73249f4fb56c9c021b86beab08?s=96&d=mm&r=g","contentUrl":"https:\/\/secure.gravatar.com\/avatar\/56073ba688fdc11029c75ad4a19a7d0404f80a73249f4fb56c9c021b86beab08?s=96&d=mm&r=g","caption":"Alberto Peixoto"},"logo":{"@id":"https:\/\/secure.gravatar.com\/avatar\/56073ba688fdc11029c75ad4a19a7d0404f80a73249f4fb56c9c021b86beab08?s=96&d=mm&r=g"},"sameAs":["https:\/\/www.albertopeixoto.com.br\/","https:\/\/www.facebook.com\/antonioalberto.oliveirapeixoto"],"url":"https:\/\/www.albertopeixoto.com.br\/blog\/author\/apeixoto\/"}]}},"_links":{"self":[{"href":"https:\/\/www.albertopeixoto.com.br\/blog\/wp-json\/wp\/v2\/posts\/2121","targetHints":{"allow":["GET"]}}],"collection":[{"href":"https:\/\/www.albertopeixoto.com.br\/blog\/wp-json\/wp\/v2\/posts"}],"about":[{"href":"https:\/\/www.albertopeixoto.com.br\/blog\/wp-json\/wp\/v2\/types\/post"}],"author":[{"embeddable":true,"href":"https:\/\/www.albertopeixoto.com.br\/blog\/wp-json\/wp\/v2\/users\/2"}],"replies":[{"embeddable":true,"href":"https:\/\/www.albertopeixoto.com.br\/blog\/wp-json\/wp\/v2\/comments?post=2121"}],"version-history":[{"count":1,"href":"https:\/\/www.albertopeixoto.com.br\/blog\/wp-json\/wp\/v2\/posts\/2121\/revisions"}],"predecessor-version":[{"id":2123,"href":"https:\/\/www.albertopeixoto.com.br\/blog\/wp-json\/wp\/v2\/posts\/2121\/revisions\/2123"}],"wp:attachment":[{"href":"https:\/\/www.albertopeixoto.com.br\/blog\/wp-json\/wp\/v2\/media?parent=2121"}],"wp:term":[{"taxonomy":"category","embeddable":true,"href":"https:\/\/www.albertopeixoto.com.br\/blog\/wp-json\/wp\/v2\/categories?post=2121"},{"taxonomy":"post_tag","embeddable":true,"href":"https:\/\/www.albertopeixoto.com.br\/blog\/wp-json\/wp\/v2\/tags?post=2121"}],"curies":[{"name":"wp","href":"https:\/\/api.w.org\/{rel}","templated":true}]}}