{"id":2118,"date":"2020-06-13T10:34:54","date_gmt":"2020-06-13T13:34:54","guid":{"rendered":"https:\/\/www.albertopeixoto.com.br\/blog\/?p=2118"},"modified":"2020-06-13T10:34:57","modified_gmt":"2020-06-13T13:34:57","slug":"mendigos-em-feira-promovem-orgias-sob-o-viaduto-enquanto-o-poder-publico-permanece-indiferente-por-sergio-jones","status":"publish","type":"post","link":"https:\/\/www.albertopeixoto.com.br\/blog\/2020\/06\/13\/mendigos-em-feira-promovem-orgias-sob-o-viaduto-enquanto-o-poder-publico-permanece-indiferente-por-sergio-jones\/","title":{"rendered":"Mendigos em Feira promovem orgias sob o viaduto enquanto o poder p\u00fablico permanece indiferente\/ Por Sergio Jones*"},"content":{"rendered":"\n<figure class=\"wp-block-image size-large is-resized\"><img loading=\"lazy\" decoding=\"async\" src=\"https:\/\/www.albertopeixoto.com.br\/blog\/wp-content\/uploads\/2020\/06\/mendigo.jpg\" alt=\"\" class=\"wp-image-2119\" width=\"600\" height=\"399\" srcset=\"https:\/\/www.albertopeixoto.com.br\/blog\/wp-content\/uploads\/2020\/06\/mendigo.jpg 1024w, https:\/\/www.albertopeixoto.com.br\/blog\/wp-content\/uploads\/2020\/06\/mendigo-300x200.jpg 300w, https:\/\/www.albertopeixoto.com.br\/blog\/wp-content\/uploads\/2020\/06\/mendigo-768x512.jpg 768w\" sizes=\"auto, (max-width: 600px) 100vw, 600px\" \/><\/figure>\n\n\n\n<p class=\"wp-block-paragraph\">O que torna Feira de Santana uma cidade t\u00e3o emblem\u00e1tica quando o assunto em pauta \u00e9 a falta da preserva\u00e7\u00e3o e manuten\u00e7\u00e3o do patrim\u00f4nio p\u00fablico, a\u00e7\u00f5es do governo para manter o ambiente saud\u00e1vel, entre outras medidas do g\u00eanero? A resposta \u00e9 simples, a indiferen\u00e7a vis\u00edvel de abandono e descaso desse poder, que no momento s\u00f3 pensa \u2018naquilo\u2019, reelei\u00e7\u00e3o.<\/p>\n\n\n\n<p class=\"wp-block-paragraph\">A administra\u00e7\u00e3o local tem sido um desastre ap\u00f3s outro, ao longo de duas d\u00e9cadas. Todas essas mazelas se tornaram cada vez mais vis\u00edveis com o passar dos anos. Trafegando na contram\u00e3o da liberdade e da hist\u00f3ria, estamos vivendo um paradoxo em plena pandemia.<\/p>\n\n\n\n<p class=\"wp-block-paragraph\">A Prefeitura de Alagoinhas, munic\u00edpio bem pr\u00f3ximo ao nosso, prepara mais a\u00e7\u00f5es voltadas para preservar o bem-estar de sua popula\u00e7\u00e3o, principalmente pessoas em situa\u00e7\u00e3o de rua. Equipes da Secretaria de Assist\u00eancia Social (SEMAS) est\u00e3o dedicadas \u00e0 prepara\u00e7\u00e3o de abrigos provis\u00f3rios para atender \u00e0s recomenda\u00e7\u00f5es de seguran\u00e7a e isolamento social durante a pandemia do coronav\u00edrus.<\/p>\n\n\n\n<p class=\"wp-block-paragraph\">Enquanto aqui na terrinha de Lucas, mendigos se acumulam sob viadutos, ao mesmo tempo em que algumas almas \u2018caridosas\u2019 se revezam e descem de seus carros luxuosos para fazerem entrega de alimentos a esses seres desassistidos pelo poder p\u00fablico, todos os dias.<\/p>\n\n\n\n<p class=\"wp-block-paragraph\">Revelando esses senhores e senhoras um comportamento clientelista que tanto agradam praticar para aliviar o peso de suas consci\u00eancias conservadoras que lutam para manter os seus privil\u00e9gios. E se posicionam contr\u00e1rios a qualquer tipo de pol\u00edtica que objetive propiciar algum ganho social, para a coletividade.<\/p>\n\n\n\n<p class=\"wp-block-paragraph\">Enquanto o governo municipal se recusa a criar meios que possibilitem dar dignidade ao ser humano, atrav\u00e9s de a\u00e7\u00f5es que gerem e forne\u00e7am empregos, educa\u00e7\u00e3o, entre outras necessidades b\u00e1sicas. O problema social se alastra tal qual, erva daninha.<\/p>\n\n\n\n<p class=\"wp-block-paragraph\">Caso emblem\u00e1tico, vem acontecendo no viaduto da Avenida Jo\u00e3o Durval, pelo local j\u00e1 se instalaram dezenas de mendigos, inicialmente eram em torno de duas a tr\u00eas pessoas. Todos vivendo em plena promiscuidade.<\/p>\n\n\n\n<p class=\"wp-block-paragraph\">J\u00e1 foram instaladas no local v\u00e1rias tendas divididas por len\u00e7\u00f3is, onde mant\u00e9m e se abrigam um amontoado de homens e mulheres. O ambiente se tornou prop\u00edcio para a realiza\u00e7\u00e3o de orgias e serve at\u00e9 mesmo como ponto de compra de drogas.<\/p>\n\n\n\n<p class=\"wp-block-paragraph\">Nas madrugadas, s\u00e3o ouvidos gritos e discuss\u00f5es provocados pelo estado de embriaguez, j\u00e1 que o dinheiro arrecadado por eles, ao longo do dia, \u00e9 utilizado na compra de garrafas de vinho e cerveja.<\/p>\n\n\n\n<p class=\"wp-block-paragraph\">Pela manh\u00e3 os moradores daquelas imedia\u00e7\u00f5es se deparam com montes de fezes nos passeios de suas resid\u00eancias. Uma pergunta que n\u00e3o quer calar, qual o papel da Secretaria de Servi\u00e7os Sociais em toda essa hist\u00f3ria de descaso para com a popula\u00e7\u00e3o? \u00c9 dessa forma que eles entendem que est\u00e3o dando combate a pandemia?<\/p>\n\n\n\n<p class=\"wp-block-paragraph\"><strong>S\u00e9rgio Jones, jornalista (sergiojones@live.com)<\/strong><\/p>\n","protected":false},"excerpt":{"rendered":"<p>O que torna Feira de Santana uma cidade t\u00e3o emblem\u00e1tica quando o assunto em pauta \u00e9 a falta da preserva\u00e7\u00e3o e manuten\u00e7\u00e3o do patrim\u00f4nio p\u00fablico, a\u00e7\u00f5es do governo para manter o ambiente saud\u00e1vel, entre outras medidas do g\u00eanero? A resposta &hellip; <a href=\"https:\/\/www.albertopeixoto.com.br\/blog\/2020\/06\/13\/mendigos-em-feira-promovem-orgias-sob-o-viaduto-enquanto-o-poder-publico-permanece-indiferente-por-sergio-jones\/\">Continue reading <span class=\"meta-nav\">&rarr;<\/span><\/a><\/p>\n","protected":false},"author":2,"featured_media":0,"comment_status":"open","ping_status":"open","sticky":false,"template":"","format":"standard","meta":{"footnotes":""},"categories":[1],"tags":[],"class_list":["post-2118","post","type-post","status-publish","format-standard","hentry","category-sem-categoria"],"yoast_head":"<!-- This site is optimized with the Yoast SEO plugin v28.3 - https:\/\/yoast.com\/product\/yoast-seo-wordpress\/ -->\n<title>Mendigos em Feira promovem orgias sob o viaduto enquanto o poder p\u00fablico permanece indiferente\/ Por Sergio Jones* - Alberto Peixoto<\/title>\n<meta name=\"robots\" content=\"index, follow, max-snippet:-1, max-image-preview:large, max-video-preview:-1\" \/>\n<link rel=\"canonical\" href=\"https:\/\/www.albertopeixoto.com.br\/blog\/2020\/06\/13\/mendigos-em-feira-promovem-orgias-sob-o-viaduto-enquanto-o-poder-publico-permanece-indiferente-por-sergio-jones\/\" \/>\n<meta property=\"og:locale\" content=\"pt_BR\" \/>\n<meta property=\"og:type\" content=\"article\" \/>\n<meta property=\"og:title\" content=\"Mendigos em Feira promovem orgias sob o viaduto enquanto o poder p\u00fablico permanece indiferente\/ Por Sergio Jones* - Alberto Peixoto\" \/>\n<meta property=\"og:description\" content=\"O que torna Feira de Santana uma cidade t\u00e3o emblem\u00e1tica quando o assunto em pauta \u00e9 a falta da preserva\u00e7\u00e3o e manuten\u00e7\u00e3o do patrim\u00f4nio p\u00fablico, a\u00e7\u00f5es do governo para manter o ambiente saud\u00e1vel, entre outras medidas do g\u00eanero? A resposta &hellip; Continue reading &rarr;\" \/>\n<meta property=\"og:url\" content=\"https:\/\/www.albertopeixoto.com.br\/blog\/2020\/06\/13\/mendigos-em-feira-promovem-orgias-sob-o-viaduto-enquanto-o-poder-publico-permanece-indiferente-por-sergio-jones\/\" \/>\n<meta property=\"og:site_name\" content=\"Alberto Peixoto\" \/>\n<meta property=\"article:publisher\" content=\"https:\/\/www.facebook.com\/antonioalberto.oliveirapeixoto\" \/>\n<meta property=\"article:author\" content=\"https:\/\/www.facebook.com\/antonioalberto.oliveirapeixoto\" \/>\n<meta property=\"article:published_time\" content=\"2020-06-13T13:34:54+00:00\" \/>\n<meta property=\"article:modified_time\" content=\"2020-06-13T13:34:57+00:00\" \/>\n<meta property=\"og:image\" content=\"https:\/\/www.albertopeixoto.com.br\/blog\/wp-content\/uploads\/2020\/06\/mendigo.jpg\" \/>\n<meta name=\"author\" content=\"Alberto Peixoto\" \/>\n<meta name=\"twitter:card\" content=\"summary_large_image\" \/>\n<meta name=\"twitter:label1\" content=\"Escrito por\" \/>\n\t<meta name=\"twitter:data1\" content=\"Alberto Peixoto\" \/>\n\t<meta name=\"twitter:label2\" content=\"Est. tempo de leitura\" \/>\n\t<meta name=\"twitter:data2\" content=\"2 minutos\" \/>\n<script type=\"application\/ld+json\" class=\"yoast-schema-graph\">{\"@context\":\"https:\\\/\\\/schema.org\",\"@graph\":[{\"@type\":\"Article\",\"@id\":\"https:\\\/\\\/www.albertopeixoto.com.br\\\/blog\\\/2020\\\/06\\\/13\\\/mendigos-em-feira-promovem-orgias-sob-o-viaduto-enquanto-o-poder-publico-permanece-indiferente-por-sergio-jones\\\/#article\",\"isPartOf\":{\"@id\":\"https:\\\/\\\/www.albertopeixoto.com.br\\\/blog\\\/2020\\\/06\\\/13\\\/mendigos-em-feira-promovem-orgias-sob-o-viaduto-enquanto-o-poder-publico-permanece-indiferente-por-sergio-jones\\\/\"},\"author\":{\"name\":\"Alberto Peixoto\",\"@id\":\"https:\\\/\\\/www.albertopeixoto.com.br\\\/blog\\\/#\\\/schema\\\/person\\\/7c0ad65e044773b9ace71e4bed27392e\"},\"headline\":\"Mendigos em Feira promovem orgias sob o viaduto enquanto o poder p\u00fablico permanece indiferente\\\/ Por Sergio Jones*\",\"datePublished\":\"2020-06-13T13:34:54+00:00\",\"dateModified\":\"2020-06-13T13:34:57+00:00\",\"mainEntityOfPage\":{\"@id\":\"https:\\\/\\\/www.albertopeixoto.com.br\\\/blog\\\/2020\\\/06\\\/13\\\/mendigos-em-feira-promovem-orgias-sob-o-viaduto-enquanto-o-poder-publico-permanece-indiferente-por-sergio-jones\\\/\"},\"wordCount\":516,\"commentCount\":0,\"publisher\":{\"@id\":\"https:\\\/\\\/www.albertopeixoto.com.br\\\/blog\\\/#\\\/schema\\\/person\\\/7c0ad65e044773b9ace71e4bed27392e\"},\"image\":{\"@id\":\"https:\\\/\\\/www.albertopeixoto.com.br\\\/blog\\\/2020\\\/06\\\/13\\\/mendigos-em-feira-promovem-orgias-sob-o-viaduto-enquanto-o-poder-publico-permanece-indiferente-por-sergio-jones\\\/#primaryimage\"},\"thumbnailUrl\":\"https:\\\/\\\/www.albertopeixoto.com.br\\\/blog\\\/wp-content\\\/uploads\\\/2020\\\/06\\\/mendigo.jpg\",\"inLanguage\":\"pt-BR\",\"potentialAction\":[{\"@type\":\"CommentAction\",\"name\":\"Comment\",\"target\":[\"https:\\\/\\\/www.albertopeixoto.com.br\\\/blog\\\/2020\\\/06\\\/13\\\/mendigos-em-feira-promovem-orgias-sob-o-viaduto-enquanto-o-poder-publico-permanece-indiferente-por-sergio-jones\\\/#respond\"]}]},{\"@type\":\"WebPage\",\"@id\":\"https:\\\/\\\/www.albertopeixoto.com.br\\\/blog\\\/2020\\\/06\\\/13\\\/mendigos-em-feira-promovem-orgias-sob-o-viaduto-enquanto-o-poder-publico-permanece-indiferente-por-sergio-jones\\\/\",\"url\":\"https:\\\/\\\/www.albertopeixoto.com.br\\\/blog\\\/2020\\\/06\\\/13\\\/mendigos-em-feira-promovem-orgias-sob-o-viaduto-enquanto-o-poder-publico-permanece-indiferente-por-sergio-jones\\\/\",\"name\":\"Mendigos em Feira promovem orgias sob o viaduto enquanto o poder p\u00fablico permanece indiferente\\\/ Por Sergio Jones* - Alberto Peixoto\",\"isPartOf\":{\"@id\":\"https:\\\/\\\/www.albertopeixoto.com.br\\\/blog\\\/#website\"},\"primaryImageOfPage\":{\"@id\":\"https:\\\/\\\/www.albertopeixoto.com.br\\\/blog\\\/2020\\\/06\\\/13\\\/mendigos-em-feira-promovem-orgias-sob-o-viaduto-enquanto-o-poder-publico-permanece-indiferente-por-sergio-jones\\\/#primaryimage\"},\"image\":{\"@id\":\"https:\\\/\\\/www.albertopeixoto.com.br\\\/blog\\\/2020\\\/06\\\/13\\\/mendigos-em-feira-promovem-orgias-sob-o-viaduto-enquanto-o-poder-publico-permanece-indiferente-por-sergio-jones\\\/#primaryimage\"},\"thumbnailUrl\":\"https:\\\/\\\/www.albertopeixoto.com.br\\\/blog\\\/wp-content\\\/uploads\\\/2020\\\/06\\\/mendigo.jpg\",\"datePublished\":\"2020-06-13T13:34:54+00:00\",\"dateModified\":\"2020-06-13T13:34:57+00:00\",\"breadcrumb\":{\"@id\":\"https:\\\/\\\/www.albertopeixoto.com.br\\\/blog\\\/2020\\\/06\\\/13\\\/mendigos-em-feira-promovem-orgias-sob-o-viaduto-enquanto-o-poder-publico-permanece-indiferente-por-sergio-jones\\\/#breadcrumb\"},\"inLanguage\":\"pt-BR\",\"potentialAction\":[{\"@type\":\"ReadAction\",\"target\":[\"https:\\\/\\\/www.albertopeixoto.com.br\\\/blog\\\/2020\\\/06\\\/13\\\/mendigos-em-feira-promovem-orgias-sob-o-viaduto-enquanto-o-poder-publico-permanece-indiferente-por-sergio-jones\\\/\"]}]},{\"@type\":\"ImageObject\",\"inLanguage\":\"pt-BR\",\"@id\":\"https:\\\/\\\/www.albertopeixoto.com.br\\\/blog\\\/2020\\\/06\\\/13\\\/mendigos-em-feira-promovem-orgias-sob-o-viaduto-enquanto-o-poder-publico-permanece-indiferente-por-sergio-jones\\\/#primaryimage\",\"url\":\"https:\\\/\\\/www.albertopeixoto.com.br\\\/blog\\\/wp-content\\\/uploads\\\/2020\\\/06\\\/mendigo.jpg\",\"contentUrl\":\"https:\\\/\\\/www.albertopeixoto.com.br\\\/blog\\\/wp-content\\\/uploads\\\/2020\\\/06\\\/mendigo.jpg\",\"width\":1024,\"height\":683},{\"@type\":\"BreadcrumbList\",\"@id\":\"https:\\\/\\\/www.albertopeixoto.com.br\\\/blog\\\/2020\\\/06\\\/13\\\/mendigos-em-feira-promovem-orgias-sob-o-viaduto-enquanto-o-poder-publico-permanece-indiferente-por-sergio-jones\\\/#breadcrumb\",\"itemListElement\":[{\"@type\":\"ListItem\",\"position\":1,\"name\":\"In\u00edcio\",\"item\":\"https:\\\/\\\/www.albertopeixoto.com.br\\\/blog\\\/\"},{\"@type\":\"ListItem\",\"position\":2,\"name\":\"Mendigos em Feira promovem orgias sob o viaduto enquanto o poder p\u00fablico permanece indiferente\\\/ Por Sergio Jones*\"}]},{\"@type\":\"WebSite\",\"@id\":\"https:\\\/\\\/www.albertopeixoto.com.br\\\/blog\\\/#website\",\"url\":\"https:\\\/\\\/www.albertopeixoto.com.br\\\/blog\\\/\",\"name\":\"Alberto Peixoto\",\"description\":\"Site do escritor feirense Alberto Peixoto\",\"publisher\":{\"@id\":\"https:\\\/\\\/www.albertopeixoto.com.br\\\/blog\\\/#\\\/schema\\\/person\\\/7c0ad65e044773b9ace71e4bed27392e\"},\"potentialAction\":[{\"@type\":\"SearchAction\",\"target\":{\"@type\":\"EntryPoint\",\"urlTemplate\":\"https:\\\/\\\/www.albertopeixoto.com.br\\\/blog\\\/?s={search_term_string}\"},\"query-input\":{\"@type\":\"PropertyValueSpecification\",\"valueRequired\":true,\"valueName\":\"search_term_string\"}}],\"inLanguage\":\"pt-BR\"},{\"@type\":[\"Person\",\"Organization\"],\"@id\":\"https:\\\/\\\/www.albertopeixoto.com.br\\\/blog\\\/#\\\/schema\\\/person\\\/7c0ad65e044773b9ace71e4bed27392e\",\"name\":\"Alberto Peixoto\",\"image\":{\"@type\":\"ImageObject\",\"inLanguage\":\"pt-BR\",\"@id\":\"https:\\\/\\\/secure.gravatar.com\\\/avatar\\\/56073ba688fdc11029c75ad4a19a7d0404f80a73249f4fb56c9c021b86beab08?s=96&d=mm&r=g\",\"url\":\"https:\\\/\\\/secure.gravatar.com\\\/avatar\\\/56073ba688fdc11029c75ad4a19a7d0404f80a73249f4fb56c9c021b86beab08?s=96&d=mm&r=g\",\"contentUrl\":\"https:\\\/\\\/secure.gravatar.com\\\/avatar\\\/56073ba688fdc11029c75ad4a19a7d0404f80a73249f4fb56c9c021b86beab08?s=96&d=mm&r=g\",\"caption\":\"Alberto Peixoto\"},\"logo\":{\"@id\":\"https:\\\/\\\/secure.gravatar.com\\\/avatar\\\/56073ba688fdc11029c75ad4a19a7d0404f80a73249f4fb56c9c021b86beab08?s=96&d=mm&r=g\"},\"sameAs\":[\"https:\\\/\\\/www.albertopeixoto.com.br\\\/\",\"https:\\\/\\\/www.facebook.com\\\/antonioalberto.oliveirapeixoto\"],\"url\":\"https:\\\/\\\/www.albertopeixoto.com.br\\\/blog\\\/author\\\/apeixoto\\\/\"}]}<\/script>\n<!-- \/ Yoast SEO plugin. -->","yoast_head_json":{"title":"Mendigos em Feira promovem orgias sob o viaduto enquanto o poder p\u00fablico permanece indiferente\/ Por Sergio Jones* - Alberto Peixoto","robots":{"index":"index","follow":"follow","max-snippet":"max-snippet:-1","max-image-preview":"max-image-preview:large","max-video-preview":"max-video-preview:-1"},"canonical":"https:\/\/www.albertopeixoto.com.br\/blog\/2020\/06\/13\/mendigos-em-feira-promovem-orgias-sob-o-viaduto-enquanto-o-poder-publico-permanece-indiferente-por-sergio-jones\/","og_locale":"pt_BR","og_type":"article","og_title":"Mendigos em Feira promovem orgias sob o viaduto enquanto o poder p\u00fablico permanece indiferente\/ Por Sergio Jones* - Alberto Peixoto","og_description":"O que torna Feira de Santana uma cidade t\u00e3o emblem\u00e1tica quando o assunto em pauta \u00e9 a falta da preserva\u00e7\u00e3o e manuten\u00e7\u00e3o do patrim\u00f4nio p\u00fablico, a\u00e7\u00f5es do governo para manter o ambiente saud\u00e1vel, entre outras medidas do g\u00eanero? A resposta &hellip; Continue reading &rarr;","og_url":"https:\/\/www.albertopeixoto.com.br\/blog\/2020\/06\/13\/mendigos-em-feira-promovem-orgias-sob-o-viaduto-enquanto-o-poder-publico-permanece-indiferente-por-sergio-jones\/","og_site_name":"Alberto Peixoto","article_publisher":"https:\/\/www.facebook.com\/antonioalberto.oliveirapeixoto","article_author":"https:\/\/www.facebook.com\/antonioalberto.oliveirapeixoto","article_published_time":"2020-06-13T13:34:54+00:00","article_modified_time":"2020-06-13T13:34:57+00:00","og_image":[{"url":"https:\/\/www.albertopeixoto.com.br\/blog\/wp-content\/uploads\/2020\/06\/mendigo.jpg","type":"","width":"","height":""}],"author":"Alberto Peixoto","twitter_card":"summary_large_image","twitter_misc":{"Escrito por":"Alberto Peixoto","Est. tempo de leitura":"2 minutos"},"schema":{"@context":"https:\/\/schema.org","@graph":[{"@type":"Article","@id":"https:\/\/www.albertopeixoto.com.br\/blog\/2020\/06\/13\/mendigos-em-feira-promovem-orgias-sob-o-viaduto-enquanto-o-poder-publico-permanece-indiferente-por-sergio-jones\/#article","isPartOf":{"@id":"https:\/\/www.albertopeixoto.com.br\/blog\/2020\/06\/13\/mendigos-em-feira-promovem-orgias-sob-o-viaduto-enquanto-o-poder-publico-permanece-indiferente-por-sergio-jones\/"},"author":{"name":"Alberto Peixoto","@id":"https:\/\/www.albertopeixoto.com.br\/blog\/#\/schema\/person\/7c0ad65e044773b9ace71e4bed27392e"},"headline":"Mendigos em Feira promovem orgias sob o viaduto enquanto o poder p\u00fablico permanece indiferente\/ Por Sergio Jones*","datePublished":"2020-06-13T13:34:54+00:00","dateModified":"2020-06-13T13:34:57+00:00","mainEntityOfPage":{"@id":"https:\/\/www.albertopeixoto.com.br\/blog\/2020\/06\/13\/mendigos-em-feira-promovem-orgias-sob-o-viaduto-enquanto-o-poder-publico-permanece-indiferente-por-sergio-jones\/"},"wordCount":516,"commentCount":0,"publisher":{"@id":"https:\/\/www.albertopeixoto.com.br\/blog\/#\/schema\/person\/7c0ad65e044773b9ace71e4bed27392e"},"image":{"@id":"https:\/\/www.albertopeixoto.com.br\/blog\/2020\/06\/13\/mendigos-em-feira-promovem-orgias-sob-o-viaduto-enquanto-o-poder-publico-permanece-indiferente-por-sergio-jones\/#primaryimage"},"thumbnailUrl":"https:\/\/www.albertopeixoto.com.br\/blog\/wp-content\/uploads\/2020\/06\/mendigo.jpg","inLanguage":"pt-BR","potentialAction":[{"@type":"CommentAction","name":"Comment","target":["https:\/\/www.albertopeixoto.com.br\/blog\/2020\/06\/13\/mendigos-em-feira-promovem-orgias-sob-o-viaduto-enquanto-o-poder-publico-permanece-indiferente-por-sergio-jones\/#respond"]}]},{"@type":"WebPage","@id":"https:\/\/www.albertopeixoto.com.br\/blog\/2020\/06\/13\/mendigos-em-feira-promovem-orgias-sob-o-viaduto-enquanto-o-poder-publico-permanece-indiferente-por-sergio-jones\/","url":"https:\/\/www.albertopeixoto.com.br\/blog\/2020\/06\/13\/mendigos-em-feira-promovem-orgias-sob-o-viaduto-enquanto-o-poder-publico-permanece-indiferente-por-sergio-jones\/","name":"Mendigos em Feira promovem orgias sob o viaduto enquanto o poder p\u00fablico permanece indiferente\/ Por Sergio Jones* - Alberto Peixoto","isPartOf":{"@id":"https:\/\/www.albertopeixoto.com.br\/blog\/#website"},"primaryImageOfPage":{"@id":"https:\/\/www.albertopeixoto.com.br\/blog\/2020\/06\/13\/mendigos-em-feira-promovem-orgias-sob-o-viaduto-enquanto-o-poder-publico-permanece-indiferente-por-sergio-jones\/#primaryimage"},"image":{"@id":"https:\/\/www.albertopeixoto.com.br\/blog\/2020\/06\/13\/mendigos-em-feira-promovem-orgias-sob-o-viaduto-enquanto-o-poder-publico-permanece-indiferente-por-sergio-jones\/#primaryimage"},"thumbnailUrl":"https:\/\/www.albertopeixoto.com.br\/blog\/wp-content\/uploads\/2020\/06\/mendigo.jpg","datePublished":"2020-06-13T13:34:54+00:00","dateModified":"2020-06-13T13:34:57+00:00","breadcrumb":{"@id":"https:\/\/www.albertopeixoto.com.br\/blog\/2020\/06\/13\/mendigos-em-feira-promovem-orgias-sob-o-viaduto-enquanto-o-poder-publico-permanece-indiferente-por-sergio-jones\/#breadcrumb"},"inLanguage":"pt-BR","potentialAction":[{"@type":"ReadAction","target":["https:\/\/www.albertopeixoto.com.br\/blog\/2020\/06\/13\/mendigos-em-feira-promovem-orgias-sob-o-viaduto-enquanto-o-poder-publico-permanece-indiferente-por-sergio-jones\/"]}]},{"@type":"ImageObject","inLanguage":"pt-BR","@id":"https:\/\/www.albertopeixoto.com.br\/blog\/2020\/06\/13\/mendigos-em-feira-promovem-orgias-sob-o-viaduto-enquanto-o-poder-publico-permanece-indiferente-por-sergio-jones\/#primaryimage","url":"https:\/\/www.albertopeixoto.com.br\/blog\/wp-content\/uploads\/2020\/06\/mendigo.jpg","contentUrl":"https:\/\/www.albertopeixoto.com.br\/blog\/wp-content\/uploads\/2020\/06\/mendigo.jpg","width":1024,"height":683},{"@type":"BreadcrumbList","@id":"https:\/\/www.albertopeixoto.com.br\/blog\/2020\/06\/13\/mendigos-em-feira-promovem-orgias-sob-o-viaduto-enquanto-o-poder-publico-permanece-indiferente-por-sergio-jones\/#breadcrumb","itemListElement":[{"@type":"ListItem","position":1,"name":"In\u00edcio","item":"https:\/\/www.albertopeixoto.com.br\/blog\/"},{"@type":"ListItem","position":2,"name":"Mendigos em Feira promovem orgias sob o viaduto enquanto o poder p\u00fablico permanece indiferente\/ Por Sergio Jones*"}]},{"@type":"WebSite","@id":"https:\/\/www.albertopeixoto.com.br\/blog\/#website","url":"https:\/\/www.albertopeixoto.com.br\/blog\/","name":"Alberto Peixoto","description":"Site do escritor feirense Alberto Peixoto","publisher":{"@id":"https:\/\/www.albertopeixoto.com.br\/blog\/#\/schema\/person\/7c0ad65e044773b9ace71e4bed27392e"},"potentialAction":[{"@type":"SearchAction","target":{"@type":"EntryPoint","urlTemplate":"https:\/\/www.albertopeixoto.com.br\/blog\/?s={search_term_string}"},"query-input":{"@type":"PropertyValueSpecification","valueRequired":true,"valueName":"search_term_string"}}],"inLanguage":"pt-BR"},{"@type":["Person","Organization"],"@id":"https:\/\/www.albertopeixoto.com.br\/blog\/#\/schema\/person\/7c0ad65e044773b9ace71e4bed27392e","name":"Alberto Peixoto","image":{"@type":"ImageObject","inLanguage":"pt-BR","@id":"https:\/\/secure.gravatar.com\/avatar\/56073ba688fdc11029c75ad4a19a7d0404f80a73249f4fb56c9c021b86beab08?s=96&d=mm&r=g","url":"https:\/\/secure.gravatar.com\/avatar\/56073ba688fdc11029c75ad4a19a7d0404f80a73249f4fb56c9c021b86beab08?s=96&d=mm&r=g","contentUrl":"https:\/\/secure.gravatar.com\/avatar\/56073ba688fdc11029c75ad4a19a7d0404f80a73249f4fb56c9c021b86beab08?s=96&d=mm&r=g","caption":"Alberto Peixoto"},"logo":{"@id":"https:\/\/secure.gravatar.com\/avatar\/56073ba688fdc11029c75ad4a19a7d0404f80a73249f4fb56c9c021b86beab08?s=96&d=mm&r=g"},"sameAs":["https:\/\/www.albertopeixoto.com.br\/","https:\/\/www.facebook.com\/antonioalberto.oliveirapeixoto"],"url":"https:\/\/www.albertopeixoto.com.br\/blog\/author\/apeixoto\/"}]}},"_links":{"self":[{"href":"https:\/\/www.albertopeixoto.com.br\/blog\/wp-json\/wp\/v2\/posts\/2118","targetHints":{"allow":["GET"]}}],"collection":[{"href":"https:\/\/www.albertopeixoto.com.br\/blog\/wp-json\/wp\/v2\/posts"}],"about":[{"href":"https:\/\/www.albertopeixoto.com.br\/blog\/wp-json\/wp\/v2\/types\/post"}],"author":[{"embeddable":true,"href":"https:\/\/www.albertopeixoto.com.br\/blog\/wp-json\/wp\/v2\/users\/2"}],"replies":[{"embeddable":true,"href":"https:\/\/www.albertopeixoto.com.br\/blog\/wp-json\/wp\/v2\/comments?post=2118"}],"version-history":[{"count":1,"href":"https:\/\/www.albertopeixoto.com.br\/blog\/wp-json\/wp\/v2\/posts\/2118\/revisions"}],"predecessor-version":[{"id":2120,"href":"https:\/\/www.albertopeixoto.com.br\/blog\/wp-json\/wp\/v2\/posts\/2118\/revisions\/2120"}],"wp:attachment":[{"href":"https:\/\/www.albertopeixoto.com.br\/blog\/wp-json\/wp\/v2\/media?parent=2118"}],"wp:term":[{"taxonomy":"category","embeddable":true,"href":"https:\/\/www.albertopeixoto.com.br\/blog\/wp-json\/wp\/v2\/categories?post=2118"},{"taxonomy":"post_tag","embeddable":true,"href":"https:\/\/www.albertopeixoto.com.br\/blog\/wp-json\/wp\/v2\/tags?post=2118"}],"curies":[{"name":"wp","href":"https:\/\/api.w.org\/{rel}","templated":true}]}}