{"id":2115,"date":"2020-06-13T10:28:43","date_gmt":"2020-06-13T13:28:43","guid":{"rendered":"https:\/\/www.albertopeixoto.com.br\/blog\/?p=2115"},"modified":"2020-06-13T10:28:46","modified_gmt":"2020-06-13T13:28:46","slug":"governo-federal-e-governo-feirense-se-fundem-na-incapacidade-por-carlos-lima","status":"publish","type":"post","link":"https:\/\/www.albertopeixoto.com.br\/blog\/2020\/06\/13\/governo-federal-e-governo-feirense-se-fundem-na-incapacidade-por-carlos-lima\/","title":{"rendered":"Governo Federal e governo feirense se fundem na incapacidade\/Por Carlos Lima"},"content":{"rendered":"\n<figure class=\"wp-block-image size-large is-resized\"><img loading=\"lazy\" decoding=\"async\" src=\"https:\/\/www.albertopeixoto.com.br\/blog\/wp-content\/uploads\/2020\/06\/bolsonaro-e-colbert.jpg\" alt=\"\" class=\"wp-image-2116\" width=\"592\" height=\"335\" srcset=\"https:\/\/www.albertopeixoto.com.br\/blog\/wp-content\/uploads\/2020\/06\/bolsonaro-e-colbert.jpg 600w, https:\/\/www.albertopeixoto.com.br\/blog\/wp-content\/uploads\/2020\/06\/bolsonaro-e-colbert-300x170.jpg 300w\" sizes=\"auto, (max-width: 592px) 100vw, 592px\" \/><figcaption><strong>Jair Messias Bolsonaro e Colbert Martins da Silva Filho<br>Foto Montagem CL<\/strong><\/figcaption><\/figure>\n\n\n\n<p class=\"wp-block-paragraph\">O Governo Federal do nosso pa\u00eds n\u00e3o conseguiu apresentar, em momento algum, nenhuma proposta ou planejamento para o enfrentamento a pandemia.<\/p>\n\n\n\n<p class=\"wp-block-paragraph\">Ao contr\u00e1rio, vem incentivando a\u00e7\u00f5es que maximizam o cont\u00e1gio, pela prolifera\u00e7\u00e3o do v\u00edrus entre a popula\u00e7\u00e3o.<\/p>\n\n\n\n<p class=\"wp-block-paragraph\">Abdicou da racionalidade e orienta\u00e7\u00e3o dos t\u00e9cnicos que indicaram o isolamento social como a arma mais adequada no combate ao coronav\u00edrus.<\/p>\n\n\n\n<p class=\"wp-block-paragraph\">O que deveria ser a parte mais forte no enfrentamento dessa grave crise sanit\u00e1ria se transformou no seu maior pesadelo. Atitudes e a\u00e7\u00f5es do Governo Federal.<\/p>\n\n\n\n<p class=\"wp-block-paragraph\">Que, formulando pol\u00edticas genocidas, boicotou e impediu que se realizasse planejamento respons\u00e1vel que pudesse reduzir o n\u00famero de infectados e mortos no Brasil.<\/p>\n\n\n\n<p class=\"wp-block-paragraph\">A \u00fanica atitude p\u00fablica de combate ao v\u00edrus foi a recomenda\u00e7\u00e3o oficial, do presidente, para o uso da cloroquina, que n\u00e3o produz qualquer efeito de cura, fato j\u00e1 confirmado por todos os pa\u00edses do mundo.<\/p>\n\n\n\n<p class=\"wp-block-paragraph\">Todos n\u00f3s sabemos, amplamente, que o planejamento foi assumido por todas as administra\u00e7\u00f5es como um dos principais instrumentos de respostas aos mais diversos e divergentes problemas que surgem na administra\u00e7\u00e3o p\u00fablica.<\/p>\n\n\n\n<p class=\"wp-block-paragraph\">Esse processo vem sendo aprimorado ao longo dos anos e contribui na constru\u00e7\u00e3o de respostas aos principais interesses do povo.<\/p>\n\n\n\n<p class=\"wp-block-paragraph\">O prefeito Colbert Martins n\u00e3o construiu um programa de governo porque chegou na prefeitura de forma inesperada, nem t\u00e3o pouco soube administrar o que restava das propostas do governo anterior.<\/p>\n\n\n\n<p class=\"wp-block-paragraph\">Seu desempenho como gestor, lembra o charuto na boca de um desdentado.<\/p>\n\n\n\n<p class=\"wp-block-paragraph\">Ao longo de duas d\u00e9cadas, n\u00e3o foram propostos planos e programas eficientes para o desenvolvimento de Feira de Santana, as a\u00e7\u00f5es do poder, hegem\u00f4nico, nesse per\u00edodo, se dedicou a manter o gado no curral e os votos nas urnas.<\/p>\n\n\n\n<p class=\"wp-block-paragraph\">Este conceito, inclusive, tem um nome, Jos\u00e9 Ronaldo de Carvalho. Conhecido popularmente como o maior l\u00edder pol\u00edtico do munic\u00edpio. Que literalmente dissolveu durante os vinte anos de poder do seu grupo, o princ\u00edpio program\u00e1tico de uma gest\u00e3o que focasse a defesa dos interesses da popula\u00e7\u00e3o feirense, principalmente dos mais pobres.<\/p>\n\n\n\n<p class=\"wp-block-paragraph\">Nunca se preocupou na estrutura\u00e7\u00e3o das cadeias produtivas visando diminuir o forte desequil\u00edbrio entre a zona urbana e a zona rural que ainda \u00e9 um problema crucial.<\/p>\n\n\n\n<p class=\"wp-block-paragraph\">O governo de Colbert Martins se traduz tamb\u00e9m no abandono do homem do campo e total desprezo \u00e0s suas necessidades de sobreviv\u00eancia e desenvolvimento. Nesse contexto ele se transformou em um dos piores governo j\u00e1 existentes em Feira de Santana.<\/p>\n\n\n\n<p class=\"wp-block-paragraph\">O resultado dessa situa\u00e7\u00e3o \u00e9 a da precariza\u00e7\u00e3o da oferta de servi\u00e7os na zona rural, especialmente em algumas \u00e1reas, como as da habita\u00e7\u00e3o, educa\u00e7\u00e3o, transporte, e sa\u00fade, entre outras j\u00e1 denunciadas.<\/p>\n\n\n\n<p class=\"wp-block-paragraph\">Com a chegada da pandemia o quadro se agravou em todo munic\u00edpio. A falta de conhecimento no enfrentamento ao v\u00edrus e a aus\u00eancia de planejamento adequado, exp\u00f4s a incapacidade administrativa do gestor feirense, destruindo a efici\u00eancia de suas a\u00e7\u00f5es.<\/p>\n\n\n\n<p class=\"wp-block-paragraph\">O governo Colbert Martins pode ter um r\u00f3tulo, por ele indesejado. Governo de pobreza; precariza\u00e7\u00e3o do trabalho; aus\u00eancia de pol\u00edticas p\u00fablicas na \u00e1rea de sa\u00fade; transporte coletivo aleg\u00f3rico; limpeza p\u00fablica desordenada. Simplesmente n\u00e3o conseguiu assumir o seu papel no ordenamento administrativo do munic\u00edpio.<\/p>\n\n\n\n<p class=\"wp-block-paragraph\">Governo federal e governo feirense se fundem na incapacidade.<\/p>\n\n\n\n<p class=\"wp-block-paragraph\"><strong>Carlos Lima, Jornalista<\/strong><\/p>\n","protected":false},"excerpt":{"rendered":"<p>O Governo Federal do nosso pa\u00eds n\u00e3o conseguiu apresentar, em momento algum, nenhuma proposta ou planejamento para o enfrentamento a pandemia. Ao contr\u00e1rio, vem incentivando a\u00e7\u00f5es que maximizam o cont\u00e1gio, pela prolifera\u00e7\u00e3o do v\u00edrus entre a popula\u00e7\u00e3o. Abdicou da racionalidade &hellip; <a href=\"https:\/\/www.albertopeixoto.com.br\/blog\/2020\/06\/13\/governo-federal-e-governo-feirense-se-fundem-na-incapacidade-por-carlos-lima\/\">Continue reading <span class=\"meta-nav\">&rarr;<\/span><\/a><\/p>\n","protected":false},"author":2,"featured_media":0,"comment_status":"open","ping_status":"open","sticky":false,"template":"","format":"standard","meta":{"footnotes":""},"categories":[1],"tags":[],"class_list":["post-2115","post","type-post","status-publish","format-standard","hentry","category-sem-categoria"],"yoast_head":"<!-- This site is optimized with the Yoast SEO plugin v28.3 - https:\/\/yoast.com\/product\/yoast-seo-wordpress\/ -->\n<title>Governo Federal e governo feirense se fundem na incapacidade\/Por Carlos Lima - Alberto Peixoto<\/title>\n<meta name=\"robots\" content=\"index, follow, max-snippet:-1, max-image-preview:large, max-video-preview:-1\" \/>\n<link rel=\"canonical\" href=\"https:\/\/www.albertopeixoto.com.br\/blog\/2020\/06\/13\/governo-federal-e-governo-feirense-se-fundem-na-incapacidade-por-carlos-lima\/\" \/>\n<meta property=\"og:locale\" content=\"pt_BR\" \/>\n<meta property=\"og:type\" content=\"article\" \/>\n<meta property=\"og:title\" content=\"Governo Federal e governo feirense se fundem na incapacidade\/Por Carlos Lima - Alberto Peixoto\" \/>\n<meta property=\"og:description\" content=\"O Governo Federal do nosso pa\u00eds n\u00e3o conseguiu apresentar, em momento algum, nenhuma proposta ou planejamento para o enfrentamento a pandemia. Ao contr\u00e1rio, vem incentivando a\u00e7\u00f5es que maximizam o cont\u00e1gio, pela prolifera\u00e7\u00e3o do v\u00edrus entre a popula\u00e7\u00e3o. Abdicou da racionalidade &hellip; Continue reading &rarr;\" \/>\n<meta property=\"og:url\" content=\"https:\/\/www.albertopeixoto.com.br\/blog\/2020\/06\/13\/governo-federal-e-governo-feirense-se-fundem-na-incapacidade-por-carlos-lima\/\" \/>\n<meta property=\"og:site_name\" content=\"Alberto Peixoto\" \/>\n<meta property=\"article:publisher\" content=\"https:\/\/www.facebook.com\/antonioalberto.oliveirapeixoto\" \/>\n<meta property=\"article:author\" content=\"https:\/\/www.facebook.com\/antonioalberto.oliveirapeixoto\" \/>\n<meta property=\"article:published_time\" content=\"2020-06-13T13:28:43+00:00\" \/>\n<meta property=\"article:modified_time\" content=\"2020-06-13T13:28:46+00:00\" \/>\n<meta property=\"og:image\" content=\"https:\/\/www.albertopeixoto.com.br\/blog\/wp-content\/uploads\/2020\/06\/bolsonaro-e-colbert.jpg\" \/>\n<meta name=\"author\" content=\"Alberto Peixoto\" \/>\n<meta name=\"twitter:card\" content=\"summary_large_image\" \/>\n<meta name=\"twitter:label1\" content=\"Escrito por\" \/>\n\t<meta name=\"twitter:data1\" content=\"Alberto Peixoto\" \/>\n\t<meta name=\"twitter:label2\" content=\"Est. tempo de leitura\" \/>\n\t<meta name=\"twitter:data2\" content=\"3 minutos\" \/>\n<script type=\"application\/ld+json\" class=\"yoast-schema-graph\">{\"@context\":\"https:\\\/\\\/schema.org\",\"@graph\":[{\"@type\":\"Article\",\"@id\":\"https:\\\/\\\/www.albertopeixoto.com.br\\\/blog\\\/2020\\\/06\\\/13\\\/governo-federal-e-governo-feirense-se-fundem-na-incapacidade-por-carlos-lima\\\/#article\",\"isPartOf\":{\"@id\":\"https:\\\/\\\/www.albertopeixoto.com.br\\\/blog\\\/2020\\\/06\\\/13\\\/governo-federal-e-governo-feirense-se-fundem-na-incapacidade-por-carlos-lima\\\/\"},\"author\":{\"name\":\"Alberto Peixoto\",\"@id\":\"https:\\\/\\\/www.albertopeixoto.com.br\\\/blog\\\/#\\\/schema\\\/person\\\/7c0ad65e044773b9ace71e4bed27392e\"},\"headline\":\"Governo Federal e governo feirense se fundem na incapacidade\\\/Por Carlos Lima\",\"datePublished\":\"2020-06-13T13:28:43+00:00\",\"dateModified\":\"2020-06-13T13:28:46+00:00\",\"mainEntityOfPage\":{\"@id\":\"https:\\\/\\\/www.albertopeixoto.com.br\\\/blog\\\/2020\\\/06\\\/13\\\/governo-federal-e-governo-feirense-se-fundem-na-incapacidade-por-carlos-lima\\\/\"},\"wordCount\":603,\"commentCount\":0,\"publisher\":{\"@id\":\"https:\\\/\\\/www.albertopeixoto.com.br\\\/blog\\\/#\\\/schema\\\/person\\\/7c0ad65e044773b9ace71e4bed27392e\"},\"image\":{\"@id\":\"https:\\\/\\\/www.albertopeixoto.com.br\\\/blog\\\/2020\\\/06\\\/13\\\/governo-federal-e-governo-feirense-se-fundem-na-incapacidade-por-carlos-lima\\\/#primaryimage\"},\"thumbnailUrl\":\"https:\\\/\\\/www.albertopeixoto.com.br\\\/blog\\\/wp-content\\\/uploads\\\/2020\\\/06\\\/bolsonaro-e-colbert.jpg\",\"inLanguage\":\"pt-BR\",\"potentialAction\":[{\"@type\":\"CommentAction\",\"name\":\"Comment\",\"target\":[\"https:\\\/\\\/www.albertopeixoto.com.br\\\/blog\\\/2020\\\/06\\\/13\\\/governo-federal-e-governo-feirense-se-fundem-na-incapacidade-por-carlos-lima\\\/#respond\"]}]},{\"@type\":\"WebPage\",\"@id\":\"https:\\\/\\\/www.albertopeixoto.com.br\\\/blog\\\/2020\\\/06\\\/13\\\/governo-federal-e-governo-feirense-se-fundem-na-incapacidade-por-carlos-lima\\\/\",\"url\":\"https:\\\/\\\/www.albertopeixoto.com.br\\\/blog\\\/2020\\\/06\\\/13\\\/governo-federal-e-governo-feirense-se-fundem-na-incapacidade-por-carlos-lima\\\/\",\"name\":\"Governo Federal e governo feirense se fundem na incapacidade\\\/Por Carlos Lima - Alberto Peixoto\",\"isPartOf\":{\"@id\":\"https:\\\/\\\/www.albertopeixoto.com.br\\\/blog\\\/#website\"},\"primaryImageOfPage\":{\"@id\":\"https:\\\/\\\/www.albertopeixoto.com.br\\\/blog\\\/2020\\\/06\\\/13\\\/governo-federal-e-governo-feirense-se-fundem-na-incapacidade-por-carlos-lima\\\/#primaryimage\"},\"image\":{\"@id\":\"https:\\\/\\\/www.albertopeixoto.com.br\\\/blog\\\/2020\\\/06\\\/13\\\/governo-federal-e-governo-feirense-se-fundem-na-incapacidade-por-carlos-lima\\\/#primaryimage\"},\"thumbnailUrl\":\"https:\\\/\\\/www.albertopeixoto.com.br\\\/blog\\\/wp-content\\\/uploads\\\/2020\\\/06\\\/bolsonaro-e-colbert.jpg\",\"datePublished\":\"2020-06-13T13:28:43+00:00\",\"dateModified\":\"2020-06-13T13:28:46+00:00\",\"breadcrumb\":{\"@id\":\"https:\\\/\\\/www.albertopeixoto.com.br\\\/blog\\\/2020\\\/06\\\/13\\\/governo-federal-e-governo-feirense-se-fundem-na-incapacidade-por-carlos-lima\\\/#breadcrumb\"},\"inLanguage\":\"pt-BR\",\"potentialAction\":[{\"@type\":\"ReadAction\",\"target\":[\"https:\\\/\\\/www.albertopeixoto.com.br\\\/blog\\\/2020\\\/06\\\/13\\\/governo-federal-e-governo-feirense-se-fundem-na-incapacidade-por-carlos-lima\\\/\"]}]},{\"@type\":\"ImageObject\",\"inLanguage\":\"pt-BR\",\"@id\":\"https:\\\/\\\/www.albertopeixoto.com.br\\\/blog\\\/2020\\\/06\\\/13\\\/governo-federal-e-governo-feirense-se-fundem-na-incapacidade-por-carlos-lima\\\/#primaryimage\",\"url\":\"https:\\\/\\\/www.albertopeixoto.com.br\\\/blog\\\/wp-content\\\/uploads\\\/2020\\\/06\\\/bolsonaro-e-colbert.jpg\",\"contentUrl\":\"https:\\\/\\\/www.albertopeixoto.com.br\\\/blog\\\/wp-content\\\/uploads\\\/2020\\\/06\\\/bolsonaro-e-colbert.jpg\",\"width\":600,\"height\":340,\"caption\":\"Jair Messias Bolsonaro e Colbert Martins da Silva Filho\"},{\"@type\":\"BreadcrumbList\",\"@id\":\"https:\\\/\\\/www.albertopeixoto.com.br\\\/blog\\\/2020\\\/06\\\/13\\\/governo-federal-e-governo-feirense-se-fundem-na-incapacidade-por-carlos-lima\\\/#breadcrumb\",\"itemListElement\":[{\"@type\":\"ListItem\",\"position\":1,\"name\":\"In\u00edcio\",\"item\":\"https:\\\/\\\/www.albertopeixoto.com.br\\\/blog\\\/\"},{\"@type\":\"ListItem\",\"position\":2,\"name\":\"Governo Federal e governo feirense se fundem na incapacidade\\\/Por Carlos Lima\"}]},{\"@type\":\"WebSite\",\"@id\":\"https:\\\/\\\/www.albertopeixoto.com.br\\\/blog\\\/#website\",\"url\":\"https:\\\/\\\/www.albertopeixoto.com.br\\\/blog\\\/\",\"name\":\"Alberto Peixoto\",\"description\":\"Site do escritor feirense Alberto Peixoto\",\"publisher\":{\"@id\":\"https:\\\/\\\/www.albertopeixoto.com.br\\\/blog\\\/#\\\/schema\\\/person\\\/7c0ad65e044773b9ace71e4bed27392e\"},\"potentialAction\":[{\"@type\":\"SearchAction\",\"target\":{\"@type\":\"EntryPoint\",\"urlTemplate\":\"https:\\\/\\\/www.albertopeixoto.com.br\\\/blog\\\/?s={search_term_string}\"},\"query-input\":{\"@type\":\"PropertyValueSpecification\",\"valueRequired\":true,\"valueName\":\"search_term_string\"}}],\"inLanguage\":\"pt-BR\"},{\"@type\":[\"Person\",\"Organization\"],\"@id\":\"https:\\\/\\\/www.albertopeixoto.com.br\\\/blog\\\/#\\\/schema\\\/person\\\/7c0ad65e044773b9ace71e4bed27392e\",\"name\":\"Alberto Peixoto\",\"image\":{\"@type\":\"ImageObject\",\"inLanguage\":\"pt-BR\",\"@id\":\"https:\\\/\\\/secure.gravatar.com\\\/avatar\\\/56073ba688fdc11029c75ad4a19a7d0404f80a73249f4fb56c9c021b86beab08?s=96&d=mm&r=g\",\"url\":\"https:\\\/\\\/secure.gravatar.com\\\/avatar\\\/56073ba688fdc11029c75ad4a19a7d0404f80a73249f4fb56c9c021b86beab08?s=96&d=mm&r=g\",\"contentUrl\":\"https:\\\/\\\/secure.gravatar.com\\\/avatar\\\/56073ba688fdc11029c75ad4a19a7d0404f80a73249f4fb56c9c021b86beab08?s=96&d=mm&r=g\",\"caption\":\"Alberto Peixoto\"},\"logo\":{\"@id\":\"https:\\\/\\\/secure.gravatar.com\\\/avatar\\\/56073ba688fdc11029c75ad4a19a7d0404f80a73249f4fb56c9c021b86beab08?s=96&d=mm&r=g\"},\"sameAs\":[\"https:\\\/\\\/www.albertopeixoto.com.br\\\/\",\"https:\\\/\\\/www.facebook.com\\\/antonioalberto.oliveirapeixoto\"],\"url\":\"https:\\\/\\\/www.albertopeixoto.com.br\\\/blog\\\/author\\\/apeixoto\\\/\"}]}<\/script>\n<!-- \/ Yoast SEO plugin. -->","yoast_head_json":{"title":"Governo Federal e governo feirense se fundem na incapacidade\/Por Carlos Lima - Alberto Peixoto","robots":{"index":"index","follow":"follow","max-snippet":"max-snippet:-1","max-image-preview":"max-image-preview:large","max-video-preview":"max-video-preview:-1"},"canonical":"https:\/\/www.albertopeixoto.com.br\/blog\/2020\/06\/13\/governo-federal-e-governo-feirense-se-fundem-na-incapacidade-por-carlos-lima\/","og_locale":"pt_BR","og_type":"article","og_title":"Governo Federal e governo feirense se fundem na incapacidade\/Por Carlos Lima - Alberto Peixoto","og_description":"O Governo Federal do nosso pa\u00eds n\u00e3o conseguiu apresentar, em momento algum, nenhuma proposta ou planejamento para o enfrentamento a pandemia. Ao contr\u00e1rio, vem incentivando a\u00e7\u00f5es que maximizam o cont\u00e1gio, pela prolifera\u00e7\u00e3o do v\u00edrus entre a popula\u00e7\u00e3o. Abdicou da racionalidade &hellip; Continue reading &rarr;","og_url":"https:\/\/www.albertopeixoto.com.br\/blog\/2020\/06\/13\/governo-federal-e-governo-feirense-se-fundem-na-incapacidade-por-carlos-lima\/","og_site_name":"Alberto Peixoto","article_publisher":"https:\/\/www.facebook.com\/antonioalberto.oliveirapeixoto","article_author":"https:\/\/www.facebook.com\/antonioalberto.oliveirapeixoto","article_published_time":"2020-06-13T13:28:43+00:00","article_modified_time":"2020-06-13T13:28:46+00:00","og_image":[{"url":"https:\/\/www.albertopeixoto.com.br\/blog\/wp-content\/uploads\/2020\/06\/bolsonaro-e-colbert.jpg","type":"","width":"","height":""}],"author":"Alberto Peixoto","twitter_card":"summary_large_image","twitter_misc":{"Escrito por":"Alberto Peixoto","Est. tempo de leitura":"3 minutos"},"schema":{"@context":"https:\/\/schema.org","@graph":[{"@type":"Article","@id":"https:\/\/www.albertopeixoto.com.br\/blog\/2020\/06\/13\/governo-federal-e-governo-feirense-se-fundem-na-incapacidade-por-carlos-lima\/#article","isPartOf":{"@id":"https:\/\/www.albertopeixoto.com.br\/blog\/2020\/06\/13\/governo-federal-e-governo-feirense-se-fundem-na-incapacidade-por-carlos-lima\/"},"author":{"name":"Alberto Peixoto","@id":"https:\/\/www.albertopeixoto.com.br\/blog\/#\/schema\/person\/7c0ad65e044773b9ace71e4bed27392e"},"headline":"Governo Federal e governo feirense se fundem na incapacidade\/Por Carlos Lima","datePublished":"2020-06-13T13:28:43+00:00","dateModified":"2020-06-13T13:28:46+00:00","mainEntityOfPage":{"@id":"https:\/\/www.albertopeixoto.com.br\/blog\/2020\/06\/13\/governo-federal-e-governo-feirense-se-fundem-na-incapacidade-por-carlos-lima\/"},"wordCount":603,"commentCount":0,"publisher":{"@id":"https:\/\/www.albertopeixoto.com.br\/blog\/#\/schema\/person\/7c0ad65e044773b9ace71e4bed27392e"},"image":{"@id":"https:\/\/www.albertopeixoto.com.br\/blog\/2020\/06\/13\/governo-federal-e-governo-feirense-se-fundem-na-incapacidade-por-carlos-lima\/#primaryimage"},"thumbnailUrl":"https:\/\/www.albertopeixoto.com.br\/blog\/wp-content\/uploads\/2020\/06\/bolsonaro-e-colbert.jpg","inLanguage":"pt-BR","potentialAction":[{"@type":"CommentAction","name":"Comment","target":["https:\/\/www.albertopeixoto.com.br\/blog\/2020\/06\/13\/governo-federal-e-governo-feirense-se-fundem-na-incapacidade-por-carlos-lima\/#respond"]}]},{"@type":"WebPage","@id":"https:\/\/www.albertopeixoto.com.br\/blog\/2020\/06\/13\/governo-federal-e-governo-feirense-se-fundem-na-incapacidade-por-carlos-lima\/","url":"https:\/\/www.albertopeixoto.com.br\/blog\/2020\/06\/13\/governo-federal-e-governo-feirense-se-fundem-na-incapacidade-por-carlos-lima\/","name":"Governo Federal e governo feirense se fundem na incapacidade\/Por Carlos Lima - Alberto Peixoto","isPartOf":{"@id":"https:\/\/www.albertopeixoto.com.br\/blog\/#website"},"primaryImageOfPage":{"@id":"https:\/\/www.albertopeixoto.com.br\/blog\/2020\/06\/13\/governo-federal-e-governo-feirense-se-fundem-na-incapacidade-por-carlos-lima\/#primaryimage"},"image":{"@id":"https:\/\/www.albertopeixoto.com.br\/blog\/2020\/06\/13\/governo-federal-e-governo-feirense-se-fundem-na-incapacidade-por-carlos-lima\/#primaryimage"},"thumbnailUrl":"https:\/\/www.albertopeixoto.com.br\/blog\/wp-content\/uploads\/2020\/06\/bolsonaro-e-colbert.jpg","datePublished":"2020-06-13T13:28:43+00:00","dateModified":"2020-06-13T13:28:46+00:00","breadcrumb":{"@id":"https:\/\/www.albertopeixoto.com.br\/blog\/2020\/06\/13\/governo-federal-e-governo-feirense-se-fundem-na-incapacidade-por-carlos-lima\/#breadcrumb"},"inLanguage":"pt-BR","potentialAction":[{"@type":"ReadAction","target":["https:\/\/www.albertopeixoto.com.br\/blog\/2020\/06\/13\/governo-federal-e-governo-feirense-se-fundem-na-incapacidade-por-carlos-lima\/"]}]},{"@type":"ImageObject","inLanguage":"pt-BR","@id":"https:\/\/www.albertopeixoto.com.br\/blog\/2020\/06\/13\/governo-federal-e-governo-feirense-se-fundem-na-incapacidade-por-carlos-lima\/#primaryimage","url":"https:\/\/www.albertopeixoto.com.br\/blog\/wp-content\/uploads\/2020\/06\/bolsonaro-e-colbert.jpg","contentUrl":"https:\/\/www.albertopeixoto.com.br\/blog\/wp-content\/uploads\/2020\/06\/bolsonaro-e-colbert.jpg","width":600,"height":340,"caption":"Jair Messias Bolsonaro e Colbert Martins da Silva Filho"},{"@type":"BreadcrumbList","@id":"https:\/\/www.albertopeixoto.com.br\/blog\/2020\/06\/13\/governo-federal-e-governo-feirense-se-fundem-na-incapacidade-por-carlos-lima\/#breadcrumb","itemListElement":[{"@type":"ListItem","position":1,"name":"In\u00edcio","item":"https:\/\/www.albertopeixoto.com.br\/blog\/"},{"@type":"ListItem","position":2,"name":"Governo Federal e governo feirense se fundem na incapacidade\/Por Carlos Lima"}]},{"@type":"WebSite","@id":"https:\/\/www.albertopeixoto.com.br\/blog\/#website","url":"https:\/\/www.albertopeixoto.com.br\/blog\/","name":"Alberto Peixoto","description":"Site do escritor feirense Alberto Peixoto","publisher":{"@id":"https:\/\/www.albertopeixoto.com.br\/blog\/#\/schema\/person\/7c0ad65e044773b9ace71e4bed27392e"},"potentialAction":[{"@type":"SearchAction","target":{"@type":"EntryPoint","urlTemplate":"https:\/\/www.albertopeixoto.com.br\/blog\/?s={search_term_string}"},"query-input":{"@type":"PropertyValueSpecification","valueRequired":true,"valueName":"search_term_string"}}],"inLanguage":"pt-BR"},{"@type":["Person","Organization"],"@id":"https:\/\/www.albertopeixoto.com.br\/blog\/#\/schema\/person\/7c0ad65e044773b9ace71e4bed27392e","name":"Alberto Peixoto","image":{"@type":"ImageObject","inLanguage":"pt-BR","@id":"https:\/\/secure.gravatar.com\/avatar\/56073ba688fdc11029c75ad4a19a7d0404f80a73249f4fb56c9c021b86beab08?s=96&d=mm&r=g","url":"https:\/\/secure.gravatar.com\/avatar\/56073ba688fdc11029c75ad4a19a7d0404f80a73249f4fb56c9c021b86beab08?s=96&d=mm&r=g","contentUrl":"https:\/\/secure.gravatar.com\/avatar\/56073ba688fdc11029c75ad4a19a7d0404f80a73249f4fb56c9c021b86beab08?s=96&d=mm&r=g","caption":"Alberto Peixoto"},"logo":{"@id":"https:\/\/secure.gravatar.com\/avatar\/56073ba688fdc11029c75ad4a19a7d0404f80a73249f4fb56c9c021b86beab08?s=96&d=mm&r=g"},"sameAs":["https:\/\/www.albertopeixoto.com.br\/","https:\/\/www.facebook.com\/antonioalberto.oliveirapeixoto"],"url":"https:\/\/www.albertopeixoto.com.br\/blog\/author\/apeixoto\/"}]}},"_links":{"self":[{"href":"https:\/\/www.albertopeixoto.com.br\/blog\/wp-json\/wp\/v2\/posts\/2115","targetHints":{"allow":["GET"]}}],"collection":[{"href":"https:\/\/www.albertopeixoto.com.br\/blog\/wp-json\/wp\/v2\/posts"}],"about":[{"href":"https:\/\/www.albertopeixoto.com.br\/blog\/wp-json\/wp\/v2\/types\/post"}],"author":[{"embeddable":true,"href":"https:\/\/www.albertopeixoto.com.br\/blog\/wp-json\/wp\/v2\/users\/2"}],"replies":[{"embeddable":true,"href":"https:\/\/www.albertopeixoto.com.br\/blog\/wp-json\/wp\/v2\/comments?post=2115"}],"version-history":[{"count":1,"href":"https:\/\/www.albertopeixoto.com.br\/blog\/wp-json\/wp\/v2\/posts\/2115\/revisions"}],"predecessor-version":[{"id":2117,"href":"https:\/\/www.albertopeixoto.com.br\/blog\/wp-json\/wp\/v2\/posts\/2115\/revisions\/2117"}],"wp:attachment":[{"href":"https:\/\/www.albertopeixoto.com.br\/blog\/wp-json\/wp\/v2\/media?parent=2115"}],"wp:term":[{"taxonomy":"category","embeddable":true,"href":"https:\/\/www.albertopeixoto.com.br\/blog\/wp-json\/wp\/v2\/categories?post=2115"},{"taxonomy":"post_tag","embeddable":true,"href":"https:\/\/www.albertopeixoto.com.br\/blog\/wp-json\/wp\/v2\/tags?post=2115"}],"curies":[{"name":"wp","href":"https:\/\/api.w.org\/{rel}","templated":true}]}}