{"id":2112,"date":"2020-06-13T10:21:26","date_gmt":"2020-06-13T13:21:26","guid":{"rendered":"https:\/\/www.albertopeixoto.com.br\/blog\/?p=2112"},"modified":"2020-06-13T10:21:31","modified_gmt":"2020-06-13T13:21:31","slug":"bolsonaro-transfere-responsabilidades-elegendo-bodes-expiatorios-por-sergio-jones","status":"publish","type":"post","link":"https:\/\/www.albertopeixoto.com.br\/blog\/2020\/06\/13\/bolsonaro-transfere-responsabilidades-elegendo-bodes-expiatorios-por-sergio-jones\/","title":{"rendered":"Bolsonaro transfere responsabilidades elegendo bodes expiat\u00f3rios\/ Por S\u00e9rgio Jones*"},"content":{"rendered":"\n<figure class=\"wp-block-image size-large is-resized\"><img loading=\"lazy\" decoding=\"async\" src=\"https:\/\/www.albertopeixoto.com.br\/blog\/wp-content\/uploads\/2020\/06\/damares.jpg\" alt=\"\" class=\"wp-image-2113\" width=\"599\" height=\"349\" srcset=\"https:\/\/www.albertopeixoto.com.br\/blog\/wp-content\/uploads\/2020\/06\/damares.jpg 600w, https:\/\/www.albertopeixoto.com.br\/blog\/wp-content\/uploads\/2020\/06\/damares-300x175.jpg 300w\" sizes=\"auto, (max-width: 599px) 100vw, 599px\" \/><figcaption><strong>Damares<\/strong><\/figcaption><\/figure>\n\n\n\n<p class=\"wp-block-paragraph\">Professa o velho ad\u00e1gio popular que macaco realmente n\u00e3o olha para o rabo e quando se trata do presidente Jair Bolsonaro, isso se torna mais verdadeiro do que nunca.<\/p>\n\n\n\n<p class=\"wp-block-paragraph\">Em recente entrevista concedida \u00e0 imprensa brasileira, o delirante e metamorfo mandat\u00e1rio acusou a Organiza\u00e7\u00e3o Mundial da Sa\u00fade (OMS) de querer \u201cquebrar pa\u00edses\u201d, depois de a entidade esclarecer que pessoas portadoras da Covid-19 e que est\u00e3o assintom\u00e1ticas podem sim transmitir a doen\u00e7a respirat\u00f3ria causada pelo novo coronav\u00edrus.<\/p>\n\n\n\n<p class=\"wp-block-paragraph\">\u201cA tal da OMS disse que assintom\u00e1tico n\u00e3o transmite, depois voltou atr\u00e1s. Parece que tem algo mais por tr\u00e1s disso, que querem quebrar os pa\u00edses\u201d, disse ele aos apoiadores na sa\u00edda do Pal\u00e1cio da Alvorada na manh\u00e3 dessa quarta-feira (10). Se voltar Atr\u00e1s do que se disse anteriormente, resultaria na quebra do pa\u00eds, j\u00e1 faz tempo que Bolsonaro pode se colocar na condi\u00e7\u00e3o de pioneiro, nessa pr\u00e1tica.<\/p>\n\n\n\n<p class=\"wp-block-paragraph\">O curioso \u00e9 que no dia anterior, o mandat\u00e1rio se utilizou da fala de uma diretora da OMS, em que ela dizia haver ind\u00edcios de que a transmiss\u00e3o da Covid-19 por pessoas assintom\u00e1ticas era rara, para pregar que os governadores deveriam reabrir setores da economia que fecharam como parte das medidas de isolamento social para frear a dissemina\u00e7\u00e3o do v\u00edrus.<\/p>\n\n\n\n<p class=\"wp-block-paragraph\">No mesmo fat\u00eddico dia, a OMS revisou a afirma\u00e7\u00e3o e informou que n\u00e3o h\u00e1 ind\u00edcios claros da n\u00e3o transmiss\u00e3o de assintom\u00e1ticos. A entidade j\u00e1 havia feito uma distin\u00e7\u00e3o entre assintom\u00e1ticos \u2014 pessoas que apesar de terem o v\u00edrus n\u00e3o apresentar\u00e3o os sintomas\u2014 e pr\u00e9-sintom\u00e1ticos \u2014aqueles que t\u00eam o v\u00edrus e ainda ir\u00e3o desenvolver os sintomas.<\/p>\n\n\n\n<p class=\"wp-block-paragraph\">Como podemos observar, o insidioso e insano presidente, em suas constantes confus\u00f5es e del\u00edrios mentais, n\u00e3o perde a oportunidade para apontar o seu dedo sujo para os outros, em uma vis\u00edvel tentativa p\u00edfia de fugir de suas pr\u00f3prias responsabilidades.<\/p>\n\n\n\n<p class=\"wp-block-paragraph\">Estrat\u00e9gia essa que cansou e n\u00e3o convence nem mesmo os porquinhos que se re\u00fanem na pocilga montada em frente ao Pal\u00e1cio do Planalto, para prestarem loas e outras rever\u00eancias perturbat\u00f3rias ao enfermo arremedo de presidente.<\/p>\n\n\n\n<p class=\"wp-block-paragraph\"><strong>S\u00e9rgio Jones, jornalista (sergiojones@live.com)<\/strong><strong><\/strong><\/p>\n","protected":false},"excerpt":{"rendered":"<p>Professa o velho ad\u00e1gio popular que macaco realmente n\u00e3o olha para o rabo e quando se trata do presidente Jair Bolsonaro, isso se torna mais verdadeiro do que nunca. Em recente entrevista concedida \u00e0 imprensa brasileira, o delirante e metamorfo &hellip; <a href=\"https:\/\/www.albertopeixoto.com.br\/blog\/2020\/06\/13\/bolsonaro-transfere-responsabilidades-elegendo-bodes-expiatorios-por-sergio-jones\/\">Continue reading <span class=\"meta-nav\">&rarr;<\/span><\/a><\/p>\n","protected":false},"author":2,"featured_media":0,"comment_status":"open","ping_status":"open","sticky":false,"template":"","format":"standard","meta":{"footnotes":""},"categories":[1],"tags":[],"class_list":["post-2112","post","type-post","status-publish","format-standard","hentry","category-sem-categoria"],"yoast_head":"<!-- This site is optimized with the Yoast SEO plugin v28.3 - https:\/\/yoast.com\/product\/yoast-seo-wordpress\/ -->\n<title>Bolsonaro transfere responsabilidades elegendo bodes expiat\u00f3rios\/ Por S\u00e9rgio Jones* - Alberto Peixoto<\/title>\n<meta name=\"robots\" content=\"index, follow, max-snippet:-1, max-image-preview:large, max-video-preview:-1\" \/>\n<link rel=\"canonical\" href=\"https:\/\/www.albertopeixoto.com.br\/blog\/2020\/06\/13\/bolsonaro-transfere-responsabilidades-elegendo-bodes-expiatorios-por-sergio-jones\/\" \/>\n<meta property=\"og:locale\" content=\"pt_BR\" \/>\n<meta property=\"og:type\" content=\"article\" \/>\n<meta property=\"og:title\" content=\"Bolsonaro transfere responsabilidades elegendo bodes expiat\u00f3rios\/ Por S\u00e9rgio Jones* - Alberto Peixoto\" \/>\n<meta property=\"og:description\" content=\"Professa o velho ad\u00e1gio popular que macaco realmente n\u00e3o olha para o rabo e quando se trata do presidente Jair Bolsonaro, isso se torna mais verdadeiro do que nunca. Em recente entrevista concedida \u00e0 imprensa brasileira, o delirante e metamorfo &hellip; Continue reading &rarr;\" \/>\n<meta property=\"og:url\" content=\"https:\/\/www.albertopeixoto.com.br\/blog\/2020\/06\/13\/bolsonaro-transfere-responsabilidades-elegendo-bodes-expiatorios-por-sergio-jones\/\" \/>\n<meta property=\"og:site_name\" content=\"Alberto Peixoto\" \/>\n<meta property=\"article:publisher\" content=\"https:\/\/www.facebook.com\/antonioalberto.oliveirapeixoto\" \/>\n<meta property=\"article:author\" content=\"https:\/\/www.facebook.com\/antonioalberto.oliveirapeixoto\" \/>\n<meta property=\"article:published_time\" content=\"2020-06-13T13:21:26+00:00\" \/>\n<meta property=\"article:modified_time\" content=\"2020-06-13T13:21:31+00:00\" \/>\n<meta property=\"og:image\" content=\"https:\/\/www.albertopeixoto.com.br\/blog\/wp-content\/uploads\/2020\/06\/damares.jpg\" \/>\n<meta name=\"author\" content=\"Alberto Peixoto\" \/>\n<meta name=\"twitter:card\" content=\"summary_large_image\" \/>\n<meta name=\"twitter:label1\" content=\"Escrito por\" \/>\n\t<meta name=\"twitter:data1\" content=\"Alberto Peixoto\" \/>\n\t<meta name=\"twitter:label2\" content=\"Est. tempo de leitura\" \/>\n\t<meta name=\"twitter:data2\" content=\"2 minutos\" \/>\n<script type=\"application\/ld+json\" class=\"yoast-schema-graph\">{\"@context\":\"https:\\\/\\\/schema.org\",\"@graph\":[{\"@type\":\"Article\",\"@id\":\"https:\\\/\\\/www.albertopeixoto.com.br\\\/blog\\\/2020\\\/06\\\/13\\\/bolsonaro-transfere-responsabilidades-elegendo-bodes-expiatorios-por-sergio-jones\\\/#article\",\"isPartOf\":{\"@id\":\"https:\\\/\\\/www.albertopeixoto.com.br\\\/blog\\\/2020\\\/06\\\/13\\\/bolsonaro-transfere-responsabilidades-elegendo-bodes-expiatorios-por-sergio-jones\\\/\"},\"author\":{\"name\":\"Alberto Peixoto\",\"@id\":\"https:\\\/\\\/www.albertopeixoto.com.br\\\/blog\\\/#\\\/schema\\\/person\\\/7c0ad65e044773b9ace71e4bed27392e\"},\"headline\":\"Bolsonaro transfere responsabilidades elegendo bodes expiat\u00f3rios\\\/ Por S\u00e9rgio Jones*\",\"datePublished\":\"2020-06-13T13:21:26+00:00\",\"dateModified\":\"2020-06-13T13:21:31+00:00\",\"mainEntityOfPage\":{\"@id\":\"https:\\\/\\\/www.albertopeixoto.com.br\\\/blog\\\/2020\\\/06\\\/13\\\/bolsonaro-transfere-responsabilidades-elegendo-bodes-expiatorios-por-sergio-jones\\\/\"},\"wordCount\":404,\"commentCount\":0,\"publisher\":{\"@id\":\"https:\\\/\\\/www.albertopeixoto.com.br\\\/blog\\\/#\\\/schema\\\/person\\\/7c0ad65e044773b9ace71e4bed27392e\"},\"image\":{\"@id\":\"https:\\\/\\\/www.albertopeixoto.com.br\\\/blog\\\/2020\\\/06\\\/13\\\/bolsonaro-transfere-responsabilidades-elegendo-bodes-expiatorios-por-sergio-jones\\\/#primaryimage\"},\"thumbnailUrl\":\"https:\\\/\\\/www.albertopeixoto.com.br\\\/blog\\\/wp-content\\\/uploads\\\/2020\\\/06\\\/damares.jpg\",\"inLanguage\":\"pt-BR\",\"potentialAction\":[{\"@type\":\"CommentAction\",\"name\":\"Comment\",\"target\":[\"https:\\\/\\\/www.albertopeixoto.com.br\\\/blog\\\/2020\\\/06\\\/13\\\/bolsonaro-transfere-responsabilidades-elegendo-bodes-expiatorios-por-sergio-jones\\\/#respond\"]}]},{\"@type\":\"WebPage\",\"@id\":\"https:\\\/\\\/www.albertopeixoto.com.br\\\/blog\\\/2020\\\/06\\\/13\\\/bolsonaro-transfere-responsabilidades-elegendo-bodes-expiatorios-por-sergio-jones\\\/\",\"url\":\"https:\\\/\\\/www.albertopeixoto.com.br\\\/blog\\\/2020\\\/06\\\/13\\\/bolsonaro-transfere-responsabilidades-elegendo-bodes-expiatorios-por-sergio-jones\\\/\",\"name\":\"Bolsonaro transfere responsabilidades elegendo bodes expiat\u00f3rios\\\/ Por S\u00e9rgio Jones* - Alberto Peixoto\",\"isPartOf\":{\"@id\":\"https:\\\/\\\/www.albertopeixoto.com.br\\\/blog\\\/#website\"},\"primaryImageOfPage\":{\"@id\":\"https:\\\/\\\/www.albertopeixoto.com.br\\\/blog\\\/2020\\\/06\\\/13\\\/bolsonaro-transfere-responsabilidades-elegendo-bodes-expiatorios-por-sergio-jones\\\/#primaryimage\"},\"image\":{\"@id\":\"https:\\\/\\\/www.albertopeixoto.com.br\\\/blog\\\/2020\\\/06\\\/13\\\/bolsonaro-transfere-responsabilidades-elegendo-bodes-expiatorios-por-sergio-jones\\\/#primaryimage\"},\"thumbnailUrl\":\"https:\\\/\\\/www.albertopeixoto.com.br\\\/blog\\\/wp-content\\\/uploads\\\/2020\\\/06\\\/damares.jpg\",\"datePublished\":\"2020-06-13T13:21:26+00:00\",\"dateModified\":\"2020-06-13T13:21:31+00:00\",\"breadcrumb\":{\"@id\":\"https:\\\/\\\/www.albertopeixoto.com.br\\\/blog\\\/2020\\\/06\\\/13\\\/bolsonaro-transfere-responsabilidades-elegendo-bodes-expiatorios-por-sergio-jones\\\/#breadcrumb\"},\"inLanguage\":\"pt-BR\",\"potentialAction\":[{\"@type\":\"ReadAction\",\"target\":[\"https:\\\/\\\/www.albertopeixoto.com.br\\\/blog\\\/2020\\\/06\\\/13\\\/bolsonaro-transfere-responsabilidades-elegendo-bodes-expiatorios-por-sergio-jones\\\/\"]}]},{\"@type\":\"ImageObject\",\"inLanguage\":\"pt-BR\",\"@id\":\"https:\\\/\\\/www.albertopeixoto.com.br\\\/blog\\\/2020\\\/06\\\/13\\\/bolsonaro-transfere-responsabilidades-elegendo-bodes-expiatorios-por-sergio-jones\\\/#primaryimage\",\"url\":\"https:\\\/\\\/www.albertopeixoto.com.br\\\/blog\\\/wp-content\\\/uploads\\\/2020\\\/06\\\/damares.jpg\",\"contentUrl\":\"https:\\\/\\\/www.albertopeixoto.com.br\\\/blog\\\/wp-content\\\/uploads\\\/2020\\\/06\\\/damares.jpg\",\"width\":600,\"height\":350},{\"@type\":\"BreadcrumbList\",\"@id\":\"https:\\\/\\\/www.albertopeixoto.com.br\\\/blog\\\/2020\\\/06\\\/13\\\/bolsonaro-transfere-responsabilidades-elegendo-bodes-expiatorios-por-sergio-jones\\\/#breadcrumb\",\"itemListElement\":[{\"@type\":\"ListItem\",\"position\":1,\"name\":\"In\u00edcio\",\"item\":\"https:\\\/\\\/www.albertopeixoto.com.br\\\/blog\\\/\"},{\"@type\":\"ListItem\",\"position\":2,\"name\":\"Bolsonaro transfere responsabilidades elegendo bodes expiat\u00f3rios\\\/ Por S\u00e9rgio Jones*\"}]},{\"@type\":\"WebSite\",\"@id\":\"https:\\\/\\\/www.albertopeixoto.com.br\\\/blog\\\/#website\",\"url\":\"https:\\\/\\\/www.albertopeixoto.com.br\\\/blog\\\/\",\"name\":\"Alberto Peixoto\",\"description\":\"Site do escritor feirense Alberto Peixoto\",\"publisher\":{\"@id\":\"https:\\\/\\\/www.albertopeixoto.com.br\\\/blog\\\/#\\\/schema\\\/person\\\/7c0ad65e044773b9ace71e4bed27392e\"},\"potentialAction\":[{\"@type\":\"SearchAction\",\"target\":{\"@type\":\"EntryPoint\",\"urlTemplate\":\"https:\\\/\\\/www.albertopeixoto.com.br\\\/blog\\\/?s={search_term_string}\"},\"query-input\":{\"@type\":\"PropertyValueSpecification\",\"valueRequired\":true,\"valueName\":\"search_term_string\"}}],\"inLanguage\":\"pt-BR\"},{\"@type\":[\"Person\",\"Organization\"],\"@id\":\"https:\\\/\\\/www.albertopeixoto.com.br\\\/blog\\\/#\\\/schema\\\/person\\\/7c0ad65e044773b9ace71e4bed27392e\",\"name\":\"Alberto Peixoto\",\"image\":{\"@type\":\"ImageObject\",\"inLanguage\":\"pt-BR\",\"@id\":\"https:\\\/\\\/secure.gravatar.com\\\/avatar\\\/56073ba688fdc11029c75ad4a19a7d0404f80a73249f4fb56c9c021b86beab08?s=96&d=mm&r=g\",\"url\":\"https:\\\/\\\/secure.gravatar.com\\\/avatar\\\/56073ba688fdc11029c75ad4a19a7d0404f80a73249f4fb56c9c021b86beab08?s=96&d=mm&r=g\",\"contentUrl\":\"https:\\\/\\\/secure.gravatar.com\\\/avatar\\\/56073ba688fdc11029c75ad4a19a7d0404f80a73249f4fb56c9c021b86beab08?s=96&d=mm&r=g\",\"caption\":\"Alberto Peixoto\"},\"logo\":{\"@id\":\"https:\\\/\\\/secure.gravatar.com\\\/avatar\\\/56073ba688fdc11029c75ad4a19a7d0404f80a73249f4fb56c9c021b86beab08?s=96&d=mm&r=g\"},\"sameAs\":[\"https:\\\/\\\/www.albertopeixoto.com.br\\\/\",\"https:\\\/\\\/www.facebook.com\\\/antonioalberto.oliveirapeixoto\"],\"url\":\"https:\\\/\\\/www.albertopeixoto.com.br\\\/blog\\\/author\\\/apeixoto\\\/\"}]}<\/script>\n<!-- \/ Yoast SEO plugin. -->","yoast_head_json":{"title":"Bolsonaro transfere responsabilidades elegendo bodes expiat\u00f3rios\/ Por S\u00e9rgio Jones* - Alberto Peixoto","robots":{"index":"index","follow":"follow","max-snippet":"max-snippet:-1","max-image-preview":"max-image-preview:large","max-video-preview":"max-video-preview:-1"},"canonical":"https:\/\/www.albertopeixoto.com.br\/blog\/2020\/06\/13\/bolsonaro-transfere-responsabilidades-elegendo-bodes-expiatorios-por-sergio-jones\/","og_locale":"pt_BR","og_type":"article","og_title":"Bolsonaro transfere responsabilidades elegendo bodes expiat\u00f3rios\/ Por S\u00e9rgio Jones* - Alberto Peixoto","og_description":"Professa o velho ad\u00e1gio popular que macaco realmente n\u00e3o olha para o rabo e quando se trata do presidente Jair Bolsonaro, isso se torna mais verdadeiro do que nunca. Em recente entrevista concedida \u00e0 imprensa brasileira, o delirante e metamorfo &hellip; Continue reading &rarr;","og_url":"https:\/\/www.albertopeixoto.com.br\/blog\/2020\/06\/13\/bolsonaro-transfere-responsabilidades-elegendo-bodes-expiatorios-por-sergio-jones\/","og_site_name":"Alberto Peixoto","article_publisher":"https:\/\/www.facebook.com\/antonioalberto.oliveirapeixoto","article_author":"https:\/\/www.facebook.com\/antonioalberto.oliveirapeixoto","article_published_time":"2020-06-13T13:21:26+00:00","article_modified_time":"2020-06-13T13:21:31+00:00","og_image":[{"url":"https:\/\/www.albertopeixoto.com.br\/blog\/wp-content\/uploads\/2020\/06\/damares.jpg","type":"","width":"","height":""}],"author":"Alberto Peixoto","twitter_card":"summary_large_image","twitter_misc":{"Escrito por":"Alberto Peixoto","Est. tempo de leitura":"2 minutos"},"schema":{"@context":"https:\/\/schema.org","@graph":[{"@type":"Article","@id":"https:\/\/www.albertopeixoto.com.br\/blog\/2020\/06\/13\/bolsonaro-transfere-responsabilidades-elegendo-bodes-expiatorios-por-sergio-jones\/#article","isPartOf":{"@id":"https:\/\/www.albertopeixoto.com.br\/blog\/2020\/06\/13\/bolsonaro-transfere-responsabilidades-elegendo-bodes-expiatorios-por-sergio-jones\/"},"author":{"name":"Alberto Peixoto","@id":"https:\/\/www.albertopeixoto.com.br\/blog\/#\/schema\/person\/7c0ad65e044773b9ace71e4bed27392e"},"headline":"Bolsonaro transfere responsabilidades elegendo bodes expiat\u00f3rios\/ Por S\u00e9rgio Jones*","datePublished":"2020-06-13T13:21:26+00:00","dateModified":"2020-06-13T13:21:31+00:00","mainEntityOfPage":{"@id":"https:\/\/www.albertopeixoto.com.br\/blog\/2020\/06\/13\/bolsonaro-transfere-responsabilidades-elegendo-bodes-expiatorios-por-sergio-jones\/"},"wordCount":404,"commentCount":0,"publisher":{"@id":"https:\/\/www.albertopeixoto.com.br\/blog\/#\/schema\/person\/7c0ad65e044773b9ace71e4bed27392e"},"image":{"@id":"https:\/\/www.albertopeixoto.com.br\/blog\/2020\/06\/13\/bolsonaro-transfere-responsabilidades-elegendo-bodes-expiatorios-por-sergio-jones\/#primaryimage"},"thumbnailUrl":"https:\/\/www.albertopeixoto.com.br\/blog\/wp-content\/uploads\/2020\/06\/damares.jpg","inLanguage":"pt-BR","potentialAction":[{"@type":"CommentAction","name":"Comment","target":["https:\/\/www.albertopeixoto.com.br\/blog\/2020\/06\/13\/bolsonaro-transfere-responsabilidades-elegendo-bodes-expiatorios-por-sergio-jones\/#respond"]}]},{"@type":"WebPage","@id":"https:\/\/www.albertopeixoto.com.br\/blog\/2020\/06\/13\/bolsonaro-transfere-responsabilidades-elegendo-bodes-expiatorios-por-sergio-jones\/","url":"https:\/\/www.albertopeixoto.com.br\/blog\/2020\/06\/13\/bolsonaro-transfere-responsabilidades-elegendo-bodes-expiatorios-por-sergio-jones\/","name":"Bolsonaro transfere responsabilidades elegendo bodes expiat\u00f3rios\/ Por S\u00e9rgio Jones* - Alberto Peixoto","isPartOf":{"@id":"https:\/\/www.albertopeixoto.com.br\/blog\/#website"},"primaryImageOfPage":{"@id":"https:\/\/www.albertopeixoto.com.br\/blog\/2020\/06\/13\/bolsonaro-transfere-responsabilidades-elegendo-bodes-expiatorios-por-sergio-jones\/#primaryimage"},"image":{"@id":"https:\/\/www.albertopeixoto.com.br\/blog\/2020\/06\/13\/bolsonaro-transfere-responsabilidades-elegendo-bodes-expiatorios-por-sergio-jones\/#primaryimage"},"thumbnailUrl":"https:\/\/www.albertopeixoto.com.br\/blog\/wp-content\/uploads\/2020\/06\/damares.jpg","datePublished":"2020-06-13T13:21:26+00:00","dateModified":"2020-06-13T13:21:31+00:00","breadcrumb":{"@id":"https:\/\/www.albertopeixoto.com.br\/blog\/2020\/06\/13\/bolsonaro-transfere-responsabilidades-elegendo-bodes-expiatorios-por-sergio-jones\/#breadcrumb"},"inLanguage":"pt-BR","potentialAction":[{"@type":"ReadAction","target":["https:\/\/www.albertopeixoto.com.br\/blog\/2020\/06\/13\/bolsonaro-transfere-responsabilidades-elegendo-bodes-expiatorios-por-sergio-jones\/"]}]},{"@type":"ImageObject","inLanguage":"pt-BR","@id":"https:\/\/www.albertopeixoto.com.br\/blog\/2020\/06\/13\/bolsonaro-transfere-responsabilidades-elegendo-bodes-expiatorios-por-sergio-jones\/#primaryimage","url":"https:\/\/www.albertopeixoto.com.br\/blog\/wp-content\/uploads\/2020\/06\/damares.jpg","contentUrl":"https:\/\/www.albertopeixoto.com.br\/blog\/wp-content\/uploads\/2020\/06\/damares.jpg","width":600,"height":350},{"@type":"BreadcrumbList","@id":"https:\/\/www.albertopeixoto.com.br\/blog\/2020\/06\/13\/bolsonaro-transfere-responsabilidades-elegendo-bodes-expiatorios-por-sergio-jones\/#breadcrumb","itemListElement":[{"@type":"ListItem","position":1,"name":"In\u00edcio","item":"https:\/\/www.albertopeixoto.com.br\/blog\/"},{"@type":"ListItem","position":2,"name":"Bolsonaro transfere responsabilidades elegendo bodes expiat\u00f3rios\/ Por S\u00e9rgio Jones*"}]},{"@type":"WebSite","@id":"https:\/\/www.albertopeixoto.com.br\/blog\/#website","url":"https:\/\/www.albertopeixoto.com.br\/blog\/","name":"Alberto Peixoto","description":"Site do escritor feirense Alberto Peixoto","publisher":{"@id":"https:\/\/www.albertopeixoto.com.br\/blog\/#\/schema\/person\/7c0ad65e044773b9ace71e4bed27392e"},"potentialAction":[{"@type":"SearchAction","target":{"@type":"EntryPoint","urlTemplate":"https:\/\/www.albertopeixoto.com.br\/blog\/?s={search_term_string}"},"query-input":{"@type":"PropertyValueSpecification","valueRequired":true,"valueName":"search_term_string"}}],"inLanguage":"pt-BR"},{"@type":["Person","Organization"],"@id":"https:\/\/www.albertopeixoto.com.br\/blog\/#\/schema\/person\/7c0ad65e044773b9ace71e4bed27392e","name":"Alberto Peixoto","image":{"@type":"ImageObject","inLanguage":"pt-BR","@id":"https:\/\/secure.gravatar.com\/avatar\/56073ba688fdc11029c75ad4a19a7d0404f80a73249f4fb56c9c021b86beab08?s=96&d=mm&r=g","url":"https:\/\/secure.gravatar.com\/avatar\/56073ba688fdc11029c75ad4a19a7d0404f80a73249f4fb56c9c021b86beab08?s=96&d=mm&r=g","contentUrl":"https:\/\/secure.gravatar.com\/avatar\/56073ba688fdc11029c75ad4a19a7d0404f80a73249f4fb56c9c021b86beab08?s=96&d=mm&r=g","caption":"Alberto Peixoto"},"logo":{"@id":"https:\/\/secure.gravatar.com\/avatar\/56073ba688fdc11029c75ad4a19a7d0404f80a73249f4fb56c9c021b86beab08?s=96&d=mm&r=g"},"sameAs":["https:\/\/www.albertopeixoto.com.br\/","https:\/\/www.facebook.com\/antonioalberto.oliveirapeixoto"],"url":"https:\/\/www.albertopeixoto.com.br\/blog\/author\/apeixoto\/"}]}},"_links":{"self":[{"href":"https:\/\/www.albertopeixoto.com.br\/blog\/wp-json\/wp\/v2\/posts\/2112","targetHints":{"allow":["GET"]}}],"collection":[{"href":"https:\/\/www.albertopeixoto.com.br\/blog\/wp-json\/wp\/v2\/posts"}],"about":[{"href":"https:\/\/www.albertopeixoto.com.br\/blog\/wp-json\/wp\/v2\/types\/post"}],"author":[{"embeddable":true,"href":"https:\/\/www.albertopeixoto.com.br\/blog\/wp-json\/wp\/v2\/users\/2"}],"replies":[{"embeddable":true,"href":"https:\/\/www.albertopeixoto.com.br\/blog\/wp-json\/wp\/v2\/comments?post=2112"}],"version-history":[{"count":1,"href":"https:\/\/www.albertopeixoto.com.br\/blog\/wp-json\/wp\/v2\/posts\/2112\/revisions"}],"predecessor-version":[{"id":2114,"href":"https:\/\/www.albertopeixoto.com.br\/blog\/wp-json\/wp\/v2\/posts\/2112\/revisions\/2114"}],"wp:attachment":[{"href":"https:\/\/www.albertopeixoto.com.br\/blog\/wp-json\/wp\/v2\/media?parent=2112"}],"wp:term":[{"taxonomy":"category","embeddable":true,"href":"https:\/\/www.albertopeixoto.com.br\/blog\/wp-json\/wp\/v2\/categories?post=2112"},{"taxonomy":"post_tag","embeddable":true,"href":"https:\/\/www.albertopeixoto.com.br\/blog\/wp-json\/wp\/v2\/tags?post=2112"}],"curies":[{"name":"wp","href":"https:\/\/api.w.org\/{rel}","templated":true}]}}