{"id":2107,"date":"2020-06-11T10:41:20","date_gmt":"2020-06-11T13:41:20","guid":{"rendered":"https:\/\/www.albertopeixoto.com.br\/blog\/?p=2107"},"modified":"2020-06-11T10:41:23","modified_gmt":"2020-06-11T13:41:23","slug":"excessos-de-ruidos-nas-madrugadas-de-feira-tem-sido-uma-constante-por-sergio-jones","status":"publish","type":"post","link":"https:\/\/www.albertopeixoto.com.br\/blog\/2020\/06\/11\/excessos-de-ruidos-nas-madrugadas-de-feira-tem-sido-uma-constante-por-sergio-jones\/","title":{"rendered":"Excessos de ru\u00eddos nas madrugadas de Feira t\u00eam sido uma constante\/ Por S\u00e9rgio Jones*"},"content":{"rendered":"\n<figure class=\"wp-block-image size-large is-resized\"><img loading=\"lazy\" decoding=\"async\" src=\"https:\/\/www.albertopeixoto.com.br\/blog\/wp-content\/uploads\/2020\/06\/21-PRA\u00c7A-EDUARDO-FROES-DA-MOTA-1975-1024x764.jpg\" alt=\"\" class=\"wp-image-2110\" width=\"602\" height=\"448\" srcset=\"https:\/\/www.albertopeixoto.com.br\/blog\/wp-content\/uploads\/2020\/06\/21-PRA\u00c7A-EDUARDO-FROES-DA-MOTA-1975-1024x764.jpg 1024w, https:\/\/www.albertopeixoto.com.br\/blog\/wp-content\/uploads\/2020\/06\/21-PRA\u00c7A-EDUARDO-FROES-DA-MOTA-1975-300x224.jpg 300w, https:\/\/www.albertopeixoto.com.br\/blog\/wp-content\/uploads\/2020\/06\/21-PRA\u00c7A-EDUARDO-FROES-DA-MOTA-1975-768x573.jpg 768w, https:\/\/www.albertopeixoto.com.br\/blog\/wp-content\/uploads\/2020\/06\/21-PRA\u00c7A-EDUARDO-FROES-DA-MOTA-1975-1536x1146.jpg 1536w, https:\/\/www.albertopeixoto.com.br\/blog\/wp-content\/uploads\/2020\/06\/21-PRA\u00c7A-EDUARDO-FROES-DA-MOTA-1975-2048x1529.jpg 2048w\" sizes=\"auto, (max-width: 602px) 100vw, 602px\" \/><figcaption><strong>Pra\u00e7a Eduardo Fr\u00f3es da Mota &#8211; Feira de Santana\/BA<\/strong><\/figcaption><\/figure>\n\n\n\n<p class=\"wp-block-paragraph\">A falta de um governo s\u00e9rio e competente no munic\u00edpio de Feira de Santana t\u00eam contribu\u00eddo de forma sistem\u00e1tica para que esta se torne uma cidade de ningu\u00e9m.<\/p>\n\n\n\n<p class=\"wp-block-paragraph\">Ao longo do dia o excesso de barulho reina tranquilamente e toma conta da cidade se agravando ainda mais nas madrugadas, quando as pessoas s\u00e3o acordadas de forma abrupta pelos excessos de ru\u00eddos sonoros provocados pelos escapes desregulados das motos possantes, pilotadas pelos \u2018bem-nascidos\u2019, filhinhos de papai.<\/p>\n\n\n\n<p class=\"wp-block-paragraph\">Estes transgridem frontalmente a lei do sil\u00eancio. Tudo isso acontece sem que medidas sejam adotadas visando coibir os abusos que afetam e atingem at\u00e9 mesmo zonas de sil\u00eancio, onde se localizam hospitais e casas de sa\u00fade.<\/p>\n\n\n\n<p class=\"wp-block-paragraph\">Tudo isso ocorre sob os olhares complacentes e at\u00e9 mesmo c\u00famplices do poder p\u00fablico que tem \u00e0 frente, na condi\u00e7\u00e3o de timoneiro, a figura ins\u00edpida do m\u00e9dico que se acostumou chamar de prefeito de direito, mas n\u00e3o de fato.<\/p>\n\n\n\n<p class=\"wp-block-paragraph\">Ao que parece, existi no munic\u00edpio uma t\u00e1cita coniv\u00eancia entre o poder p\u00fablico e essas pr\u00e1ticas abusivas e atentat\u00f3ria \u00e0 preserva\u00e7\u00e3o e o respeito \u00e0 sa\u00fade da coletividade.<\/p>\n\n\n\n<p class=\"wp-block-paragraph\">N\u00e3o tendo o governo de Feira a iniciativa e a sensibilidade para adotar tal atitude, pelo menos deveria seguir exemplos adotados por algumas cidades do Brasil que j\u00e1 aderiram medidas profil\u00e1ticas, nesse sentido.<\/p>\n\n\n\n<p class=\"wp-block-paragraph\">A exemplo do munic\u00edpio de \u00c1guas Claras, Distrito Federal que realizou recentemente uma opera\u00e7\u00e3o no local que contou com o apoio do efetivo do Comando de Policiamento Regional Oeste, Batalh\u00e3o de Tr\u00e2nsito, Batalh\u00e3o de C\u00e3es e Batalh\u00e3o de Avia\u00e7\u00e3o Operacional, todos da PMDF. O Instituto de Criminal\u00edstica, o Departamento de Opera\u00e7\u00f5es A\u00e9reas, da PCDF, e o Detran-DF tamb\u00e9m atuaram na opera\u00e7\u00e3o.<\/p>\n\n\n\n<p class=\"wp-block-paragraph\"><strong>S\u00e9rgio Jones, jornalista (sergiojones@live.com)<\/strong><strong><\/strong><\/p>\n","protected":false},"excerpt":{"rendered":"<p>A falta de um governo s\u00e9rio e competente no munic\u00edpio de Feira de Santana t\u00eam contribu\u00eddo de forma sistem\u00e1tica para que esta se torne uma cidade de ningu\u00e9m. Ao longo do dia o excesso de barulho reina tranquilamente e toma &hellip; <a href=\"https:\/\/www.albertopeixoto.com.br\/blog\/2020\/06\/11\/excessos-de-ruidos-nas-madrugadas-de-feira-tem-sido-uma-constante-por-sergio-jones\/\">Continue reading <span class=\"meta-nav\">&rarr;<\/span><\/a><\/p>\n","protected":false},"author":2,"featured_media":0,"comment_status":"open","ping_status":"open","sticky":false,"template":"","format":"standard","meta":{"footnotes":""},"categories":[1],"tags":[],"class_list":["post-2107","post","type-post","status-publish","format-standard","hentry","category-sem-categoria"],"yoast_head":"<!-- This site is optimized with the Yoast SEO plugin v28.3 - https:\/\/yoast.com\/product\/yoast-seo-wordpress\/ -->\n<title>Excessos de ru\u00eddos nas madrugadas de Feira t\u00eam sido uma constante\/ Por S\u00e9rgio Jones* - Alberto Peixoto<\/title>\n<meta name=\"robots\" content=\"index, follow, max-snippet:-1, max-image-preview:large, max-video-preview:-1\" \/>\n<link rel=\"canonical\" href=\"https:\/\/www.albertopeixoto.com.br\/blog\/2020\/06\/11\/excessos-de-ruidos-nas-madrugadas-de-feira-tem-sido-uma-constante-por-sergio-jones\/\" \/>\n<meta property=\"og:locale\" content=\"pt_BR\" \/>\n<meta property=\"og:type\" content=\"article\" \/>\n<meta property=\"og:title\" content=\"Excessos de ru\u00eddos nas madrugadas de Feira t\u00eam sido uma constante\/ Por S\u00e9rgio Jones* - Alberto Peixoto\" \/>\n<meta property=\"og:description\" content=\"A falta de um governo s\u00e9rio e competente no munic\u00edpio de Feira de Santana t\u00eam contribu\u00eddo de forma sistem\u00e1tica para que esta se torne uma cidade de ningu\u00e9m. Ao longo do dia o excesso de barulho reina tranquilamente e toma &hellip; Continue reading &rarr;\" \/>\n<meta property=\"og:url\" content=\"https:\/\/www.albertopeixoto.com.br\/blog\/2020\/06\/11\/excessos-de-ruidos-nas-madrugadas-de-feira-tem-sido-uma-constante-por-sergio-jones\/\" \/>\n<meta property=\"og:site_name\" content=\"Alberto Peixoto\" \/>\n<meta property=\"article:publisher\" content=\"https:\/\/www.facebook.com\/antonioalberto.oliveirapeixoto\" \/>\n<meta property=\"article:author\" content=\"https:\/\/www.facebook.com\/antonioalberto.oliveirapeixoto\" \/>\n<meta property=\"article:published_time\" content=\"2020-06-11T13:41:20+00:00\" \/>\n<meta property=\"article:modified_time\" content=\"2020-06-11T13:41:23+00:00\" \/>\n<meta property=\"og:image\" content=\"https:\/\/www.albertopeixoto.com.br\/blog\/wp-content\/uploads\/2020\/06\/21-PRA\u00c7A-EDUARDO-FROES-DA-MOTA-1975-1024x764.jpg\" \/>\n<meta name=\"author\" content=\"Alberto Peixoto\" \/>\n<meta name=\"twitter:card\" content=\"summary_large_image\" \/>\n<meta name=\"twitter:label1\" content=\"Escrito por\" \/>\n\t<meta name=\"twitter:data1\" content=\"Alberto Peixoto\" \/>\n\t<meta name=\"twitter:label2\" content=\"Est. tempo de leitura\" \/>\n\t<meta name=\"twitter:data2\" content=\"2 minutos\" \/>\n<script type=\"application\/ld+json\" class=\"yoast-schema-graph\">{\"@context\":\"https:\\\/\\\/schema.org\",\"@graph\":[{\"@type\":\"Article\",\"@id\":\"https:\\\/\\\/www.albertopeixoto.com.br\\\/blog\\\/2020\\\/06\\\/11\\\/excessos-de-ruidos-nas-madrugadas-de-feira-tem-sido-uma-constante-por-sergio-jones\\\/#article\",\"isPartOf\":{\"@id\":\"https:\\\/\\\/www.albertopeixoto.com.br\\\/blog\\\/2020\\\/06\\\/11\\\/excessos-de-ruidos-nas-madrugadas-de-feira-tem-sido-uma-constante-por-sergio-jones\\\/\"},\"author\":{\"name\":\"Alberto Peixoto\",\"@id\":\"https:\\\/\\\/www.albertopeixoto.com.br\\\/blog\\\/#\\\/schema\\\/person\\\/7c0ad65e044773b9ace71e4bed27392e\"},\"headline\":\"Excessos de ru\u00eddos nas madrugadas de Feira t\u00eam sido uma constante\\\/ Por S\u00e9rgio Jones*\",\"datePublished\":\"2020-06-11T13:41:20+00:00\",\"dateModified\":\"2020-06-11T13:41:23+00:00\",\"mainEntityOfPage\":{\"@id\":\"https:\\\/\\\/www.albertopeixoto.com.br\\\/blog\\\/2020\\\/06\\\/11\\\/excessos-de-ruidos-nas-madrugadas-de-feira-tem-sido-uma-constante-por-sergio-jones\\\/\"},\"wordCount\":345,\"commentCount\":0,\"publisher\":{\"@id\":\"https:\\\/\\\/www.albertopeixoto.com.br\\\/blog\\\/#\\\/schema\\\/person\\\/7c0ad65e044773b9ace71e4bed27392e\"},\"inLanguage\":\"pt-BR\",\"potentialAction\":[{\"@type\":\"CommentAction\",\"name\":\"Comment\",\"target\":[\"https:\\\/\\\/www.albertopeixoto.com.br\\\/blog\\\/2020\\\/06\\\/11\\\/excessos-de-ruidos-nas-madrugadas-de-feira-tem-sido-uma-constante-por-sergio-jones\\\/#respond\"]}]},{\"@type\":\"WebPage\",\"@id\":\"https:\\\/\\\/www.albertopeixoto.com.br\\\/blog\\\/2020\\\/06\\\/11\\\/excessos-de-ruidos-nas-madrugadas-de-feira-tem-sido-uma-constante-por-sergio-jones\\\/\",\"url\":\"https:\\\/\\\/www.albertopeixoto.com.br\\\/blog\\\/2020\\\/06\\\/11\\\/excessos-de-ruidos-nas-madrugadas-de-feira-tem-sido-uma-constante-por-sergio-jones\\\/\",\"name\":\"Excessos de ru\u00eddos nas madrugadas de Feira t\u00eam sido uma constante\\\/ Por S\u00e9rgio Jones* - Alberto Peixoto\",\"isPartOf\":{\"@id\":\"https:\\\/\\\/www.albertopeixoto.com.br\\\/blog\\\/#website\"},\"datePublished\":\"2020-06-11T13:41:20+00:00\",\"dateModified\":\"2020-06-11T13:41:23+00:00\",\"breadcrumb\":{\"@id\":\"https:\\\/\\\/www.albertopeixoto.com.br\\\/blog\\\/2020\\\/06\\\/11\\\/excessos-de-ruidos-nas-madrugadas-de-feira-tem-sido-uma-constante-por-sergio-jones\\\/#breadcrumb\"},\"inLanguage\":\"pt-BR\",\"potentialAction\":[{\"@type\":\"ReadAction\",\"target\":[\"https:\\\/\\\/www.albertopeixoto.com.br\\\/blog\\\/2020\\\/06\\\/11\\\/excessos-de-ruidos-nas-madrugadas-de-feira-tem-sido-uma-constante-por-sergio-jones\\\/\"]}]},{\"@type\":\"BreadcrumbList\",\"@id\":\"https:\\\/\\\/www.albertopeixoto.com.br\\\/blog\\\/2020\\\/06\\\/11\\\/excessos-de-ruidos-nas-madrugadas-de-feira-tem-sido-uma-constante-por-sergio-jones\\\/#breadcrumb\",\"itemListElement\":[{\"@type\":\"ListItem\",\"position\":1,\"name\":\"In\u00edcio\",\"item\":\"https:\\\/\\\/www.albertopeixoto.com.br\\\/blog\\\/\"},{\"@type\":\"ListItem\",\"position\":2,\"name\":\"Excessos de ru\u00eddos nas madrugadas de Feira t\u00eam sido uma constante\\\/ Por S\u00e9rgio Jones*\"}]},{\"@type\":\"WebSite\",\"@id\":\"https:\\\/\\\/www.albertopeixoto.com.br\\\/blog\\\/#website\",\"url\":\"https:\\\/\\\/www.albertopeixoto.com.br\\\/blog\\\/\",\"name\":\"Alberto Peixoto\",\"description\":\"Site do escritor feirense Alberto Peixoto\",\"publisher\":{\"@id\":\"https:\\\/\\\/www.albertopeixoto.com.br\\\/blog\\\/#\\\/schema\\\/person\\\/7c0ad65e044773b9ace71e4bed27392e\"},\"potentialAction\":[{\"@type\":\"SearchAction\",\"target\":{\"@type\":\"EntryPoint\",\"urlTemplate\":\"https:\\\/\\\/www.albertopeixoto.com.br\\\/blog\\\/?s={search_term_string}\"},\"query-input\":{\"@type\":\"PropertyValueSpecification\",\"valueRequired\":true,\"valueName\":\"search_term_string\"}}],\"inLanguage\":\"pt-BR\"},{\"@type\":[\"Person\",\"Organization\"],\"@id\":\"https:\\\/\\\/www.albertopeixoto.com.br\\\/blog\\\/#\\\/schema\\\/person\\\/7c0ad65e044773b9ace71e4bed27392e\",\"name\":\"Alberto Peixoto\",\"image\":{\"@type\":\"ImageObject\",\"inLanguage\":\"pt-BR\",\"@id\":\"https:\\\/\\\/secure.gravatar.com\\\/avatar\\\/56073ba688fdc11029c75ad4a19a7d0404f80a73249f4fb56c9c021b86beab08?s=96&d=mm&r=g\",\"url\":\"https:\\\/\\\/secure.gravatar.com\\\/avatar\\\/56073ba688fdc11029c75ad4a19a7d0404f80a73249f4fb56c9c021b86beab08?s=96&d=mm&r=g\",\"contentUrl\":\"https:\\\/\\\/secure.gravatar.com\\\/avatar\\\/56073ba688fdc11029c75ad4a19a7d0404f80a73249f4fb56c9c021b86beab08?s=96&d=mm&r=g\",\"caption\":\"Alberto Peixoto\"},\"logo\":{\"@id\":\"https:\\\/\\\/secure.gravatar.com\\\/avatar\\\/56073ba688fdc11029c75ad4a19a7d0404f80a73249f4fb56c9c021b86beab08?s=96&d=mm&r=g\"},\"sameAs\":[\"https:\\\/\\\/www.albertopeixoto.com.br\\\/\",\"https:\\\/\\\/www.facebook.com\\\/antonioalberto.oliveirapeixoto\"],\"url\":\"https:\\\/\\\/www.albertopeixoto.com.br\\\/blog\\\/author\\\/apeixoto\\\/\"}]}<\/script>\n<!-- \/ Yoast SEO plugin. -->","yoast_head_json":{"title":"Excessos de ru\u00eddos nas madrugadas de Feira t\u00eam sido uma constante\/ Por S\u00e9rgio Jones* - Alberto Peixoto","robots":{"index":"index","follow":"follow","max-snippet":"max-snippet:-1","max-image-preview":"max-image-preview:large","max-video-preview":"max-video-preview:-1"},"canonical":"https:\/\/www.albertopeixoto.com.br\/blog\/2020\/06\/11\/excessos-de-ruidos-nas-madrugadas-de-feira-tem-sido-uma-constante-por-sergio-jones\/","og_locale":"pt_BR","og_type":"article","og_title":"Excessos de ru\u00eddos nas madrugadas de Feira t\u00eam sido uma constante\/ Por S\u00e9rgio Jones* - Alberto Peixoto","og_description":"A falta de um governo s\u00e9rio e competente no munic\u00edpio de Feira de Santana t\u00eam contribu\u00eddo de forma sistem\u00e1tica para que esta se torne uma cidade de ningu\u00e9m. Ao longo do dia o excesso de barulho reina tranquilamente e toma &hellip; Continue reading &rarr;","og_url":"https:\/\/www.albertopeixoto.com.br\/blog\/2020\/06\/11\/excessos-de-ruidos-nas-madrugadas-de-feira-tem-sido-uma-constante-por-sergio-jones\/","og_site_name":"Alberto Peixoto","article_publisher":"https:\/\/www.facebook.com\/antonioalberto.oliveirapeixoto","article_author":"https:\/\/www.facebook.com\/antonioalberto.oliveirapeixoto","article_published_time":"2020-06-11T13:41:20+00:00","article_modified_time":"2020-06-11T13:41:23+00:00","og_image":[{"url":"https:\/\/www.albertopeixoto.com.br\/blog\/wp-content\/uploads\/2020\/06\/21-PRA\u00c7A-EDUARDO-FROES-DA-MOTA-1975-1024x764.jpg","type":"","width":"","height":""}],"author":"Alberto Peixoto","twitter_card":"summary_large_image","twitter_misc":{"Escrito por":"Alberto Peixoto","Est. tempo de leitura":"2 minutos"},"schema":{"@context":"https:\/\/schema.org","@graph":[{"@type":"Article","@id":"https:\/\/www.albertopeixoto.com.br\/blog\/2020\/06\/11\/excessos-de-ruidos-nas-madrugadas-de-feira-tem-sido-uma-constante-por-sergio-jones\/#article","isPartOf":{"@id":"https:\/\/www.albertopeixoto.com.br\/blog\/2020\/06\/11\/excessos-de-ruidos-nas-madrugadas-de-feira-tem-sido-uma-constante-por-sergio-jones\/"},"author":{"name":"Alberto Peixoto","@id":"https:\/\/www.albertopeixoto.com.br\/blog\/#\/schema\/person\/7c0ad65e044773b9ace71e4bed27392e"},"headline":"Excessos de ru\u00eddos nas madrugadas de Feira t\u00eam sido uma constante\/ Por S\u00e9rgio Jones*","datePublished":"2020-06-11T13:41:20+00:00","dateModified":"2020-06-11T13:41:23+00:00","mainEntityOfPage":{"@id":"https:\/\/www.albertopeixoto.com.br\/blog\/2020\/06\/11\/excessos-de-ruidos-nas-madrugadas-de-feira-tem-sido-uma-constante-por-sergio-jones\/"},"wordCount":345,"commentCount":0,"publisher":{"@id":"https:\/\/www.albertopeixoto.com.br\/blog\/#\/schema\/person\/7c0ad65e044773b9ace71e4bed27392e"},"inLanguage":"pt-BR","potentialAction":[{"@type":"CommentAction","name":"Comment","target":["https:\/\/www.albertopeixoto.com.br\/blog\/2020\/06\/11\/excessos-de-ruidos-nas-madrugadas-de-feira-tem-sido-uma-constante-por-sergio-jones\/#respond"]}]},{"@type":"WebPage","@id":"https:\/\/www.albertopeixoto.com.br\/blog\/2020\/06\/11\/excessos-de-ruidos-nas-madrugadas-de-feira-tem-sido-uma-constante-por-sergio-jones\/","url":"https:\/\/www.albertopeixoto.com.br\/blog\/2020\/06\/11\/excessos-de-ruidos-nas-madrugadas-de-feira-tem-sido-uma-constante-por-sergio-jones\/","name":"Excessos de ru\u00eddos nas madrugadas de Feira t\u00eam sido uma constante\/ Por S\u00e9rgio Jones* - Alberto Peixoto","isPartOf":{"@id":"https:\/\/www.albertopeixoto.com.br\/blog\/#website"},"datePublished":"2020-06-11T13:41:20+00:00","dateModified":"2020-06-11T13:41:23+00:00","breadcrumb":{"@id":"https:\/\/www.albertopeixoto.com.br\/blog\/2020\/06\/11\/excessos-de-ruidos-nas-madrugadas-de-feira-tem-sido-uma-constante-por-sergio-jones\/#breadcrumb"},"inLanguage":"pt-BR","potentialAction":[{"@type":"ReadAction","target":["https:\/\/www.albertopeixoto.com.br\/blog\/2020\/06\/11\/excessos-de-ruidos-nas-madrugadas-de-feira-tem-sido-uma-constante-por-sergio-jones\/"]}]},{"@type":"BreadcrumbList","@id":"https:\/\/www.albertopeixoto.com.br\/blog\/2020\/06\/11\/excessos-de-ruidos-nas-madrugadas-de-feira-tem-sido-uma-constante-por-sergio-jones\/#breadcrumb","itemListElement":[{"@type":"ListItem","position":1,"name":"In\u00edcio","item":"https:\/\/www.albertopeixoto.com.br\/blog\/"},{"@type":"ListItem","position":2,"name":"Excessos de ru\u00eddos nas madrugadas de Feira t\u00eam sido uma constante\/ Por S\u00e9rgio Jones*"}]},{"@type":"WebSite","@id":"https:\/\/www.albertopeixoto.com.br\/blog\/#website","url":"https:\/\/www.albertopeixoto.com.br\/blog\/","name":"Alberto Peixoto","description":"Site do escritor feirense Alberto Peixoto","publisher":{"@id":"https:\/\/www.albertopeixoto.com.br\/blog\/#\/schema\/person\/7c0ad65e044773b9ace71e4bed27392e"},"potentialAction":[{"@type":"SearchAction","target":{"@type":"EntryPoint","urlTemplate":"https:\/\/www.albertopeixoto.com.br\/blog\/?s={search_term_string}"},"query-input":{"@type":"PropertyValueSpecification","valueRequired":true,"valueName":"search_term_string"}}],"inLanguage":"pt-BR"},{"@type":["Person","Organization"],"@id":"https:\/\/www.albertopeixoto.com.br\/blog\/#\/schema\/person\/7c0ad65e044773b9ace71e4bed27392e","name":"Alberto Peixoto","image":{"@type":"ImageObject","inLanguage":"pt-BR","@id":"https:\/\/secure.gravatar.com\/avatar\/56073ba688fdc11029c75ad4a19a7d0404f80a73249f4fb56c9c021b86beab08?s=96&d=mm&r=g","url":"https:\/\/secure.gravatar.com\/avatar\/56073ba688fdc11029c75ad4a19a7d0404f80a73249f4fb56c9c021b86beab08?s=96&d=mm&r=g","contentUrl":"https:\/\/secure.gravatar.com\/avatar\/56073ba688fdc11029c75ad4a19a7d0404f80a73249f4fb56c9c021b86beab08?s=96&d=mm&r=g","caption":"Alberto Peixoto"},"logo":{"@id":"https:\/\/secure.gravatar.com\/avatar\/56073ba688fdc11029c75ad4a19a7d0404f80a73249f4fb56c9c021b86beab08?s=96&d=mm&r=g"},"sameAs":["https:\/\/www.albertopeixoto.com.br\/","https:\/\/www.facebook.com\/antonioalberto.oliveirapeixoto"],"url":"https:\/\/www.albertopeixoto.com.br\/blog\/author\/apeixoto\/"}]}},"_links":{"self":[{"href":"https:\/\/www.albertopeixoto.com.br\/blog\/wp-json\/wp\/v2\/posts\/2107","targetHints":{"allow":["GET"]}}],"collection":[{"href":"https:\/\/www.albertopeixoto.com.br\/blog\/wp-json\/wp\/v2\/posts"}],"about":[{"href":"https:\/\/www.albertopeixoto.com.br\/blog\/wp-json\/wp\/v2\/types\/post"}],"author":[{"embeddable":true,"href":"https:\/\/www.albertopeixoto.com.br\/blog\/wp-json\/wp\/v2\/users\/2"}],"replies":[{"embeddable":true,"href":"https:\/\/www.albertopeixoto.com.br\/blog\/wp-json\/wp\/v2\/comments?post=2107"}],"version-history":[{"count":1,"href":"https:\/\/www.albertopeixoto.com.br\/blog\/wp-json\/wp\/v2\/posts\/2107\/revisions"}],"predecessor-version":[{"id":2111,"href":"https:\/\/www.albertopeixoto.com.br\/blog\/wp-json\/wp\/v2\/posts\/2107\/revisions\/2111"}],"wp:attachment":[{"href":"https:\/\/www.albertopeixoto.com.br\/blog\/wp-json\/wp\/v2\/media?parent=2107"}],"wp:term":[{"taxonomy":"category","embeddable":true,"href":"https:\/\/www.albertopeixoto.com.br\/blog\/wp-json\/wp\/v2\/categories?post=2107"},{"taxonomy":"post_tag","embeddable":true,"href":"https:\/\/www.albertopeixoto.com.br\/blog\/wp-json\/wp\/v2\/tags?post=2107"}],"curies":[{"name":"wp","href":"https:\/\/api.w.org\/{rel}","templated":true}]}}