{"id":1761,"date":"2020-02-10T17:39:16","date_gmt":"2020-02-10T20:39:16","guid":{"rendered":"https:\/\/www.albertopeixoto.com.br\/blog\/?p=1761"},"modified":"2020-02-10T17:39:19","modified_gmt":"2020-02-10T20:39:19","slug":"a-demonizacao-do-servidor-publico-por-alberto-peixoto","status":"publish","type":"post","link":"https:\/\/www.albertopeixoto.com.br\/blog\/2020\/02\/10\/a-demonizacao-do-servidor-publico-por-alberto-peixoto\/","title":{"rendered":"A demoniza\u00e7\u00e3o do Servidor P\u00fablico\/Por Alberto Peixoto*"},"content":{"rendered":"\n<figure class=\"wp-block-image is-resized\"><img loading=\"lazy\" decoding=\"async\" src=\"https:\/\/www.albertopeixoto.com.br\/blog\/wp-content\/uploads\/2020\/02\/guedes-1024x447.jpg\" alt=\"\" class=\"wp-image-1762\" width=\"615\" height=\"268\" srcset=\"https:\/\/www.albertopeixoto.com.br\/blog\/wp-content\/uploads\/2020\/02\/guedes-1024x447.jpg 1024w, https:\/\/www.albertopeixoto.com.br\/blog\/wp-content\/uploads\/2020\/02\/guedes-300x131.jpg 300w, https:\/\/www.albertopeixoto.com.br\/blog\/wp-content\/uploads\/2020\/02\/guedes-768x335.jpg 768w, https:\/\/www.albertopeixoto.com.br\/blog\/wp-content\/uploads\/2020\/02\/guedes.jpg 1140w\" sizes=\"auto, (max-width: 615px) 100vw, 615px\" \/><figcaption><strong>Ministro Paulo Guedes: Parasita ou Hospedeiro?<br>FOTO: O Tabuleiro<\/strong><\/figcaption><\/figure>\n\n\n\n<p class=\"wp-block-paragraph\">Como se n\u00e3o bastasse o Governador da Bahia, Rui Costa, humilhar os Servidores P\u00fablicos baianos com uma reforma da Previd\u00eancia Estadual mais do que criminosa, com perdas salariais &#8211; j\u00e1 se passaram 6 anos sem sequer reajuste da infla\u00e7\u00e3o &#8211; dificuldades para aposentar, corte de 40% no abono perman\u00eancia, entre tantos outros preju\u00edzos, surge, sabe-se l\u00e1 de qual sarc\u00f3fago, a m\u00famia Guedes, classificando os Servidores P\u00fablicos como \u201cparasitas\u201d.<\/p>\n\n\n\n<p class=\"wp-block-paragraph\">Como j\u00e1 foi dito por Haddad, \u201co que o Guedes diria sobre Bolsonaro, com 28 anos como deputado &#8211; 7 mandatos &#8211; sem produzir nada\u201d? E seus tr\u00eas pat\u00e9ticos filhos-amebas, envolvidos em suspeita de corrup\u00e7\u00e3o, lavagem de dinheiro, envolvimento com milicianos? E a primeira dama que \u00e9 suspeita de receber cheques das rachadinhas do Queiroz?<\/p>\n\n\n\n<p class=\"wp-block-paragraph\">N\u00e3o s\u00e3o os Servidores P\u00fablicos, concursados, que desviam dinheiro do er\u00e1rio para os v\u00e1rios \u201cpara\u00edsos fiscais\u201d. S\u00e3o os pol\u00edticos mau car\u00e1ter e empres\u00e1rios do mesmo n\u00edvel. Com certeza, s\u00f3 servidores p\u00fablicos da laia de Guedes que devem ter mandado a mil\u00edcia matar Marielle Franco.<\/p>\n\n\n\n<p class=\"wp-block-paragraph\">Por todo esta vasto pa\u00eds, aproximadamente 12 milh\u00f5es de Servidores P\u00fablicos recebem sal\u00e1rio para exercer suas fun\u00e7\u00f5es como: educar, salvar vidas, pesquisar, proteger e arrecadar &#8211; para \u201csustentar\u201d os parasitas do governo &#8211; inclusive os que comp\u00f5em o sistema financeiro do Ministro Guedes, outro parasita cupincha de banqueiros, inclusive do exterior.<\/p>\n\n\n\n<p class=\"wp-block-paragraph\">A atitude insana do ministro Paulo Guedes o levou a conseguir extrapolar os limites da falta do bom-senso, do desrespeito, do infort\u00fanio com o Servidor P\u00fablico. Faltou ele falar sobre os parasitas do seu minist\u00e9rio.<\/p>\n\n\n\n<p class=\"wp-block-paragraph\">No inicio do seu mandato culpou os Servidores P\u00fablicos da roubalheira que assola o pa\u00eds. Pergunta-se: e a lavagem de R$ 2,3 milh\u00f5es em transa\u00e7\u00f5es imobili\u00e1rias em uma loja de chocolates atribu\u00edda \u00e0 Fl\u00e1vio Bolsonaro, segundo o Minist\u00e9rio P\u00fablico? (Folha de S\u00e3o Paulo), sem esquecer das rachadinhas do Queiroz, em que a primeira dama \u00e9 suspeita de tamb\u00e9m participar.<\/p>\n\n\n\n<p class=\"wp-block-paragraph\">Citou tamb\u00e9m os \u201cprivil\u00e9gios\u201d dos servidores p\u00fablicos, mas se esqueceu do aux\u00edlio palet\u00f3, gravata, moradia, combust\u00edvel, verbas e outras benesses (benef\u00edcios obtidos sem trabalho ou sem esfor\u00e7o) disponibilizadas para pol\u00edticos e seus lacaios.<\/p>\n\n\n\n<p class=\"wp-block-paragraph\">Com rela\u00e7\u00e3o \u00e0 aviltante reforma da previd\u00eancia dos Servidores do Estado da Bahia, imposta a ferro e a fogo pelo governador Rui Costa, talvez tenha ocorrido por culpa da in\u00e9rcia dos Servidores que n\u00e3o engajaram com dentes e unhas na luta contra a PEC 159\/20 e da inoper\u00e2ncia \u201cdos sindicatos\u201d dos diversos segmentos do funcionalismo p\u00fablico estadual. Mas a luta ainda n\u00e3o acabou. <\/p>\n\n\n\n<p class=\"wp-block-paragraph\"><strong>Alberto Peixoto, escritor &#8211; comendadoralbert@bol.com.br<\/strong><\/p>\n","protected":false},"excerpt":{"rendered":"<p>Como se n\u00e3o bastasse o Governador da Bahia, Rui Costa, humilhar os Servidores P\u00fablicos baianos com uma reforma da Previd\u00eancia Estadual mais do que criminosa, com perdas salariais &#8211; j\u00e1 se passaram 6 anos sem sequer reajuste da infla\u00e7\u00e3o &#8211; &hellip; <a href=\"https:\/\/www.albertopeixoto.com.br\/blog\/2020\/02\/10\/a-demonizacao-do-servidor-publico-por-alberto-peixoto\/\">Continue reading <span class=\"meta-nav\">&rarr;<\/span><\/a><\/p>\n","protected":false},"author":2,"featured_media":0,"comment_status":"open","ping_status":"open","sticky":false,"template":"","format":"standard","meta":{"footnotes":""},"categories":[1],"tags":[],"class_list":["post-1761","post","type-post","status-publish","format-standard","hentry","category-sem-categoria"],"yoast_head":"<!-- This site is optimized with the Yoast SEO plugin v28.3 - https:\/\/yoast.com\/product\/yoast-seo-wordpress\/ -->\n<title>A demoniza\u00e7\u00e3o do Servidor P\u00fablico\/Por Alberto Peixoto* - Alberto Peixoto<\/title>\n<meta name=\"robots\" content=\"index, follow, max-snippet:-1, max-image-preview:large, max-video-preview:-1\" \/>\n<link rel=\"canonical\" href=\"https:\/\/www.albertopeixoto.com.br\/blog\/2020\/02\/10\/a-demonizacao-do-servidor-publico-por-alberto-peixoto\/\" \/>\n<meta property=\"og:locale\" content=\"pt_BR\" \/>\n<meta property=\"og:type\" content=\"article\" \/>\n<meta property=\"og:title\" content=\"A demoniza\u00e7\u00e3o do Servidor P\u00fablico\/Por Alberto Peixoto* - Alberto Peixoto\" \/>\n<meta property=\"og:description\" content=\"Como se n\u00e3o bastasse o Governador da Bahia, Rui Costa, humilhar os Servidores P\u00fablicos baianos com uma reforma da Previd\u00eancia Estadual mais do que criminosa, com perdas salariais &#8211; j\u00e1 se passaram 6 anos sem sequer reajuste da infla\u00e7\u00e3o &#8211; &hellip; Continue reading &rarr;\" \/>\n<meta property=\"og:url\" content=\"https:\/\/www.albertopeixoto.com.br\/blog\/2020\/02\/10\/a-demonizacao-do-servidor-publico-por-alberto-peixoto\/\" \/>\n<meta property=\"og:site_name\" content=\"Alberto Peixoto\" \/>\n<meta property=\"article:publisher\" content=\"https:\/\/www.facebook.com\/antonioalberto.oliveirapeixoto\" \/>\n<meta property=\"article:author\" content=\"https:\/\/www.facebook.com\/antonioalberto.oliveirapeixoto\" \/>\n<meta property=\"article:published_time\" content=\"2020-02-10T20:39:16+00:00\" \/>\n<meta property=\"article:modified_time\" content=\"2020-02-10T20:39:19+00:00\" \/>\n<meta property=\"og:image\" content=\"https:\/\/www.albertopeixoto.com.br\/blog\/wp-content\/uploads\/2020\/02\/guedes-1024x447.jpg\" \/>\n<meta name=\"author\" content=\"Alberto Peixoto\" \/>\n<meta name=\"twitter:card\" content=\"summary_large_image\" \/>\n<meta name=\"twitter:label1\" content=\"Escrito por\" \/>\n\t<meta name=\"twitter:data1\" content=\"Alberto Peixoto\" \/>\n\t<meta name=\"twitter:label2\" content=\"Est. tempo de leitura\" \/>\n\t<meta name=\"twitter:data2\" content=\"2 minutos\" \/>\n<script type=\"application\/ld+json\" class=\"yoast-schema-graph\">{\"@context\":\"https:\\\/\\\/schema.org\",\"@graph\":[{\"@type\":\"Article\",\"@id\":\"https:\\\/\\\/www.albertopeixoto.com.br\\\/blog\\\/2020\\\/02\\\/10\\\/a-demonizacao-do-servidor-publico-por-alberto-peixoto\\\/#article\",\"isPartOf\":{\"@id\":\"https:\\\/\\\/www.albertopeixoto.com.br\\\/blog\\\/2020\\\/02\\\/10\\\/a-demonizacao-do-servidor-publico-por-alberto-peixoto\\\/\"},\"author\":{\"name\":\"Alberto Peixoto\",\"@id\":\"https:\\\/\\\/www.albertopeixoto.com.br\\\/blog\\\/#\\\/schema\\\/person\\\/7c0ad65e044773b9ace71e4bed27392e\"},\"headline\":\"A demoniza\u00e7\u00e3o do Servidor P\u00fablico\\\/Por Alberto Peixoto*\",\"datePublished\":\"2020-02-10T20:39:16+00:00\",\"dateModified\":\"2020-02-10T20:39:19+00:00\",\"mainEntityOfPage\":{\"@id\":\"https:\\\/\\\/www.albertopeixoto.com.br\\\/blog\\\/2020\\\/02\\\/10\\\/a-demonizacao-do-servidor-publico-por-alberto-peixoto\\\/\"},\"wordCount\":484,\"commentCount\":1,\"publisher\":{\"@id\":\"https:\\\/\\\/www.albertopeixoto.com.br\\\/blog\\\/#\\\/schema\\\/person\\\/7c0ad65e044773b9ace71e4bed27392e\"},\"image\":{\"@id\":\"https:\\\/\\\/www.albertopeixoto.com.br\\\/blog\\\/2020\\\/02\\\/10\\\/a-demonizacao-do-servidor-publico-por-alberto-peixoto\\\/#primaryimage\"},\"thumbnailUrl\":\"https:\\\/\\\/www.albertopeixoto.com.br\\\/blog\\\/wp-content\\\/uploads\\\/2020\\\/02\\\/guedes-1024x447.jpg\",\"inLanguage\":\"pt-BR\",\"potentialAction\":[{\"@type\":\"CommentAction\",\"name\":\"Comment\",\"target\":[\"https:\\\/\\\/www.albertopeixoto.com.br\\\/blog\\\/2020\\\/02\\\/10\\\/a-demonizacao-do-servidor-publico-por-alberto-peixoto\\\/#respond\"]}]},{\"@type\":\"WebPage\",\"@id\":\"https:\\\/\\\/www.albertopeixoto.com.br\\\/blog\\\/2020\\\/02\\\/10\\\/a-demonizacao-do-servidor-publico-por-alberto-peixoto\\\/\",\"url\":\"https:\\\/\\\/www.albertopeixoto.com.br\\\/blog\\\/2020\\\/02\\\/10\\\/a-demonizacao-do-servidor-publico-por-alberto-peixoto\\\/\",\"name\":\"A demoniza\u00e7\u00e3o do Servidor P\u00fablico\\\/Por Alberto Peixoto* - Alberto Peixoto\",\"isPartOf\":{\"@id\":\"https:\\\/\\\/www.albertopeixoto.com.br\\\/blog\\\/#website\"},\"primaryImageOfPage\":{\"@id\":\"https:\\\/\\\/www.albertopeixoto.com.br\\\/blog\\\/2020\\\/02\\\/10\\\/a-demonizacao-do-servidor-publico-por-alberto-peixoto\\\/#primaryimage\"},\"image\":{\"@id\":\"https:\\\/\\\/www.albertopeixoto.com.br\\\/blog\\\/2020\\\/02\\\/10\\\/a-demonizacao-do-servidor-publico-por-alberto-peixoto\\\/#primaryimage\"},\"thumbnailUrl\":\"https:\\\/\\\/www.albertopeixoto.com.br\\\/blog\\\/wp-content\\\/uploads\\\/2020\\\/02\\\/guedes-1024x447.jpg\",\"datePublished\":\"2020-02-10T20:39:16+00:00\",\"dateModified\":\"2020-02-10T20:39:19+00:00\",\"breadcrumb\":{\"@id\":\"https:\\\/\\\/www.albertopeixoto.com.br\\\/blog\\\/2020\\\/02\\\/10\\\/a-demonizacao-do-servidor-publico-por-alberto-peixoto\\\/#breadcrumb\"},\"inLanguage\":\"pt-BR\",\"potentialAction\":[{\"@type\":\"ReadAction\",\"target\":[\"https:\\\/\\\/www.albertopeixoto.com.br\\\/blog\\\/2020\\\/02\\\/10\\\/a-demonizacao-do-servidor-publico-por-alberto-peixoto\\\/\"]}]},{\"@type\":\"ImageObject\",\"inLanguage\":\"pt-BR\",\"@id\":\"https:\\\/\\\/www.albertopeixoto.com.br\\\/blog\\\/2020\\\/02\\\/10\\\/a-demonizacao-do-servidor-publico-por-alberto-peixoto\\\/#primaryimage\",\"url\":\"https:\\\/\\\/www.albertopeixoto.com.br\\\/blog\\\/wp-content\\\/uploads\\\/2020\\\/02\\\/guedes.jpg\",\"contentUrl\":\"https:\\\/\\\/www.albertopeixoto.com.br\\\/blog\\\/wp-content\\\/uploads\\\/2020\\\/02\\\/guedes.jpg\",\"width\":1140,\"height\":498},{\"@type\":\"BreadcrumbList\",\"@id\":\"https:\\\/\\\/www.albertopeixoto.com.br\\\/blog\\\/2020\\\/02\\\/10\\\/a-demonizacao-do-servidor-publico-por-alberto-peixoto\\\/#breadcrumb\",\"itemListElement\":[{\"@type\":\"ListItem\",\"position\":1,\"name\":\"In\u00edcio\",\"item\":\"https:\\\/\\\/www.albertopeixoto.com.br\\\/blog\\\/\"},{\"@type\":\"ListItem\",\"position\":2,\"name\":\"A demoniza\u00e7\u00e3o do Servidor P\u00fablico\\\/Por Alberto Peixoto*\"}]},{\"@type\":\"WebSite\",\"@id\":\"https:\\\/\\\/www.albertopeixoto.com.br\\\/blog\\\/#website\",\"url\":\"https:\\\/\\\/www.albertopeixoto.com.br\\\/blog\\\/\",\"name\":\"Alberto Peixoto\",\"description\":\"Site do escritor feirense Alberto Peixoto\",\"publisher\":{\"@id\":\"https:\\\/\\\/www.albertopeixoto.com.br\\\/blog\\\/#\\\/schema\\\/person\\\/7c0ad65e044773b9ace71e4bed27392e\"},\"potentialAction\":[{\"@type\":\"SearchAction\",\"target\":{\"@type\":\"EntryPoint\",\"urlTemplate\":\"https:\\\/\\\/www.albertopeixoto.com.br\\\/blog\\\/?s={search_term_string}\"},\"query-input\":{\"@type\":\"PropertyValueSpecification\",\"valueRequired\":true,\"valueName\":\"search_term_string\"}}],\"inLanguage\":\"pt-BR\"},{\"@type\":[\"Person\",\"Organization\"],\"@id\":\"https:\\\/\\\/www.albertopeixoto.com.br\\\/blog\\\/#\\\/schema\\\/person\\\/7c0ad65e044773b9ace71e4bed27392e\",\"name\":\"Alberto Peixoto\",\"image\":{\"@type\":\"ImageObject\",\"inLanguage\":\"pt-BR\",\"@id\":\"https:\\\/\\\/secure.gravatar.com\\\/avatar\\\/56073ba688fdc11029c75ad4a19a7d0404f80a73249f4fb56c9c021b86beab08?s=96&d=mm&r=g\",\"url\":\"https:\\\/\\\/secure.gravatar.com\\\/avatar\\\/56073ba688fdc11029c75ad4a19a7d0404f80a73249f4fb56c9c021b86beab08?s=96&d=mm&r=g\",\"contentUrl\":\"https:\\\/\\\/secure.gravatar.com\\\/avatar\\\/56073ba688fdc11029c75ad4a19a7d0404f80a73249f4fb56c9c021b86beab08?s=96&d=mm&r=g\",\"caption\":\"Alberto Peixoto\"},\"logo\":{\"@id\":\"https:\\\/\\\/secure.gravatar.com\\\/avatar\\\/56073ba688fdc11029c75ad4a19a7d0404f80a73249f4fb56c9c021b86beab08?s=96&d=mm&r=g\"},\"sameAs\":[\"https:\\\/\\\/www.albertopeixoto.com.br\\\/\",\"https:\\\/\\\/www.facebook.com\\\/antonioalberto.oliveirapeixoto\"],\"url\":\"https:\\\/\\\/www.albertopeixoto.com.br\\\/blog\\\/author\\\/apeixoto\\\/\"}]}<\/script>\n<!-- \/ Yoast SEO plugin. -->","yoast_head_json":{"title":"A demoniza\u00e7\u00e3o do Servidor P\u00fablico\/Por Alberto Peixoto* - Alberto Peixoto","robots":{"index":"index","follow":"follow","max-snippet":"max-snippet:-1","max-image-preview":"max-image-preview:large","max-video-preview":"max-video-preview:-1"},"canonical":"https:\/\/www.albertopeixoto.com.br\/blog\/2020\/02\/10\/a-demonizacao-do-servidor-publico-por-alberto-peixoto\/","og_locale":"pt_BR","og_type":"article","og_title":"A demoniza\u00e7\u00e3o do Servidor P\u00fablico\/Por Alberto Peixoto* - Alberto Peixoto","og_description":"Como se n\u00e3o bastasse o Governador da Bahia, Rui Costa, humilhar os Servidores P\u00fablicos baianos com uma reforma da Previd\u00eancia Estadual mais do que criminosa, com perdas salariais &#8211; j\u00e1 se passaram 6 anos sem sequer reajuste da infla\u00e7\u00e3o &#8211; &hellip; Continue reading &rarr;","og_url":"https:\/\/www.albertopeixoto.com.br\/blog\/2020\/02\/10\/a-demonizacao-do-servidor-publico-por-alberto-peixoto\/","og_site_name":"Alberto Peixoto","article_publisher":"https:\/\/www.facebook.com\/antonioalberto.oliveirapeixoto","article_author":"https:\/\/www.facebook.com\/antonioalberto.oliveirapeixoto","article_published_time":"2020-02-10T20:39:16+00:00","article_modified_time":"2020-02-10T20:39:19+00:00","og_image":[{"url":"https:\/\/www.albertopeixoto.com.br\/blog\/wp-content\/uploads\/2020\/02\/guedes-1024x447.jpg","type":"","width":"","height":""}],"author":"Alberto Peixoto","twitter_card":"summary_large_image","twitter_misc":{"Escrito por":"Alberto Peixoto","Est. tempo de leitura":"2 minutos"},"schema":{"@context":"https:\/\/schema.org","@graph":[{"@type":"Article","@id":"https:\/\/www.albertopeixoto.com.br\/blog\/2020\/02\/10\/a-demonizacao-do-servidor-publico-por-alberto-peixoto\/#article","isPartOf":{"@id":"https:\/\/www.albertopeixoto.com.br\/blog\/2020\/02\/10\/a-demonizacao-do-servidor-publico-por-alberto-peixoto\/"},"author":{"name":"Alberto Peixoto","@id":"https:\/\/www.albertopeixoto.com.br\/blog\/#\/schema\/person\/7c0ad65e044773b9ace71e4bed27392e"},"headline":"A demoniza\u00e7\u00e3o do Servidor P\u00fablico\/Por Alberto Peixoto*","datePublished":"2020-02-10T20:39:16+00:00","dateModified":"2020-02-10T20:39:19+00:00","mainEntityOfPage":{"@id":"https:\/\/www.albertopeixoto.com.br\/blog\/2020\/02\/10\/a-demonizacao-do-servidor-publico-por-alberto-peixoto\/"},"wordCount":484,"commentCount":1,"publisher":{"@id":"https:\/\/www.albertopeixoto.com.br\/blog\/#\/schema\/person\/7c0ad65e044773b9ace71e4bed27392e"},"image":{"@id":"https:\/\/www.albertopeixoto.com.br\/blog\/2020\/02\/10\/a-demonizacao-do-servidor-publico-por-alberto-peixoto\/#primaryimage"},"thumbnailUrl":"https:\/\/www.albertopeixoto.com.br\/blog\/wp-content\/uploads\/2020\/02\/guedes-1024x447.jpg","inLanguage":"pt-BR","potentialAction":[{"@type":"CommentAction","name":"Comment","target":["https:\/\/www.albertopeixoto.com.br\/blog\/2020\/02\/10\/a-demonizacao-do-servidor-publico-por-alberto-peixoto\/#respond"]}]},{"@type":"WebPage","@id":"https:\/\/www.albertopeixoto.com.br\/blog\/2020\/02\/10\/a-demonizacao-do-servidor-publico-por-alberto-peixoto\/","url":"https:\/\/www.albertopeixoto.com.br\/blog\/2020\/02\/10\/a-demonizacao-do-servidor-publico-por-alberto-peixoto\/","name":"A demoniza\u00e7\u00e3o do Servidor P\u00fablico\/Por Alberto Peixoto* - Alberto Peixoto","isPartOf":{"@id":"https:\/\/www.albertopeixoto.com.br\/blog\/#website"},"primaryImageOfPage":{"@id":"https:\/\/www.albertopeixoto.com.br\/blog\/2020\/02\/10\/a-demonizacao-do-servidor-publico-por-alberto-peixoto\/#primaryimage"},"image":{"@id":"https:\/\/www.albertopeixoto.com.br\/blog\/2020\/02\/10\/a-demonizacao-do-servidor-publico-por-alberto-peixoto\/#primaryimage"},"thumbnailUrl":"https:\/\/www.albertopeixoto.com.br\/blog\/wp-content\/uploads\/2020\/02\/guedes-1024x447.jpg","datePublished":"2020-02-10T20:39:16+00:00","dateModified":"2020-02-10T20:39:19+00:00","breadcrumb":{"@id":"https:\/\/www.albertopeixoto.com.br\/blog\/2020\/02\/10\/a-demonizacao-do-servidor-publico-por-alberto-peixoto\/#breadcrumb"},"inLanguage":"pt-BR","potentialAction":[{"@type":"ReadAction","target":["https:\/\/www.albertopeixoto.com.br\/blog\/2020\/02\/10\/a-demonizacao-do-servidor-publico-por-alberto-peixoto\/"]}]},{"@type":"ImageObject","inLanguage":"pt-BR","@id":"https:\/\/www.albertopeixoto.com.br\/blog\/2020\/02\/10\/a-demonizacao-do-servidor-publico-por-alberto-peixoto\/#primaryimage","url":"https:\/\/www.albertopeixoto.com.br\/blog\/wp-content\/uploads\/2020\/02\/guedes.jpg","contentUrl":"https:\/\/www.albertopeixoto.com.br\/blog\/wp-content\/uploads\/2020\/02\/guedes.jpg","width":1140,"height":498},{"@type":"BreadcrumbList","@id":"https:\/\/www.albertopeixoto.com.br\/blog\/2020\/02\/10\/a-demonizacao-do-servidor-publico-por-alberto-peixoto\/#breadcrumb","itemListElement":[{"@type":"ListItem","position":1,"name":"In\u00edcio","item":"https:\/\/www.albertopeixoto.com.br\/blog\/"},{"@type":"ListItem","position":2,"name":"A demoniza\u00e7\u00e3o do Servidor P\u00fablico\/Por Alberto Peixoto*"}]},{"@type":"WebSite","@id":"https:\/\/www.albertopeixoto.com.br\/blog\/#website","url":"https:\/\/www.albertopeixoto.com.br\/blog\/","name":"Alberto Peixoto","description":"Site do escritor feirense Alberto Peixoto","publisher":{"@id":"https:\/\/www.albertopeixoto.com.br\/blog\/#\/schema\/person\/7c0ad65e044773b9ace71e4bed27392e"},"potentialAction":[{"@type":"SearchAction","target":{"@type":"EntryPoint","urlTemplate":"https:\/\/www.albertopeixoto.com.br\/blog\/?s={search_term_string}"},"query-input":{"@type":"PropertyValueSpecification","valueRequired":true,"valueName":"search_term_string"}}],"inLanguage":"pt-BR"},{"@type":["Person","Organization"],"@id":"https:\/\/www.albertopeixoto.com.br\/blog\/#\/schema\/person\/7c0ad65e044773b9ace71e4bed27392e","name":"Alberto Peixoto","image":{"@type":"ImageObject","inLanguage":"pt-BR","@id":"https:\/\/secure.gravatar.com\/avatar\/56073ba688fdc11029c75ad4a19a7d0404f80a73249f4fb56c9c021b86beab08?s=96&d=mm&r=g","url":"https:\/\/secure.gravatar.com\/avatar\/56073ba688fdc11029c75ad4a19a7d0404f80a73249f4fb56c9c021b86beab08?s=96&d=mm&r=g","contentUrl":"https:\/\/secure.gravatar.com\/avatar\/56073ba688fdc11029c75ad4a19a7d0404f80a73249f4fb56c9c021b86beab08?s=96&d=mm&r=g","caption":"Alberto Peixoto"},"logo":{"@id":"https:\/\/secure.gravatar.com\/avatar\/56073ba688fdc11029c75ad4a19a7d0404f80a73249f4fb56c9c021b86beab08?s=96&d=mm&r=g"},"sameAs":["https:\/\/www.albertopeixoto.com.br\/","https:\/\/www.facebook.com\/antonioalberto.oliveirapeixoto"],"url":"https:\/\/www.albertopeixoto.com.br\/blog\/author\/apeixoto\/"}]}},"_links":{"self":[{"href":"https:\/\/www.albertopeixoto.com.br\/blog\/wp-json\/wp\/v2\/posts\/1761","targetHints":{"allow":["GET"]}}],"collection":[{"href":"https:\/\/www.albertopeixoto.com.br\/blog\/wp-json\/wp\/v2\/posts"}],"about":[{"href":"https:\/\/www.albertopeixoto.com.br\/blog\/wp-json\/wp\/v2\/types\/post"}],"author":[{"embeddable":true,"href":"https:\/\/www.albertopeixoto.com.br\/blog\/wp-json\/wp\/v2\/users\/2"}],"replies":[{"embeddable":true,"href":"https:\/\/www.albertopeixoto.com.br\/blog\/wp-json\/wp\/v2\/comments?post=1761"}],"version-history":[{"count":1,"href":"https:\/\/www.albertopeixoto.com.br\/blog\/wp-json\/wp\/v2\/posts\/1761\/revisions"}],"predecessor-version":[{"id":1763,"href":"https:\/\/www.albertopeixoto.com.br\/blog\/wp-json\/wp\/v2\/posts\/1761\/revisions\/1763"}],"wp:attachment":[{"href":"https:\/\/www.albertopeixoto.com.br\/blog\/wp-json\/wp\/v2\/media?parent=1761"}],"wp:term":[{"taxonomy":"category","embeddable":true,"href":"https:\/\/www.albertopeixoto.com.br\/blog\/wp-json\/wp\/v2\/categories?post=1761"},{"taxonomy":"post_tag","embeddable":true,"href":"https:\/\/www.albertopeixoto.com.br\/blog\/wp-json\/wp\/v2\/tags?post=1761"}],"curies":[{"name":"wp","href":"https:\/\/api.w.org\/{rel}","templated":true}]}}