{"id":1758,"date":"2020-02-10T17:31:02","date_gmt":"2020-02-10T20:31:02","guid":{"rendered":"https:\/\/www.albertopeixoto.com.br\/blog\/?p=1758"},"modified":"2020-02-10T17:31:04","modified_gmt":"2020-02-10T20:31:04","slug":"colbert-banca-o-salvador-da-patria-e-tenta-faturar-com-os-estragos-provocados-pela-chuva-por-sergio-jones","status":"publish","type":"post","link":"https:\/\/www.albertopeixoto.com.br\/blog\/2020\/02\/10\/colbert-banca-o-salvador-da-patria-e-tenta-faturar-com-os-estragos-provocados-pela-chuva-por-sergio-jones\/","title":{"rendered":"Colbert banca o \u201csalvador da p\u00e1tria\u201d e tenta faturar com os estragos provocados pela chuva\/ Por S\u00e9rgio Jones*"},"content":{"rendered":"\n<figure class=\"wp-block-image is-resized\"><img loading=\"lazy\" decoding=\"async\" src=\"https:\/\/www.albertopeixoto.com.br\/blog\/wp-content\/uploads\/2020\/02\/a-tv-subae-fez-coro-ao-lado-de-politicos-baianos-na-defesa-do-feirense-colbert-martins-filho-13050-1024x683.jpg\" alt=\"\" class=\"wp-image-1759\" width=\"595\" height=\"396\" srcset=\"https:\/\/www.albertopeixoto.com.br\/blog\/wp-content\/uploads\/2020\/02\/a-tv-subae-fez-coro-ao-lado-de-politicos-baianos-na-defesa-do-feirense-colbert-martins-filho-13050-1024x683.jpg 1024w, https:\/\/www.albertopeixoto.com.br\/blog\/wp-content\/uploads\/2020\/02\/a-tv-subae-fez-coro-ao-lado-de-politicos-baianos-na-defesa-do-feirense-colbert-martins-filho-13050-300x200.jpg 300w, https:\/\/www.albertopeixoto.com.br\/blog\/wp-content\/uploads\/2020\/02\/a-tv-subae-fez-coro-ao-lado-de-politicos-baianos-na-defesa-do-feirense-colbert-martins-filho-13050-768x512.jpg 768w, https:\/\/www.albertopeixoto.com.br\/blog\/wp-content\/uploads\/2020\/02\/a-tv-subae-fez-coro-ao-lado-de-politicos-baianos-na-defesa-do-feirense-colbert-martins-filho-13050.jpg 1200w\" sizes=\"auto, (max-width: 595px) 100vw, 595px\" \/><figcaption>C<strong>olbert Martins prefeito de Feira de Santana<br>FOTO: Jornal Grande Bahia<\/strong><\/figcaption><\/figure>\n\n\n\n<p class=\"wp-block-paragraph\">A situa\u00e7\u00e3o de emerg\u00eancia em Feira de Santana n\u00e3o se resume s\u00f3 aos danos e estragos provocados pelas intemp\u00e9ries que ocorrem anualmente, com uma precis\u00e3o invej\u00e1vel.<\/p>\n\n\n\n<p class=\"wp-block-paragraph\">H\u00e1 outro aspecto, n\u00e3o menos danoso, que por d\u00e9cadas vem causando sucessivos preju\u00edzos para toda a popula\u00e7\u00e3o. A ina\u00e7\u00e3o e falta de compromisso dos gestores que se sucedem, embora sejam todos do mesmo grupo h\u00e1 v\u00e1rias d\u00e9cadas, nada fazem objetivando minimizar os problemas da sociedade.<\/p>\n\n\n\n<p class=\"wp-block-paragraph\">Problemas esses que poderiam, em parte, ter sido resolvidos, permanecem. A sua solu\u00e7\u00e3o provocaria menos preju\u00edzos materiais aos feirenses, causado pelas fortes chuvas.<\/p>\n\n\n\n<p class=\"wp-block-paragraph\">Podemos citar como exemplo a falta de dutos que permitam o escoamento das \u00e1guas pluviais. N\u00e3o havendo essa disponibilidade, devido a inc\u00faria administrativa existente, o n\u00e3o investimento na \u00e1rea de preven\u00e7\u00e3o acaba sendo oneroso para a solu\u00e7\u00e3o definitiva ou parcial do problema.<\/p>\n\n\n\n<p class=\"wp-block-paragraph\">J\u00e1 argumentava outrora, de forma cr\u00edtica, o ex-governador da Bahia e ex-prefeito de Feira de Santana, Jo\u00e3o Durval Carneiro. Dizia ele, ter se tornado uma pr\u00e1tica comum dos gestores se aproveitarem dessa situa\u00e7\u00e3o, para decretarem estado de calamidade e tirar recursos da Uni\u00e3o.<\/p>\n\n\n\n<p class=\"wp-block-paragraph\">Ap\u00f3s d\u00e9cadas, nada mudou, a situa\u00e7\u00e3o continua a mesma. A vinda do Superintendente Estadual da Defesa Civil da Bahia, Paulo S\u00e9rgio, que esteve em Feira de Santana na \u00faltima sexta-feira, 7, para verificar as quest\u00f5es da Situa\u00e7\u00e3o de Emerg\u00eancia, torna esse fato evidente.<\/p>\n\n\n\n<p class=\"wp-block-paragraph\">Ratifica o que estamos a denunciar e \u00e9 refor\u00e7ado pelo veemente apelo feito pela coordenadora da Defesa Civil de Feira de Santana, Anna Karoline Rebou\u00e7as, \u201cessa etapa \u00e9 importante para que o Governo Federal aprove o decreto e possa liberar as verbas para recupera\u00e7\u00e3o dos locais afetados pelas chuvas\u201d.<\/p>\n\n\n\n<p class=\"wp-block-paragraph\">As chuvas poder\u00e3o se tornar o grande cabo eleitoral ou o verdugo do atual gestor que se apresenta em situa\u00e7\u00f5es como essas, n\u00e3o no papel de vil\u00e3o, mas de salvador da p\u00e1tria.<\/p>\n\n\n\n<p class=\"wp-block-paragraph\">Resolver definitivamente o problema, n\u00e3o \u00e9 a solu\u00e7\u00e3o escolhida pelo atual gestor, como n\u00e3o foram dos gestores que lhes antecederam. Necess\u00e1rio se torna que a situa\u00e7\u00e3o continue existindo para que eles possam fatura financeira e eleitoralmente. Mudam os homens, mas as pr\u00e1ticas permanecem.<\/p>\n\n\n\n<p class=\"wp-block-paragraph\">Desde que as chuvas come\u00e7aram a cair no munic\u00edpio, o prefeito Colbert Martins Filho vem adotando medidas para \u201csalvaguardar a popula\u00e7\u00e3o feirense dos perigos\u201d, inclusive, indo pessoalmente visitar os locais mais afetados, como se sua presen\u00e7a fosse mudar a realidade dos fatos. Quando sabemos que tudo \u00e9 feito para que a situa\u00e7\u00e3o se torne perene.<\/p>\n\n\n\n<p class=\"wp-block-paragraph\"><strong>S\u00e9rgio Jones, jornalista (sergiojones@live.com)<\/strong><strong><\/strong><\/p>\n\n\n\n<p class=\"wp-block-paragraph\"><\/p>\n\n\n\n<p class=\"wp-block-paragraph\"><a href=\"https:\/\/www.facebook.com\/ufi\/reaction\/profile\/browser\/?ft_ent_identifier=ZmVlZGJhY2s6MTU1MzU3MjQ3MTQ2ODc2OA==&amp;av=100000217974185\"><strong><br><\/strong><\/a><\/p>\n\n\n\n<p class=\"wp-block-paragraph\">\u7a97\u4f53\u5e95\u7aef<\/p>\n","protected":false},"excerpt":{"rendered":"<p>A situa\u00e7\u00e3o de emerg\u00eancia em Feira de Santana n\u00e3o se resume s\u00f3 aos danos e estragos provocados pelas intemp\u00e9ries que ocorrem anualmente, com uma precis\u00e3o invej\u00e1vel. H\u00e1 outro aspecto, n\u00e3o menos danoso, que por d\u00e9cadas vem causando sucessivos preju\u00edzos para &hellip; <a href=\"https:\/\/www.albertopeixoto.com.br\/blog\/2020\/02\/10\/colbert-banca-o-salvador-da-patria-e-tenta-faturar-com-os-estragos-provocados-pela-chuva-por-sergio-jones\/\">Continue reading <span class=\"meta-nav\">&rarr;<\/span><\/a><\/p>\n","protected":false},"author":2,"featured_media":0,"comment_status":"open","ping_status":"open","sticky":false,"template":"","format":"standard","meta":{"footnotes":""},"categories":[1],"tags":[],"class_list":["post-1758","post","type-post","status-publish","format-standard","hentry","category-sem-categoria"],"yoast_head":"<!-- This site is optimized with the Yoast SEO plugin v28.3 - https:\/\/yoast.com\/product\/yoast-seo-wordpress\/ -->\n<title>Colbert banca o \u201csalvador da p\u00e1tria\u201d e tenta faturar com os estragos provocados pela chuva\/ Por S\u00e9rgio Jones* - Alberto Peixoto<\/title>\n<meta name=\"robots\" content=\"index, follow, max-snippet:-1, max-image-preview:large, max-video-preview:-1\" \/>\n<link rel=\"canonical\" href=\"https:\/\/www.albertopeixoto.com.br\/blog\/2020\/02\/10\/colbert-banca-o-salvador-da-patria-e-tenta-faturar-com-os-estragos-provocados-pela-chuva-por-sergio-jones\/\" \/>\n<meta property=\"og:locale\" content=\"pt_BR\" \/>\n<meta property=\"og:type\" content=\"article\" \/>\n<meta property=\"og:title\" content=\"Colbert banca o \u201csalvador da p\u00e1tria\u201d e tenta faturar com os estragos provocados pela chuva\/ Por S\u00e9rgio Jones* - Alberto Peixoto\" \/>\n<meta property=\"og:description\" content=\"A situa\u00e7\u00e3o de emerg\u00eancia em Feira de Santana n\u00e3o se resume s\u00f3 aos danos e estragos provocados pelas intemp\u00e9ries que ocorrem anualmente, com uma precis\u00e3o invej\u00e1vel. H\u00e1 outro aspecto, n\u00e3o menos danoso, que por d\u00e9cadas vem causando sucessivos preju\u00edzos para &hellip; Continue reading &rarr;\" \/>\n<meta property=\"og:url\" content=\"https:\/\/www.albertopeixoto.com.br\/blog\/2020\/02\/10\/colbert-banca-o-salvador-da-patria-e-tenta-faturar-com-os-estragos-provocados-pela-chuva-por-sergio-jones\/\" \/>\n<meta property=\"og:site_name\" content=\"Alberto Peixoto\" \/>\n<meta property=\"article:publisher\" content=\"https:\/\/www.facebook.com\/antonioalberto.oliveirapeixoto\" \/>\n<meta property=\"article:author\" content=\"https:\/\/www.facebook.com\/antonioalberto.oliveirapeixoto\" \/>\n<meta property=\"article:published_time\" content=\"2020-02-10T20:31:02+00:00\" \/>\n<meta property=\"article:modified_time\" content=\"2020-02-10T20:31:04+00:00\" \/>\n<meta property=\"og:image\" content=\"https:\/\/www.albertopeixoto.com.br\/blog\/wp-content\/uploads\/2020\/02\/a-tv-subae-fez-coro-ao-lado-de-politicos-baianos-na-defesa-do-feirense-colbert-martins-filho-13050-1024x683.jpg\" \/>\n<meta name=\"author\" content=\"Alberto Peixoto\" \/>\n<meta name=\"twitter:card\" content=\"summary_large_image\" \/>\n<meta name=\"twitter:label1\" content=\"Escrito por\" \/>\n\t<meta name=\"twitter:data1\" content=\"Alberto Peixoto\" \/>\n\t<meta name=\"twitter:label2\" content=\"Est. tempo de leitura\" \/>\n\t<meta name=\"twitter:data2\" content=\"2 minutos\" \/>\n<script type=\"application\/ld+json\" class=\"yoast-schema-graph\">{\"@context\":\"https:\\\/\\\/schema.org\",\"@graph\":[{\"@type\":\"Article\",\"@id\":\"https:\\\/\\\/www.albertopeixoto.com.br\\\/blog\\\/2020\\\/02\\\/10\\\/colbert-banca-o-salvador-da-patria-e-tenta-faturar-com-os-estragos-provocados-pela-chuva-por-sergio-jones\\\/#article\",\"isPartOf\":{\"@id\":\"https:\\\/\\\/www.albertopeixoto.com.br\\\/blog\\\/2020\\\/02\\\/10\\\/colbert-banca-o-salvador-da-patria-e-tenta-faturar-com-os-estragos-provocados-pela-chuva-por-sergio-jones\\\/\"},\"author\":{\"name\":\"Alberto Peixoto\",\"@id\":\"https:\\\/\\\/www.albertopeixoto.com.br\\\/blog\\\/#\\\/schema\\\/person\\\/7c0ad65e044773b9ace71e4bed27392e\"},\"headline\":\"Colbert banca o \u201csalvador da p\u00e1tria\u201d e tenta faturar com os estragos provocados pela chuva\\\/ Por S\u00e9rgio Jones*\",\"datePublished\":\"2020-02-10T20:31:02+00:00\",\"dateModified\":\"2020-02-10T20:31:04+00:00\",\"mainEntityOfPage\":{\"@id\":\"https:\\\/\\\/www.albertopeixoto.com.br\\\/blog\\\/2020\\\/02\\\/10\\\/colbert-banca-o-salvador-da-patria-e-tenta-faturar-com-os-estragos-provocados-pela-chuva-por-sergio-jones\\\/\"},\"wordCount\":484,\"commentCount\":0,\"publisher\":{\"@id\":\"https:\\\/\\\/www.albertopeixoto.com.br\\\/blog\\\/#\\\/schema\\\/person\\\/7c0ad65e044773b9ace71e4bed27392e\"},\"image\":{\"@id\":\"https:\\\/\\\/www.albertopeixoto.com.br\\\/blog\\\/2020\\\/02\\\/10\\\/colbert-banca-o-salvador-da-patria-e-tenta-faturar-com-os-estragos-provocados-pela-chuva-por-sergio-jones\\\/#primaryimage\"},\"thumbnailUrl\":\"https:\\\/\\\/www.albertopeixoto.com.br\\\/blog\\\/wp-content\\\/uploads\\\/2020\\\/02\\\/a-tv-subae-fez-coro-ao-lado-de-politicos-baianos-na-defesa-do-feirense-colbert-martins-filho-13050-1024x683.jpg\",\"inLanguage\":\"pt-BR\",\"potentialAction\":[{\"@type\":\"CommentAction\",\"name\":\"Comment\",\"target\":[\"https:\\\/\\\/www.albertopeixoto.com.br\\\/blog\\\/2020\\\/02\\\/10\\\/colbert-banca-o-salvador-da-patria-e-tenta-faturar-com-os-estragos-provocados-pela-chuva-por-sergio-jones\\\/#respond\"]}]},{\"@type\":\"WebPage\",\"@id\":\"https:\\\/\\\/www.albertopeixoto.com.br\\\/blog\\\/2020\\\/02\\\/10\\\/colbert-banca-o-salvador-da-patria-e-tenta-faturar-com-os-estragos-provocados-pela-chuva-por-sergio-jones\\\/\",\"url\":\"https:\\\/\\\/www.albertopeixoto.com.br\\\/blog\\\/2020\\\/02\\\/10\\\/colbert-banca-o-salvador-da-patria-e-tenta-faturar-com-os-estragos-provocados-pela-chuva-por-sergio-jones\\\/\",\"name\":\"Colbert banca o \u201csalvador da p\u00e1tria\u201d e tenta faturar com os estragos provocados pela chuva\\\/ Por S\u00e9rgio Jones* - Alberto Peixoto\",\"isPartOf\":{\"@id\":\"https:\\\/\\\/www.albertopeixoto.com.br\\\/blog\\\/#website\"},\"primaryImageOfPage\":{\"@id\":\"https:\\\/\\\/www.albertopeixoto.com.br\\\/blog\\\/2020\\\/02\\\/10\\\/colbert-banca-o-salvador-da-patria-e-tenta-faturar-com-os-estragos-provocados-pela-chuva-por-sergio-jones\\\/#primaryimage\"},\"image\":{\"@id\":\"https:\\\/\\\/www.albertopeixoto.com.br\\\/blog\\\/2020\\\/02\\\/10\\\/colbert-banca-o-salvador-da-patria-e-tenta-faturar-com-os-estragos-provocados-pela-chuva-por-sergio-jones\\\/#primaryimage\"},\"thumbnailUrl\":\"https:\\\/\\\/www.albertopeixoto.com.br\\\/blog\\\/wp-content\\\/uploads\\\/2020\\\/02\\\/a-tv-subae-fez-coro-ao-lado-de-politicos-baianos-na-defesa-do-feirense-colbert-martins-filho-13050-1024x683.jpg\",\"datePublished\":\"2020-02-10T20:31:02+00:00\",\"dateModified\":\"2020-02-10T20:31:04+00:00\",\"breadcrumb\":{\"@id\":\"https:\\\/\\\/www.albertopeixoto.com.br\\\/blog\\\/2020\\\/02\\\/10\\\/colbert-banca-o-salvador-da-patria-e-tenta-faturar-com-os-estragos-provocados-pela-chuva-por-sergio-jones\\\/#breadcrumb\"},\"inLanguage\":\"pt-BR\",\"potentialAction\":[{\"@type\":\"ReadAction\",\"target\":[\"https:\\\/\\\/www.albertopeixoto.com.br\\\/blog\\\/2020\\\/02\\\/10\\\/colbert-banca-o-salvador-da-patria-e-tenta-faturar-com-os-estragos-provocados-pela-chuva-por-sergio-jones\\\/\"]}]},{\"@type\":\"ImageObject\",\"inLanguage\":\"pt-BR\",\"@id\":\"https:\\\/\\\/www.albertopeixoto.com.br\\\/blog\\\/2020\\\/02\\\/10\\\/colbert-banca-o-salvador-da-patria-e-tenta-faturar-com-os-estragos-provocados-pela-chuva-por-sergio-jones\\\/#primaryimage\",\"url\":\"https:\\\/\\\/www.albertopeixoto.com.br\\\/blog\\\/wp-content\\\/uploads\\\/2020\\\/02\\\/a-tv-subae-fez-coro-ao-lado-de-politicos-baianos-na-defesa-do-feirense-colbert-martins-filho-13050.jpg\",\"contentUrl\":\"https:\\\/\\\/www.albertopeixoto.com.br\\\/blog\\\/wp-content\\\/uploads\\\/2020\\\/02\\\/a-tv-subae-fez-coro-ao-lado-de-politicos-baianos-na-defesa-do-feirense-colbert-martins-filho-13050.jpg\",\"width\":1200,\"height\":800},{\"@type\":\"BreadcrumbList\",\"@id\":\"https:\\\/\\\/www.albertopeixoto.com.br\\\/blog\\\/2020\\\/02\\\/10\\\/colbert-banca-o-salvador-da-patria-e-tenta-faturar-com-os-estragos-provocados-pela-chuva-por-sergio-jones\\\/#breadcrumb\",\"itemListElement\":[{\"@type\":\"ListItem\",\"position\":1,\"name\":\"In\u00edcio\",\"item\":\"https:\\\/\\\/www.albertopeixoto.com.br\\\/blog\\\/\"},{\"@type\":\"ListItem\",\"position\":2,\"name\":\"Colbert banca o \u201csalvador da p\u00e1tria\u201d e tenta faturar com os estragos provocados pela chuva\\\/ Por S\u00e9rgio Jones*\"}]},{\"@type\":\"WebSite\",\"@id\":\"https:\\\/\\\/www.albertopeixoto.com.br\\\/blog\\\/#website\",\"url\":\"https:\\\/\\\/www.albertopeixoto.com.br\\\/blog\\\/\",\"name\":\"Alberto Peixoto\",\"description\":\"Site do escritor feirense Alberto Peixoto\",\"publisher\":{\"@id\":\"https:\\\/\\\/www.albertopeixoto.com.br\\\/blog\\\/#\\\/schema\\\/person\\\/7c0ad65e044773b9ace71e4bed27392e\"},\"potentialAction\":[{\"@type\":\"SearchAction\",\"target\":{\"@type\":\"EntryPoint\",\"urlTemplate\":\"https:\\\/\\\/www.albertopeixoto.com.br\\\/blog\\\/?s={search_term_string}\"},\"query-input\":{\"@type\":\"PropertyValueSpecification\",\"valueRequired\":true,\"valueName\":\"search_term_string\"}}],\"inLanguage\":\"pt-BR\"},{\"@type\":[\"Person\",\"Organization\"],\"@id\":\"https:\\\/\\\/www.albertopeixoto.com.br\\\/blog\\\/#\\\/schema\\\/person\\\/7c0ad65e044773b9ace71e4bed27392e\",\"name\":\"Alberto Peixoto\",\"image\":{\"@type\":\"ImageObject\",\"inLanguage\":\"pt-BR\",\"@id\":\"https:\\\/\\\/secure.gravatar.com\\\/avatar\\\/56073ba688fdc11029c75ad4a19a7d0404f80a73249f4fb56c9c021b86beab08?s=96&d=mm&r=g\",\"url\":\"https:\\\/\\\/secure.gravatar.com\\\/avatar\\\/56073ba688fdc11029c75ad4a19a7d0404f80a73249f4fb56c9c021b86beab08?s=96&d=mm&r=g\",\"contentUrl\":\"https:\\\/\\\/secure.gravatar.com\\\/avatar\\\/56073ba688fdc11029c75ad4a19a7d0404f80a73249f4fb56c9c021b86beab08?s=96&d=mm&r=g\",\"caption\":\"Alberto Peixoto\"},\"logo\":{\"@id\":\"https:\\\/\\\/secure.gravatar.com\\\/avatar\\\/56073ba688fdc11029c75ad4a19a7d0404f80a73249f4fb56c9c021b86beab08?s=96&d=mm&r=g\"},\"sameAs\":[\"https:\\\/\\\/www.albertopeixoto.com.br\\\/\",\"https:\\\/\\\/www.facebook.com\\\/antonioalberto.oliveirapeixoto\"],\"url\":\"https:\\\/\\\/www.albertopeixoto.com.br\\\/blog\\\/author\\\/apeixoto\\\/\"}]}<\/script>\n<!-- \/ Yoast SEO plugin. -->","yoast_head_json":{"title":"Colbert banca o \u201csalvador da p\u00e1tria\u201d e tenta faturar com os estragos provocados pela chuva\/ Por S\u00e9rgio Jones* - Alberto Peixoto","robots":{"index":"index","follow":"follow","max-snippet":"max-snippet:-1","max-image-preview":"max-image-preview:large","max-video-preview":"max-video-preview:-1"},"canonical":"https:\/\/www.albertopeixoto.com.br\/blog\/2020\/02\/10\/colbert-banca-o-salvador-da-patria-e-tenta-faturar-com-os-estragos-provocados-pela-chuva-por-sergio-jones\/","og_locale":"pt_BR","og_type":"article","og_title":"Colbert banca o \u201csalvador da p\u00e1tria\u201d e tenta faturar com os estragos provocados pela chuva\/ Por S\u00e9rgio Jones* - Alberto Peixoto","og_description":"A situa\u00e7\u00e3o de emerg\u00eancia em Feira de Santana n\u00e3o se resume s\u00f3 aos danos e estragos provocados pelas intemp\u00e9ries que ocorrem anualmente, com uma precis\u00e3o invej\u00e1vel. H\u00e1 outro aspecto, n\u00e3o menos danoso, que por d\u00e9cadas vem causando sucessivos preju\u00edzos para &hellip; Continue reading &rarr;","og_url":"https:\/\/www.albertopeixoto.com.br\/blog\/2020\/02\/10\/colbert-banca-o-salvador-da-patria-e-tenta-faturar-com-os-estragos-provocados-pela-chuva-por-sergio-jones\/","og_site_name":"Alberto Peixoto","article_publisher":"https:\/\/www.facebook.com\/antonioalberto.oliveirapeixoto","article_author":"https:\/\/www.facebook.com\/antonioalberto.oliveirapeixoto","article_published_time":"2020-02-10T20:31:02+00:00","article_modified_time":"2020-02-10T20:31:04+00:00","og_image":[{"url":"https:\/\/www.albertopeixoto.com.br\/blog\/wp-content\/uploads\/2020\/02\/a-tv-subae-fez-coro-ao-lado-de-politicos-baianos-na-defesa-do-feirense-colbert-martins-filho-13050-1024x683.jpg","type":"","width":"","height":""}],"author":"Alberto Peixoto","twitter_card":"summary_large_image","twitter_misc":{"Escrito por":"Alberto Peixoto","Est. tempo de leitura":"2 minutos"},"schema":{"@context":"https:\/\/schema.org","@graph":[{"@type":"Article","@id":"https:\/\/www.albertopeixoto.com.br\/blog\/2020\/02\/10\/colbert-banca-o-salvador-da-patria-e-tenta-faturar-com-os-estragos-provocados-pela-chuva-por-sergio-jones\/#article","isPartOf":{"@id":"https:\/\/www.albertopeixoto.com.br\/blog\/2020\/02\/10\/colbert-banca-o-salvador-da-patria-e-tenta-faturar-com-os-estragos-provocados-pela-chuva-por-sergio-jones\/"},"author":{"name":"Alberto Peixoto","@id":"https:\/\/www.albertopeixoto.com.br\/blog\/#\/schema\/person\/7c0ad65e044773b9ace71e4bed27392e"},"headline":"Colbert banca o \u201csalvador da p\u00e1tria\u201d e tenta faturar com os estragos provocados pela chuva\/ Por S\u00e9rgio Jones*","datePublished":"2020-02-10T20:31:02+00:00","dateModified":"2020-02-10T20:31:04+00:00","mainEntityOfPage":{"@id":"https:\/\/www.albertopeixoto.com.br\/blog\/2020\/02\/10\/colbert-banca-o-salvador-da-patria-e-tenta-faturar-com-os-estragos-provocados-pela-chuva-por-sergio-jones\/"},"wordCount":484,"commentCount":0,"publisher":{"@id":"https:\/\/www.albertopeixoto.com.br\/blog\/#\/schema\/person\/7c0ad65e044773b9ace71e4bed27392e"},"image":{"@id":"https:\/\/www.albertopeixoto.com.br\/blog\/2020\/02\/10\/colbert-banca-o-salvador-da-patria-e-tenta-faturar-com-os-estragos-provocados-pela-chuva-por-sergio-jones\/#primaryimage"},"thumbnailUrl":"https:\/\/www.albertopeixoto.com.br\/blog\/wp-content\/uploads\/2020\/02\/a-tv-subae-fez-coro-ao-lado-de-politicos-baianos-na-defesa-do-feirense-colbert-martins-filho-13050-1024x683.jpg","inLanguage":"pt-BR","potentialAction":[{"@type":"CommentAction","name":"Comment","target":["https:\/\/www.albertopeixoto.com.br\/blog\/2020\/02\/10\/colbert-banca-o-salvador-da-patria-e-tenta-faturar-com-os-estragos-provocados-pela-chuva-por-sergio-jones\/#respond"]}]},{"@type":"WebPage","@id":"https:\/\/www.albertopeixoto.com.br\/blog\/2020\/02\/10\/colbert-banca-o-salvador-da-patria-e-tenta-faturar-com-os-estragos-provocados-pela-chuva-por-sergio-jones\/","url":"https:\/\/www.albertopeixoto.com.br\/blog\/2020\/02\/10\/colbert-banca-o-salvador-da-patria-e-tenta-faturar-com-os-estragos-provocados-pela-chuva-por-sergio-jones\/","name":"Colbert banca o \u201csalvador da p\u00e1tria\u201d e tenta faturar com os estragos provocados pela chuva\/ Por S\u00e9rgio Jones* - Alberto Peixoto","isPartOf":{"@id":"https:\/\/www.albertopeixoto.com.br\/blog\/#website"},"primaryImageOfPage":{"@id":"https:\/\/www.albertopeixoto.com.br\/blog\/2020\/02\/10\/colbert-banca-o-salvador-da-patria-e-tenta-faturar-com-os-estragos-provocados-pela-chuva-por-sergio-jones\/#primaryimage"},"image":{"@id":"https:\/\/www.albertopeixoto.com.br\/blog\/2020\/02\/10\/colbert-banca-o-salvador-da-patria-e-tenta-faturar-com-os-estragos-provocados-pela-chuva-por-sergio-jones\/#primaryimage"},"thumbnailUrl":"https:\/\/www.albertopeixoto.com.br\/blog\/wp-content\/uploads\/2020\/02\/a-tv-subae-fez-coro-ao-lado-de-politicos-baianos-na-defesa-do-feirense-colbert-martins-filho-13050-1024x683.jpg","datePublished":"2020-02-10T20:31:02+00:00","dateModified":"2020-02-10T20:31:04+00:00","breadcrumb":{"@id":"https:\/\/www.albertopeixoto.com.br\/blog\/2020\/02\/10\/colbert-banca-o-salvador-da-patria-e-tenta-faturar-com-os-estragos-provocados-pela-chuva-por-sergio-jones\/#breadcrumb"},"inLanguage":"pt-BR","potentialAction":[{"@type":"ReadAction","target":["https:\/\/www.albertopeixoto.com.br\/blog\/2020\/02\/10\/colbert-banca-o-salvador-da-patria-e-tenta-faturar-com-os-estragos-provocados-pela-chuva-por-sergio-jones\/"]}]},{"@type":"ImageObject","inLanguage":"pt-BR","@id":"https:\/\/www.albertopeixoto.com.br\/blog\/2020\/02\/10\/colbert-banca-o-salvador-da-patria-e-tenta-faturar-com-os-estragos-provocados-pela-chuva-por-sergio-jones\/#primaryimage","url":"https:\/\/www.albertopeixoto.com.br\/blog\/wp-content\/uploads\/2020\/02\/a-tv-subae-fez-coro-ao-lado-de-politicos-baianos-na-defesa-do-feirense-colbert-martins-filho-13050.jpg","contentUrl":"https:\/\/www.albertopeixoto.com.br\/blog\/wp-content\/uploads\/2020\/02\/a-tv-subae-fez-coro-ao-lado-de-politicos-baianos-na-defesa-do-feirense-colbert-martins-filho-13050.jpg","width":1200,"height":800},{"@type":"BreadcrumbList","@id":"https:\/\/www.albertopeixoto.com.br\/blog\/2020\/02\/10\/colbert-banca-o-salvador-da-patria-e-tenta-faturar-com-os-estragos-provocados-pela-chuva-por-sergio-jones\/#breadcrumb","itemListElement":[{"@type":"ListItem","position":1,"name":"In\u00edcio","item":"https:\/\/www.albertopeixoto.com.br\/blog\/"},{"@type":"ListItem","position":2,"name":"Colbert banca o \u201csalvador da p\u00e1tria\u201d e tenta faturar com os estragos provocados pela chuva\/ Por S\u00e9rgio Jones*"}]},{"@type":"WebSite","@id":"https:\/\/www.albertopeixoto.com.br\/blog\/#website","url":"https:\/\/www.albertopeixoto.com.br\/blog\/","name":"Alberto Peixoto","description":"Site do escritor feirense Alberto Peixoto","publisher":{"@id":"https:\/\/www.albertopeixoto.com.br\/blog\/#\/schema\/person\/7c0ad65e044773b9ace71e4bed27392e"},"potentialAction":[{"@type":"SearchAction","target":{"@type":"EntryPoint","urlTemplate":"https:\/\/www.albertopeixoto.com.br\/blog\/?s={search_term_string}"},"query-input":{"@type":"PropertyValueSpecification","valueRequired":true,"valueName":"search_term_string"}}],"inLanguage":"pt-BR"},{"@type":["Person","Organization"],"@id":"https:\/\/www.albertopeixoto.com.br\/blog\/#\/schema\/person\/7c0ad65e044773b9ace71e4bed27392e","name":"Alberto Peixoto","image":{"@type":"ImageObject","inLanguage":"pt-BR","@id":"https:\/\/secure.gravatar.com\/avatar\/56073ba688fdc11029c75ad4a19a7d0404f80a73249f4fb56c9c021b86beab08?s=96&d=mm&r=g","url":"https:\/\/secure.gravatar.com\/avatar\/56073ba688fdc11029c75ad4a19a7d0404f80a73249f4fb56c9c021b86beab08?s=96&d=mm&r=g","contentUrl":"https:\/\/secure.gravatar.com\/avatar\/56073ba688fdc11029c75ad4a19a7d0404f80a73249f4fb56c9c021b86beab08?s=96&d=mm&r=g","caption":"Alberto Peixoto"},"logo":{"@id":"https:\/\/secure.gravatar.com\/avatar\/56073ba688fdc11029c75ad4a19a7d0404f80a73249f4fb56c9c021b86beab08?s=96&d=mm&r=g"},"sameAs":["https:\/\/www.albertopeixoto.com.br\/","https:\/\/www.facebook.com\/antonioalberto.oliveirapeixoto"],"url":"https:\/\/www.albertopeixoto.com.br\/blog\/author\/apeixoto\/"}]}},"_links":{"self":[{"href":"https:\/\/www.albertopeixoto.com.br\/blog\/wp-json\/wp\/v2\/posts\/1758","targetHints":{"allow":["GET"]}}],"collection":[{"href":"https:\/\/www.albertopeixoto.com.br\/blog\/wp-json\/wp\/v2\/posts"}],"about":[{"href":"https:\/\/www.albertopeixoto.com.br\/blog\/wp-json\/wp\/v2\/types\/post"}],"author":[{"embeddable":true,"href":"https:\/\/www.albertopeixoto.com.br\/blog\/wp-json\/wp\/v2\/users\/2"}],"replies":[{"embeddable":true,"href":"https:\/\/www.albertopeixoto.com.br\/blog\/wp-json\/wp\/v2\/comments?post=1758"}],"version-history":[{"count":1,"href":"https:\/\/www.albertopeixoto.com.br\/blog\/wp-json\/wp\/v2\/posts\/1758\/revisions"}],"predecessor-version":[{"id":1760,"href":"https:\/\/www.albertopeixoto.com.br\/blog\/wp-json\/wp\/v2\/posts\/1758\/revisions\/1760"}],"wp:attachment":[{"href":"https:\/\/www.albertopeixoto.com.br\/blog\/wp-json\/wp\/v2\/media?parent=1758"}],"wp:term":[{"taxonomy":"category","embeddable":true,"href":"https:\/\/www.albertopeixoto.com.br\/blog\/wp-json\/wp\/v2\/categories?post=1758"},{"taxonomy":"post_tag","embeddable":true,"href":"https:\/\/www.albertopeixoto.com.br\/blog\/wp-json\/wp\/v2\/tags?post=1758"}],"curies":[{"name":"wp","href":"https:\/\/api.w.org\/{rel}","templated":true}]}}