{"id":1754,"date":"2019-12-18T10:39:22","date_gmt":"2019-12-18T13:39:22","guid":{"rendered":"https:\/\/www.albertopeixoto.com.br\/blog\/?p=1754"},"modified":"2019-12-18T10:39:27","modified_gmt":"2019-12-18T13:39:27","slug":"vereadores-presos-em-uberlandia-enquanto-em-feira-por-sergio-jones","status":"publish","type":"post","link":"https:\/\/www.albertopeixoto.com.br\/blog\/2019\/12\/18\/vereadores-presos-em-uberlandia-enquanto-em-feira-por-sergio-jones\/","title":{"rendered":"Vereadores presos em Uberl\u00e2ndia enquanto em Feira&#8230; \/ Por S\u00e9rgio Jones"},"content":{"rendered":"\n<figure class=\"wp-block-image is-resized\"><img loading=\"lazy\" decoding=\"async\" src=\"https:\/\/www.albertopeixoto.com.br\/blog\/wp-content\/uploads\/2019\/12\/capturadetela201-08b232c43b52e90752438a9a3995a2de-800x400.jpg\" alt=\"\" class=\"wp-image-1755\" width=\"598\" height=\"299\" srcset=\"https:\/\/www.albertopeixoto.com.br\/blog\/wp-content\/uploads\/2019\/12\/capturadetela201-08b232c43b52e90752438a9a3995a2de-800x400.jpg 800w, https:\/\/www.albertopeixoto.com.br\/blog\/wp-content\/uploads\/2019\/12\/capturadetela201-08b232c43b52e90752438a9a3995a2de-800x400-300x150.jpg 300w, https:\/\/www.albertopeixoto.com.br\/blog\/wp-content\/uploads\/2019\/12\/capturadetela201-08b232c43b52e90752438a9a3995a2de-800x400-768x384.jpg 768w\" sizes=\"auto, (max-width: 598px) 100vw, 598px\" \/><figcaption> <strong>Na terrinha de Lucas, tudo \u00e9 diferente<br>FOTO: Metro Jornal<\/strong><\/figcaption><\/figure>\n\n\n\n<p class=\"wp-block-paragraph\">A bruxa est\u00e1 solta, vinte preclaros vereadores de Uberl\u00e2ndia, no Tri\u00e2ngulo Mineiro, foram presos nessa segunda-feira (16) em duas opera\u00e7\u00f5es realizadas pelo Minist\u00e9rio P\u00fablico de Minas Gerais contra irregularidades na C\u00e2mara Municipal da cidade. E pelo andar da carruagem muita \u00e1gua ainda vai passar por baixo dessa ponte envolta em muitas intrigas e falcatruas.<\/p>\n\n\n\n<p class=\"wp-block-paragraph\">Mandados judiciais contra 19 vereadores foram cumpridos na a\u00e7\u00e3o principal, batizada de &#8220;M\u00e1 Impress\u00e3o&#8221;, que apura desvio de verbas de gabinete por meio de servi\u00e7os de impress\u00e3o. Um dos presos j\u00e1 estava no Pres\u00eddio Professor Jacy de Assis. O vig\u00e9simo parlamentar foi alvo da Opera\u00e7\u00e3o &#8220;Guardi\u00e3o&#8221;, que investiga fraude em contrato de vigilantes da C\u00e2mara.<\/p>\n\n\n\n<p class=\"wp-block-paragraph\">A pol\u00edcia ainda tenta cumprir mandado de pris\u00e3o contra um 21\u00ba vereador, Vilmar Resende (PSB), que j\u00e1 \u00e9 considerado foragido. Al\u00e9m dos vereadores, tamb\u00e9m foram cumpridos outros 12 mandados de pris\u00e3o na C\u00e2mara e tamb\u00e9m em gr\u00e1ficas da cidade. Materiais e computadores foram apreendidos nas gr\u00e1ficas e na C\u00e2mara Municipal.<\/p>\n\n\n\n<p class=\"wp-block-paragraph\">Desses 21 vereadores investigados, 19 est\u00e3o em exerc\u00edcio e dois afastados \u2013 a C\u00e2mara de Uberl\u00e2ndia tem 27 cadeiras e 30 vereadores (27 em exerc\u00edcio e 3 afastados). O presidente da C\u00e2mara, H\u00e9lio Ferraz, o Baiano (PSDB), \u00e9 alvo das duas opera\u00e7\u00f5es.<\/p>\n\n\n\n<p class=\"wp-block-paragraph\">O que queremos saber \u00e9 quando medidas saneadoras como essas ser\u00e3o adotas em Feira de Santana. Na terrinha de Lucas, at\u00e9 onde se sabe, os esc\u00e2ndalos e distor\u00e7\u00f5es de ordem financeira praticadas que abrangem a \u00e1rea de sa\u00fade p\u00fablica, cart\u00e3o alimenta\u00e7\u00e3o, di\u00e1rias, cursos e simp\u00f3sios em outros Estados, tendo como finalidade justificar gastos p\u00fablicos, antecipa\u00e7\u00e3o de elei\u00e7\u00f5es para presid\u00eancia da Casa, entre outras pr\u00e1ticas n\u00e3o muito ortodoxas, o que coloca em xeque a atua\u00e7\u00e3o desses honor\u00e1veis pol\u00edticos.<\/p>\n\n\n\n<p class=\"wp-block-paragraph\">E quando parte da imprensa procura fazer um trabalho investigativo junto ao legislativo feirense, \u00e9 hostilizada pela presid\u00eancia que parte para amea\u00e7as e exercem press\u00e3o juntos aos propriet\u00e1rios destes \u00f3rg\u00e3os para que providenciem a demiss\u00e3o destes profissionais. Quando as amea\u00e7as n\u00e3o surtem efeitos desejados, eles assumem a postura de v\u00edtimas e acusa estes \u00f3rg\u00e3os de quererem extorqui-lo financeiramente.<\/p>\n\n\n\n<p class=\"wp-block-paragraph\">Mas suas excel\u00eancias podem ficar cientes de que n\u00e3o existe crime perfeito, e uma hora a casa cai, \u00e9 s\u00f3 uma quest\u00e3o de tempo. Parafraseando Shakespeare: \u201cH\u00e1 mais mist\u00e9rio no legislativo feirense do que sonha a nossa v\u00e3 filosofia\u201d.<\/p>\n\n\n\n<p class=\"wp-block-paragraph\"><strong>S\u00e9rgio Jones, jornalista (sergiojones@live.com)<\/strong><\/p>\n","protected":false},"excerpt":{"rendered":"<p>A bruxa est\u00e1 solta, vinte preclaros vereadores de Uberl\u00e2ndia, no Tri\u00e2ngulo Mineiro, foram presos nessa segunda-feira (16) em duas opera\u00e7\u00f5es realizadas pelo Minist\u00e9rio P\u00fablico de Minas Gerais contra irregularidades na C\u00e2mara Municipal da cidade. E pelo andar da carruagem muita &hellip; <a href=\"https:\/\/www.albertopeixoto.com.br\/blog\/2019\/12\/18\/vereadores-presos-em-uberlandia-enquanto-em-feira-por-sergio-jones\/\">Continue reading <span class=\"meta-nav\">&rarr;<\/span><\/a><\/p>\n","protected":false},"author":2,"featured_media":0,"comment_status":"open","ping_status":"open","sticky":false,"template":"","format":"standard","meta":{"footnotes":""},"categories":[1],"tags":[],"class_list":["post-1754","post","type-post","status-publish","format-standard","hentry","category-sem-categoria"],"yoast_head":"<!-- This site is optimized with the Yoast SEO plugin v28.3 - https:\/\/yoast.com\/product\/yoast-seo-wordpress\/ -->\n<title>Vereadores presos em Uberl\u00e2ndia enquanto em Feira... \/ Por S\u00e9rgio Jones - Alberto Peixoto<\/title>\n<meta name=\"robots\" content=\"index, follow, max-snippet:-1, max-image-preview:large, max-video-preview:-1\" \/>\n<link rel=\"canonical\" href=\"https:\/\/www.albertopeixoto.com.br\/blog\/2019\/12\/18\/vereadores-presos-em-uberlandia-enquanto-em-feira-por-sergio-jones\/\" \/>\n<meta property=\"og:locale\" content=\"pt_BR\" \/>\n<meta property=\"og:type\" content=\"article\" \/>\n<meta property=\"og:title\" content=\"Vereadores presos em Uberl\u00e2ndia enquanto em Feira... \/ Por S\u00e9rgio Jones - Alberto Peixoto\" \/>\n<meta property=\"og:description\" content=\"A bruxa est\u00e1 solta, vinte preclaros vereadores de Uberl\u00e2ndia, no Tri\u00e2ngulo Mineiro, foram presos nessa segunda-feira (16) em duas opera\u00e7\u00f5es realizadas pelo Minist\u00e9rio P\u00fablico de Minas Gerais contra irregularidades na C\u00e2mara Municipal da cidade. E pelo andar da carruagem muita &hellip; Continue reading &rarr;\" \/>\n<meta property=\"og:url\" content=\"https:\/\/www.albertopeixoto.com.br\/blog\/2019\/12\/18\/vereadores-presos-em-uberlandia-enquanto-em-feira-por-sergio-jones\/\" \/>\n<meta property=\"og:site_name\" content=\"Alberto Peixoto\" \/>\n<meta property=\"article:publisher\" content=\"https:\/\/www.facebook.com\/antonioalberto.oliveirapeixoto\" \/>\n<meta property=\"article:author\" content=\"https:\/\/www.facebook.com\/antonioalberto.oliveirapeixoto\" \/>\n<meta property=\"article:published_time\" content=\"2019-12-18T13:39:22+00:00\" \/>\n<meta property=\"article:modified_time\" content=\"2019-12-18T13:39:27+00:00\" \/>\n<meta property=\"og:image\" content=\"https:\/\/www.albertopeixoto.com.br\/blog\/wp-content\/uploads\/2019\/12\/capturadetela201-08b232c43b52e90752438a9a3995a2de-800x400.jpg\" \/>\n<meta name=\"author\" content=\"Alberto Peixoto\" \/>\n<meta name=\"twitter:card\" content=\"summary_large_image\" \/>\n<meta name=\"twitter:label1\" content=\"Escrito por\" \/>\n\t<meta name=\"twitter:data1\" content=\"Alberto Peixoto\" \/>\n\t<meta name=\"twitter:label2\" content=\"Est. tempo de leitura\" \/>\n\t<meta name=\"twitter:data2\" content=\"2 minutos\" \/>\n<script type=\"application\/ld+json\" class=\"yoast-schema-graph\">{\"@context\":\"https:\\\/\\\/schema.org\",\"@graph\":[{\"@type\":\"Article\",\"@id\":\"https:\\\/\\\/www.albertopeixoto.com.br\\\/blog\\\/2019\\\/12\\\/18\\\/vereadores-presos-em-uberlandia-enquanto-em-feira-por-sergio-jones\\\/#article\",\"isPartOf\":{\"@id\":\"https:\\\/\\\/www.albertopeixoto.com.br\\\/blog\\\/2019\\\/12\\\/18\\\/vereadores-presos-em-uberlandia-enquanto-em-feira-por-sergio-jones\\\/\"},\"author\":{\"name\":\"Alberto Peixoto\",\"@id\":\"https:\\\/\\\/www.albertopeixoto.com.br\\\/blog\\\/#\\\/schema\\\/person\\\/7c0ad65e044773b9ace71e4bed27392e\"},\"headline\":\"Vereadores presos em Uberl\u00e2ndia enquanto em Feira&#8230; \\\/ Por S\u00e9rgio Jones\",\"datePublished\":\"2019-12-18T13:39:22+00:00\",\"dateModified\":\"2019-12-18T13:39:27+00:00\",\"mainEntityOfPage\":{\"@id\":\"https:\\\/\\\/www.albertopeixoto.com.br\\\/blog\\\/2019\\\/12\\\/18\\\/vereadores-presos-em-uberlandia-enquanto-em-feira-por-sergio-jones\\\/\"},\"wordCount\":451,\"commentCount\":0,\"publisher\":{\"@id\":\"https:\\\/\\\/www.albertopeixoto.com.br\\\/blog\\\/#\\\/schema\\\/person\\\/7c0ad65e044773b9ace71e4bed27392e\"},\"image\":{\"@id\":\"https:\\\/\\\/www.albertopeixoto.com.br\\\/blog\\\/2019\\\/12\\\/18\\\/vereadores-presos-em-uberlandia-enquanto-em-feira-por-sergio-jones\\\/#primaryimage\"},\"thumbnailUrl\":\"https:\\\/\\\/www.albertopeixoto.com.br\\\/blog\\\/wp-content\\\/uploads\\\/2019\\\/12\\\/capturadetela201-08b232c43b52e90752438a9a3995a2de-800x400.jpg\",\"inLanguage\":\"pt-BR\",\"potentialAction\":[{\"@type\":\"CommentAction\",\"name\":\"Comment\",\"target\":[\"https:\\\/\\\/www.albertopeixoto.com.br\\\/blog\\\/2019\\\/12\\\/18\\\/vereadores-presos-em-uberlandia-enquanto-em-feira-por-sergio-jones\\\/#respond\"]}]},{\"@type\":\"WebPage\",\"@id\":\"https:\\\/\\\/www.albertopeixoto.com.br\\\/blog\\\/2019\\\/12\\\/18\\\/vereadores-presos-em-uberlandia-enquanto-em-feira-por-sergio-jones\\\/\",\"url\":\"https:\\\/\\\/www.albertopeixoto.com.br\\\/blog\\\/2019\\\/12\\\/18\\\/vereadores-presos-em-uberlandia-enquanto-em-feira-por-sergio-jones\\\/\",\"name\":\"Vereadores presos em Uberl\u00e2ndia enquanto em Feira... \\\/ Por S\u00e9rgio Jones - Alberto Peixoto\",\"isPartOf\":{\"@id\":\"https:\\\/\\\/www.albertopeixoto.com.br\\\/blog\\\/#website\"},\"primaryImageOfPage\":{\"@id\":\"https:\\\/\\\/www.albertopeixoto.com.br\\\/blog\\\/2019\\\/12\\\/18\\\/vereadores-presos-em-uberlandia-enquanto-em-feira-por-sergio-jones\\\/#primaryimage\"},\"image\":{\"@id\":\"https:\\\/\\\/www.albertopeixoto.com.br\\\/blog\\\/2019\\\/12\\\/18\\\/vereadores-presos-em-uberlandia-enquanto-em-feira-por-sergio-jones\\\/#primaryimage\"},\"thumbnailUrl\":\"https:\\\/\\\/www.albertopeixoto.com.br\\\/blog\\\/wp-content\\\/uploads\\\/2019\\\/12\\\/capturadetela201-08b232c43b52e90752438a9a3995a2de-800x400.jpg\",\"datePublished\":\"2019-12-18T13:39:22+00:00\",\"dateModified\":\"2019-12-18T13:39:27+00:00\",\"breadcrumb\":{\"@id\":\"https:\\\/\\\/www.albertopeixoto.com.br\\\/blog\\\/2019\\\/12\\\/18\\\/vereadores-presos-em-uberlandia-enquanto-em-feira-por-sergio-jones\\\/#breadcrumb\"},\"inLanguage\":\"pt-BR\",\"potentialAction\":[{\"@type\":\"ReadAction\",\"target\":[\"https:\\\/\\\/www.albertopeixoto.com.br\\\/blog\\\/2019\\\/12\\\/18\\\/vereadores-presos-em-uberlandia-enquanto-em-feira-por-sergio-jones\\\/\"]}]},{\"@type\":\"ImageObject\",\"inLanguage\":\"pt-BR\",\"@id\":\"https:\\\/\\\/www.albertopeixoto.com.br\\\/blog\\\/2019\\\/12\\\/18\\\/vereadores-presos-em-uberlandia-enquanto-em-feira-por-sergio-jones\\\/#primaryimage\",\"url\":\"https:\\\/\\\/www.albertopeixoto.com.br\\\/blog\\\/wp-content\\\/uploads\\\/2019\\\/12\\\/capturadetela201-08b232c43b52e90752438a9a3995a2de-800x400.jpg\",\"contentUrl\":\"https:\\\/\\\/www.albertopeixoto.com.br\\\/blog\\\/wp-content\\\/uploads\\\/2019\\\/12\\\/capturadetela201-08b232c43b52e90752438a9a3995a2de-800x400.jpg\"},{\"@type\":\"BreadcrumbList\",\"@id\":\"https:\\\/\\\/www.albertopeixoto.com.br\\\/blog\\\/2019\\\/12\\\/18\\\/vereadores-presos-em-uberlandia-enquanto-em-feira-por-sergio-jones\\\/#breadcrumb\",\"itemListElement\":[{\"@type\":\"ListItem\",\"position\":1,\"name\":\"In\u00edcio\",\"item\":\"https:\\\/\\\/www.albertopeixoto.com.br\\\/blog\\\/\"},{\"@type\":\"ListItem\",\"position\":2,\"name\":\"Vereadores presos em Uberl\u00e2ndia enquanto em Feira&#8230; \\\/ Por S\u00e9rgio Jones\"}]},{\"@type\":\"WebSite\",\"@id\":\"https:\\\/\\\/www.albertopeixoto.com.br\\\/blog\\\/#website\",\"url\":\"https:\\\/\\\/www.albertopeixoto.com.br\\\/blog\\\/\",\"name\":\"Alberto Peixoto\",\"description\":\"Site do escritor feirense Alberto Peixoto\",\"publisher\":{\"@id\":\"https:\\\/\\\/www.albertopeixoto.com.br\\\/blog\\\/#\\\/schema\\\/person\\\/7c0ad65e044773b9ace71e4bed27392e\"},\"potentialAction\":[{\"@type\":\"SearchAction\",\"target\":{\"@type\":\"EntryPoint\",\"urlTemplate\":\"https:\\\/\\\/www.albertopeixoto.com.br\\\/blog\\\/?s={search_term_string}\"},\"query-input\":{\"@type\":\"PropertyValueSpecification\",\"valueRequired\":true,\"valueName\":\"search_term_string\"}}],\"inLanguage\":\"pt-BR\"},{\"@type\":[\"Person\",\"Organization\"],\"@id\":\"https:\\\/\\\/www.albertopeixoto.com.br\\\/blog\\\/#\\\/schema\\\/person\\\/7c0ad65e044773b9ace71e4bed27392e\",\"name\":\"Alberto Peixoto\",\"image\":{\"@type\":\"ImageObject\",\"inLanguage\":\"pt-BR\",\"@id\":\"https:\\\/\\\/secure.gravatar.com\\\/avatar\\\/56073ba688fdc11029c75ad4a19a7d0404f80a73249f4fb56c9c021b86beab08?s=96&d=mm&r=g\",\"url\":\"https:\\\/\\\/secure.gravatar.com\\\/avatar\\\/56073ba688fdc11029c75ad4a19a7d0404f80a73249f4fb56c9c021b86beab08?s=96&d=mm&r=g\",\"contentUrl\":\"https:\\\/\\\/secure.gravatar.com\\\/avatar\\\/56073ba688fdc11029c75ad4a19a7d0404f80a73249f4fb56c9c021b86beab08?s=96&d=mm&r=g\",\"caption\":\"Alberto Peixoto\"},\"logo\":{\"@id\":\"https:\\\/\\\/secure.gravatar.com\\\/avatar\\\/56073ba688fdc11029c75ad4a19a7d0404f80a73249f4fb56c9c021b86beab08?s=96&d=mm&r=g\"},\"sameAs\":[\"https:\\\/\\\/www.albertopeixoto.com.br\\\/\",\"https:\\\/\\\/www.facebook.com\\\/antonioalberto.oliveirapeixoto\"],\"url\":\"https:\\\/\\\/www.albertopeixoto.com.br\\\/blog\\\/author\\\/apeixoto\\\/\"}]}<\/script>\n<!-- \/ Yoast SEO plugin. -->","yoast_head_json":{"title":"Vereadores presos em Uberl\u00e2ndia enquanto em Feira... \/ Por S\u00e9rgio Jones - Alberto Peixoto","robots":{"index":"index","follow":"follow","max-snippet":"max-snippet:-1","max-image-preview":"max-image-preview:large","max-video-preview":"max-video-preview:-1"},"canonical":"https:\/\/www.albertopeixoto.com.br\/blog\/2019\/12\/18\/vereadores-presos-em-uberlandia-enquanto-em-feira-por-sergio-jones\/","og_locale":"pt_BR","og_type":"article","og_title":"Vereadores presos em Uberl\u00e2ndia enquanto em Feira... \/ Por S\u00e9rgio Jones - Alberto Peixoto","og_description":"A bruxa est\u00e1 solta, vinte preclaros vereadores de Uberl\u00e2ndia, no Tri\u00e2ngulo Mineiro, foram presos nessa segunda-feira (16) em duas opera\u00e7\u00f5es realizadas pelo Minist\u00e9rio P\u00fablico de Minas Gerais contra irregularidades na C\u00e2mara Municipal da cidade. E pelo andar da carruagem muita &hellip; Continue reading &rarr;","og_url":"https:\/\/www.albertopeixoto.com.br\/blog\/2019\/12\/18\/vereadores-presos-em-uberlandia-enquanto-em-feira-por-sergio-jones\/","og_site_name":"Alberto Peixoto","article_publisher":"https:\/\/www.facebook.com\/antonioalberto.oliveirapeixoto","article_author":"https:\/\/www.facebook.com\/antonioalberto.oliveirapeixoto","article_published_time":"2019-12-18T13:39:22+00:00","article_modified_time":"2019-12-18T13:39:27+00:00","og_image":[{"url":"https:\/\/www.albertopeixoto.com.br\/blog\/wp-content\/uploads\/2019\/12\/capturadetela201-08b232c43b52e90752438a9a3995a2de-800x400.jpg","type":"","width":"","height":""}],"author":"Alberto Peixoto","twitter_card":"summary_large_image","twitter_misc":{"Escrito por":"Alberto Peixoto","Est. tempo de leitura":"2 minutos"},"schema":{"@context":"https:\/\/schema.org","@graph":[{"@type":"Article","@id":"https:\/\/www.albertopeixoto.com.br\/blog\/2019\/12\/18\/vereadores-presos-em-uberlandia-enquanto-em-feira-por-sergio-jones\/#article","isPartOf":{"@id":"https:\/\/www.albertopeixoto.com.br\/blog\/2019\/12\/18\/vereadores-presos-em-uberlandia-enquanto-em-feira-por-sergio-jones\/"},"author":{"name":"Alberto Peixoto","@id":"https:\/\/www.albertopeixoto.com.br\/blog\/#\/schema\/person\/7c0ad65e044773b9ace71e4bed27392e"},"headline":"Vereadores presos em Uberl\u00e2ndia enquanto em Feira&#8230; \/ Por S\u00e9rgio Jones","datePublished":"2019-12-18T13:39:22+00:00","dateModified":"2019-12-18T13:39:27+00:00","mainEntityOfPage":{"@id":"https:\/\/www.albertopeixoto.com.br\/blog\/2019\/12\/18\/vereadores-presos-em-uberlandia-enquanto-em-feira-por-sergio-jones\/"},"wordCount":451,"commentCount":0,"publisher":{"@id":"https:\/\/www.albertopeixoto.com.br\/blog\/#\/schema\/person\/7c0ad65e044773b9ace71e4bed27392e"},"image":{"@id":"https:\/\/www.albertopeixoto.com.br\/blog\/2019\/12\/18\/vereadores-presos-em-uberlandia-enquanto-em-feira-por-sergio-jones\/#primaryimage"},"thumbnailUrl":"https:\/\/www.albertopeixoto.com.br\/blog\/wp-content\/uploads\/2019\/12\/capturadetela201-08b232c43b52e90752438a9a3995a2de-800x400.jpg","inLanguage":"pt-BR","potentialAction":[{"@type":"CommentAction","name":"Comment","target":["https:\/\/www.albertopeixoto.com.br\/blog\/2019\/12\/18\/vereadores-presos-em-uberlandia-enquanto-em-feira-por-sergio-jones\/#respond"]}]},{"@type":"WebPage","@id":"https:\/\/www.albertopeixoto.com.br\/blog\/2019\/12\/18\/vereadores-presos-em-uberlandia-enquanto-em-feira-por-sergio-jones\/","url":"https:\/\/www.albertopeixoto.com.br\/blog\/2019\/12\/18\/vereadores-presos-em-uberlandia-enquanto-em-feira-por-sergio-jones\/","name":"Vereadores presos em Uberl\u00e2ndia enquanto em Feira... \/ Por S\u00e9rgio Jones - Alberto Peixoto","isPartOf":{"@id":"https:\/\/www.albertopeixoto.com.br\/blog\/#website"},"primaryImageOfPage":{"@id":"https:\/\/www.albertopeixoto.com.br\/blog\/2019\/12\/18\/vereadores-presos-em-uberlandia-enquanto-em-feira-por-sergio-jones\/#primaryimage"},"image":{"@id":"https:\/\/www.albertopeixoto.com.br\/blog\/2019\/12\/18\/vereadores-presos-em-uberlandia-enquanto-em-feira-por-sergio-jones\/#primaryimage"},"thumbnailUrl":"https:\/\/www.albertopeixoto.com.br\/blog\/wp-content\/uploads\/2019\/12\/capturadetela201-08b232c43b52e90752438a9a3995a2de-800x400.jpg","datePublished":"2019-12-18T13:39:22+00:00","dateModified":"2019-12-18T13:39:27+00:00","breadcrumb":{"@id":"https:\/\/www.albertopeixoto.com.br\/blog\/2019\/12\/18\/vereadores-presos-em-uberlandia-enquanto-em-feira-por-sergio-jones\/#breadcrumb"},"inLanguage":"pt-BR","potentialAction":[{"@type":"ReadAction","target":["https:\/\/www.albertopeixoto.com.br\/blog\/2019\/12\/18\/vereadores-presos-em-uberlandia-enquanto-em-feira-por-sergio-jones\/"]}]},{"@type":"ImageObject","inLanguage":"pt-BR","@id":"https:\/\/www.albertopeixoto.com.br\/blog\/2019\/12\/18\/vereadores-presos-em-uberlandia-enquanto-em-feira-por-sergio-jones\/#primaryimage","url":"https:\/\/www.albertopeixoto.com.br\/blog\/wp-content\/uploads\/2019\/12\/capturadetela201-08b232c43b52e90752438a9a3995a2de-800x400.jpg","contentUrl":"https:\/\/www.albertopeixoto.com.br\/blog\/wp-content\/uploads\/2019\/12\/capturadetela201-08b232c43b52e90752438a9a3995a2de-800x400.jpg"},{"@type":"BreadcrumbList","@id":"https:\/\/www.albertopeixoto.com.br\/blog\/2019\/12\/18\/vereadores-presos-em-uberlandia-enquanto-em-feira-por-sergio-jones\/#breadcrumb","itemListElement":[{"@type":"ListItem","position":1,"name":"In\u00edcio","item":"https:\/\/www.albertopeixoto.com.br\/blog\/"},{"@type":"ListItem","position":2,"name":"Vereadores presos em Uberl\u00e2ndia enquanto em Feira&#8230; \/ Por S\u00e9rgio Jones"}]},{"@type":"WebSite","@id":"https:\/\/www.albertopeixoto.com.br\/blog\/#website","url":"https:\/\/www.albertopeixoto.com.br\/blog\/","name":"Alberto Peixoto","description":"Site do escritor feirense Alberto Peixoto","publisher":{"@id":"https:\/\/www.albertopeixoto.com.br\/blog\/#\/schema\/person\/7c0ad65e044773b9ace71e4bed27392e"},"potentialAction":[{"@type":"SearchAction","target":{"@type":"EntryPoint","urlTemplate":"https:\/\/www.albertopeixoto.com.br\/blog\/?s={search_term_string}"},"query-input":{"@type":"PropertyValueSpecification","valueRequired":true,"valueName":"search_term_string"}}],"inLanguage":"pt-BR"},{"@type":["Person","Organization"],"@id":"https:\/\/www.albertopeixoto.com.br\/blog\/#\/schema\/person\/7c0ad65e044773b9ace71e4bed27392e","name":"Alberto Peixoto","image":{"@type":"ImageObject","inLanguage":"pt-BR","@id":"https:\/\/secure.gravatar.com\/avatar\/56073ba688fdc11029c75ad4a19a7d0404f80a73249f4fb56c9c021b86beab08?s=96&d=mm&r=g","url":"https:\/\/secure.gravatar.com\/avatar\/56073ba688fdc11029c75ad4a19a7d0404f80a73249f4fb56c9c021b86beab08?s=96&d=mm&r=g","contentUrl":"https:\/\/secure.gravatar.com\/avatar\/56073ba688fdc11029c75ad4a19a7d0404f80a73249f4fb56c9c021b86beab08?s=96&d=mm&r=g","caption":"Alberto Peixoto"},"logo":{"@id":"https:\/\/secure.gravatar.com\/avatar\/56073ba688fdc11029c75ad4a19a7d0404f80a73249f4fb56c9c021b86beab08?s=96&d=mm&r=g"},"sameAs":["https:\/\/www.albertopeixoto.com.br\/","https:\/\/www.facebook.com\/antonioalberto.oliveirapeixoto"],"url":"https:\/\/www.albertopeixoto.com.br\/blog\/author\/apeixoto\/"}]}},"_links":{"self":[{"href":"https:\/\/www.albertopeixoto.com.br\/blog\/wp-json\/wp\/v2\/posts\/1754","targetHints":{"allow":["GET"]}}],"collection":[{"href":"https:\/\/www.albertopeixoto.com.br\/blog\/wp-json\/wp\/v2\/posts"}],"about":[{"href":"https:\/\/www.albertopeixoto.com.br\/blog\/wp-json\/wp\/v2\/types\/post"}],"author":[{"embeddable":true,"href":"https:\/\/www.albertopeixoto.com.br\/blog\/wp-json\/wp\/v2\/users\/2"}],"replies":[{"embeddable":true,"href":"https:\/\/www.albertopeixoto.com.br\/blog\/wp-json\/wp\/v2\/comments?post=1754"}],"version-history":[{"count":1,"href":"https:\/\/www.albertopeixoto.com.br\/blog\/wp-json\/wp\/v2\/posts\/1754\/revisions"}],"predecessor-version":[{"id":1756,"href":"https:\/\/www.albertopeixoto.com.br\/blog\/wp-json\/wp\/v2\/posts\/1754\/revisions\/1756"}],"wp:attachment":[{"href":"https:\/\/www.albertopeixoto.com.br\/blog\/wp-json\/wp\/v2\/media?parent=1754"}],"wp:term":[{"taxonomy":"category","embeddable":true,"href":"https:\/\/www.albertopeixoto.com.br\/blog\/wp-json\/wp\/v2\/categories?post=1754"},{"taxonomy":"post_tag","embeddable":true,"href":"https:\/\/www.albertopeixoto.com.br\/blog\/wp-json\/wp\/v2\/tags?post=1754"}],"curies":[{"name":"wp","href":"https:\/\/api.w.org\/{rel}","templated":true}]}}