{"id":1751,"date":"2019-12-18T10:29:26","date_gmt":"2019-12-18T13:29:26","guid":{"rendered":"https:\/\/www.albertopeixoto.com.br\/blog\/?p=1751"},"modified":"2019-12-18T10:29:29","modified_gmt":"2019-12-18T13:29:29","slug":"brt-segundo-maior-escandalo-financeiro-de-feira-por-carlos-lima","status":"publish","type":"post","link":"https:\/\/www.albertopeixoto.com.br\/blog\/2019\/12\/18\/brt-segundo-maior-escandalo-financeiro-de-feira-por-carlos-lima\/","title":{"rendered":"BRT SEGUNDO MAIOR ESC\u00c2NDALO FINANCEIRO DE FEIRA\/POR CARLOS LIMA"},"content":{"rendered":"\n<figure class=\"wp-block-image is-resized\"><img loading=\"lazy\" decoding=\"async\" src=\"https:\/\/www.albertopeixoto.com.br\/blog\/wp-content\/uploads\/2019\/12\/BRT-DO-ZERO-1024x768.jpeg\" alt=\"\" class=\"wp-image-1752\" width=\"592\" height=\"444\" srcset=\"https:\/\/www.albertopeixoto.com.br\/blog\/wp-content\/uploads\/2019\/12\/BRT-DO-ZERO-1024x768.jpeg 1024w, https:\/\/www.albertopeixoto.com.br\/blog\/wp-content\/uploads\/2019\/12\/BRT-DO-ZERO-300x225.jpeg 300w, https:\/\/www.albertopeixoto.com.br\/blog\/wp-content\/uploads\/2019\/12\/BRT-DO-ZERO-768x576.jpeg 768w, https:\/\/www.albertopeixoto.com.br\/blog\/wp-content\/uploads\/2019\/12\/BRT-DO-ZERO.jpeg 1280w\" sizes=\"auto, (max-width: 592px) 100vw, 592px\" \/><figcaption><strong>O sonho do BRT de Z\u00e9 Ronaldo<br>FOTO: Bom Dia Feira<\/strong><\/figcaption><\/figure>\n\n\n\n<p class=\"wp-block-paragraph\">Por enquanto o segundo maior esc\u00e2ndalo financeiro do munic\u00edpio de Feira de Santana pode ser consolidado com a constru\u00e7\u00e3o do BRT, o primeiro continua sendo a opera\u00e7\u00e3o Pityocampa, na \u00e1rea de sa\u00fade.<\/p>\n\n\n\n<p class=\"wp-block-paragraph\">Essa especula\u00e7\u00e3o est\u00e1 sendo fomentada pelo povo.<br>Os coment\u00e1rios s\u00e3o diversificados, recentemente surgiu entre a popula\u00e7\u00e3o uma preocupa\u00e7\u00e3o bem maior.<\/p>\n\n\n\n<p class=\"wp-block-paragraph\">Trata-se dos coment\u00e1rios sobre a desativa\u00e7\u00e3o dos m\u00f3dulos do BRT. O fato pode ocorrer antes mesmo que eles entrem em funcionamento.<\/p>\n\n\n\n<p class=\"wp-block-paragraph\">A obra foi anunciada em mar\u00e7o de 2013 com entrega prevista para 2017. Estamos em dezembro de 2019 e a informa\u00e7\u00e3o passada pelo Secret\u00e1rio de Planejamento, Carlos Brito, \u00e9 de que n\u00e3o existe previs\u00e3o para sua inaugura\u00e7\u00e3o.<\/p>\n\n\n\n<p class=\"wp-block-paragraph\">A obra inicialmente foi or\u00e7ada em R$ 87 milh\u00f5es de reais e com aditivos de contrato o valor at\u00e9 meados desse ano ultrapassa a casa dos R$120 milh\u00f5es de reais.<\/p>\n\n\n\n<p class=\"wp-block-paragraph\">Se o financiamento \u00e9 feito pela Caixa Econ\u00f4mica Federal, n\u00e3o existem dificuldades nem justificativa para atrasos, os recursos s\u00e3o liberados conforme desenvolvimento da obra, a n\u00e3o ser que a Prefeitura deixou de cumprir com a contrapartida, e os aditivos n\u00e3o foram reconhecidos. Ou outros motivos s\u00e3o mantidos em sigilo por conveni\u00eancia financeira.<\/p>\n\n\n\n<p class=\"wp-block-paragraph\">Esse BRT \u00e9 mais um calcanhar de Aquiles na administra\u00e7\u00e3o desse grupo liderado pelo ex-prefeito Jos\u00e9 Ronaldo de Carvalho.<\/p>\n\n\n\n<p class=\"wp-block-paragraph\">O minist\u00e9rio P\u00fablico Federal deveria investigar a aplica\u00e7\u00e3o dos recursos federais destinados ao BRT em Feira de Santana.<\/p>\n\n\n\n<p class=\"wp-block-paragraph\">Os ares est\u00e3o putrefatos, esses odores s\u00f3 n\u00e3o afetam os interessados.<\/p>\n\n\n\n<p class=\"wp-block-paragraph\">Dizem que o tempo \u00e9 o senhor da raz\u00e3o, no entanto, o desvio do dinheiro p\u00fablico \u00e9 a senten\u00e7a de morte antecipada, dos seres humanos mais humildes do nosso munic\u00edpio.<\/p>\n\n\n\n<p class=\"wp-block-paragraph\">Viva o Natal Encantado.<\/p>\n\n\n\n<p class=\"wp-block-paragraph\"><strong>Carlos Lima, Jornalista<\/strong><\/p>\n","protected":false},"excerpt":{"rendered":"<p>Por enquanto o segundo maior esc\u00e2ndalo financeiro do munic\u00edpio de Feira de Santana pode ser consolidado com a constru\u00e7\u00e3o do BRT, o primeiro continua sendo a opera\u00e7\u00e3o Pityocampa, na \u00e1rea de sa\u00fade. Essa especula\u00e7\u00e3o est\u00e1 sendo fomentada pelo povo.Os coment\u00e1rios &hellip; <a href=\"https:\/\/www.albertopeixoto.com.br\/blog\/2019\/12\/18\/brt-segundo-maior-escandalo-financeiro-de-feira-por-carlos-lima\/\">Continue reading <span class=\"meta-nav\">&rarr;<\/span><\/a><\/p>\n","protected":false},"author":2,"featured_media":0,"comment_status":"open","ping_status":"open","sticky":false,"template":"","format":"standard","meta":{"footnotes":""},"categories":[1],"tags":[],"class_list":["post-1751","post","type-post","status-publish","format-standard","hentry","category-sem-categoria"],"yoast_head":"<!-- This site is optimized with the Yoast SEO plugin v28.3 - https:\/\/yoast.com\/product\/yoast-seo-wordpress\/ -->\n<title>BRT SEGUNDO MAIOR ESC\u00c2NDALO FINANCEIRO DE FEIRA\/POR CARLOS LIMA - Alberto Peixoto<\/title>\n<meta name=\"robots\" content=\"index, follow, max-snippet:-1, max-image-preview:large, max-video-preview:-1\" \/>\n<link rel=\"canonical\" href=\"https:\/\/www.albertopeixoto.com.br\/blog\/2019\/12\/18\/brt-segundo-maior-escandalo-financeiro-de-feira-por-carlos-lima\/\" \/>\n<meta property=\"og:locale\" content=\"pt_BR\" \/>\n<meta property=\"og:type\" content=\"article\" \/>\n<meta property=\"og:title\" content=\"BRT SEGUNDO MAIOR ESC\u00c2NDALO FINANCEIRO DE FEIRA\/POR CARLOS LIMA - Alberto Peixoto\" \/>\n<meta property=\"og:description\" content=\"Por enquanto o segundo maior esc\u00e2ndalo financeiro do munic\u00edpio de Feira de Santana pode ser consolidado com a constru\u00e7\u00e3o do BRT, o primeiro continua sendo a opera\u00e7\u00e3o Pityocampa, na \u00e1rea de sa\u00fade. Essa especula\u00e7\u00e3o est\u00e1 sendo fomentada pelo povo.Os coment\u00e1rios &hellip; Continue reading &rarr;\" \/>\n<meta property=\"og:url\" content=\"https:\/\/www.albertopeixoto.com.br\/blog\/2019\/12\/18\/brt-segundo-maior-escandalo-financeiro-de-feira-por-carlos-lima\/\" \/>\n<meta property=\"og:site_name\" content=\"Alberto Peixoto\" \/>\n<meta property=\"article:publisher\" content=\"https:\/\/www.facebook.com\/antonioalberto.oliveirapeixoto\" \/>\n<meta property=\"article:author\" content=\"https:\/\/www.facebook.com\/antonioalberto.oliveirapeixoto\" \/>\n<meta property=\"article:published_time\" content=\"2019-12-18T13:29:26+00:00\" \/>\n<meta property=\"article:modified_time\" content=\"2019-12-18T13:29:29+00:00\" \/>\n<meta property=\"og:image\" content=\"https:\/\/www.albertopeixoto.com.br\/blog\/wp-content\/uploads\/2019\/12\/BRT-DO-ZERO-1024x768.jpeg\" \/>\n<meta name=\"author\" content=\"Alberto Peixoto\" \/>\n<meta name=\"twitter:card\" content=\"summary_large_image\" \/>\n<meta name=\"twitter:label1\" content=\"Escrito por\" \/>\n\t<meta name=\"twitter:data1\" content=\"Alberto Peixoto\" \/>\n\t<meta name=\"twitter:label2\" content=\"Est. tempo de leitura\" \/>\n\t<meta name=\"twitter:data2\" content=\"2 minutos\" \/>\n<script type=\"application\/ld+json\" class=\"yoast-schema-graph\">{\"@context\":\"https:\\\/\\\/schema.org\",\"@graph\":[{\"@type\":\"Article\",\"@id\":\"https:\\\/\\\/www.albertopeixoto.com.br\\\/blog\\\/2019\\\/12\\\/18\\\/brt-segundo-maior-escandalo-financeiro-de-feira-por-carlos-lima\\\/#article\",\"isPartOf\":{\"@id\":\"https:\\\/\\\/www.albertopeixoto.com.br\\\/blog\\\/2019\\\/12\\\/18\\\/brt-segundo-maior-escandalo-financeiro-de-feira-por-carlos-lima\\\/\"},\"author\":{\"name\":\"Alberto Peixoto\",\"@id\":\"https:\\\/\\\/www.albertopeixoto.com.br\\\/blog\\\/#\\\/schema\\\/person\\\/7c0ad65e044773b9ace71e4bed27392e\"},\"headline\":\"BRT SEGUNDO MAIOR ESC\u00c2NDALO FINANCEIRO DE FEIRA\\\/POR CARLOS LIMA\",\"datePublished\":\"2019-12-18T13:29:26+00:00\",\"dateModified\":\"2019-12-18T13:29:29+00:00\",\"mainEntityOfPage\":{\"@id\":\"https:\\\/\\\/www.albertopeixoto.com.br\\\/blog\\\/2019\\\/12\\\/18\\\/brt-segundo-maior-escandalo-financeiro-de-feira-por-carlos-lima\\\/\"},\"wordCount\":328,\"commentCount\":0,\"publisher\":{\"@id\":\"https:\\\/\\\/www.albertopeixoto.com.br\\\/blog\\\/#\\\/schema\\\/person\\\/7c0ad65e044773b9ace71e4bed27392e\"},\"image\":{\"@id\":\"https:\\\/\\\/www.albertopeixoto.com.br\\\/blog\\\/2019\\\/12\\\/18\\\/brt-segundo-maior-escandalo-financeiro-de-feira-por-carlos-lima\\\/#primaryimage\"},\"thumbnailUrl\":\"https:\\\/\\\/www.albertopeixoto.com.br\\\/blog\\\/wp-content\\\/uploads\\\/2019\\\/12\\\/BRT-DO-ZERO-1024x768.jpeg\",\"inLanguage\":\"pt-BR\",\"potentialAction\":[{\"@type\":\"CommentAction\",\"name\":\"Comment\",\"target\":[\"https:\\\/\\\/www.albertopeixoto.com.br\\\/blog\\\/2019\\\/12\\\/18\\\/brt-segundo-maior-escandalo-financeiro-de-feira-por-carlos-lima\\\/#respond\"]}]},{\"@type\":\"WebPage\",\"@id\":\"https:\\\/\\\/www.albertopeixoto.com.br\\\/blog\\\/2019\\\/12\\\/18\\\/brt-segundo-maior-escandalo-financeiro-de-feira-por-carlos-lima\\\/\",\"url\":\"https:\\\/\\\/www.albertopeixoto.com.br\\\/blog\\\/2019\\\/12\\\/18\\\/brt-segundo-maior-escandalo-financeiro-de-feira-por-carlos-lima\\\/\",\"name\":\"BRT SEGUNDO MAIOR ESC\u00c2NDALO FINANCEIRO DE FEIRA\\\/POR CARLOS LIMA - Alberto Peixoto\",\"isPartOf\":{\"@id\":\"https:\\\/\\\/www.albertopeixoto.com.br\\\/blog\\\/#website\"},\"primaryImageOfPage\":{\"@id\":\"https:\\\/\\\/www.albertopeixoto.com.br\\\/blog\\\/2019\\\/12\\\/18\\\/brt-segundo-maior-escandalo-financeiro-de-feira-por-carlos-lima\\\/#primaryimage\"},\"image\":{\"@id\":\"https:\\\/\\\/www.albertopeixoto.com.br\\\/blog\\\/2019\\\/12\\\/18\\\/brt-segundo-maior-escandalo-financeiro-de-feira-por-carlos-lima\\\/#primaryimage\"},\"thumbnailUrl\":\"https:\\\/\\\/www.albertopeixoto.com.br\\\/blog\\\/wp-content\\\/uploads\\\/2019\\\/12\\\/BRT-DO-ZERO-1024x768.jpeg\",\"datePublished\":\"2019-12-18T13:29:26+00:00\",\"dateModified\":\"2019-12-18T13:29:29+00:00\",\"breadcrumb\":{\"@id\":\"https:\\\/\\\/www.albertopeixoto.com.br\\\/blog\\\/2019\\\/12\\\/18\\\/brt-segundo-maior-escandalo-financeiro-de-feira-por-carlos-lima\\\/#breadcrumb\"},\"inLanguage\":\"pt-BR\",\"potentialAction\":[{\"@type\":\"ReadAction\",\"target\":[\"https:\\\/\\\/www.albertopeixoto.com.br\\\/blog\\\/2019\\\/12\\\/18\\\/brt-segundo-maior-escandalo-financeiro-de-feira-por-carlos-lima\\\/\"]}]},{\"@type\":\"ImageObject\",\"inLanguage\":\"pt-BR\",\"@id\":\"https:\\\/\\\/www.albertopeixoto.com.br\\\/blog\\\/2019\\\/12\\\/18\\\/brt-segundo-maior-escandalo-financeiro-de-feira-por-carlos-lima\\\/#primaryimage\",\"url\":\"https:\\\/\\\/www.albertopeixoto.com.br\\\/blog\\\/wp-content\\\/uploads\\\/2019\\\/12\\\/BRT-DO-ZERO.jpeg\",\"contentUrl\":\"https:\\\/\\\/www.albertopeixoto.com.br\\\/blog\\\/wp-content\\\/uploads\\\/2019\\\/12\\\/BRT-DO-ZERO.jpeg\",\"width\":1280,\"height\":960},{\"@type\":\"BreadcrumbList\",\"@id\":\"https:\\\/\\\/www.albertopeixoto.com.br\\\/blog\\\/2019\\\/12\\\/18\\\/brt-segundo-maior-escandalo-financeiro-de-feira-por-carlos-lima\\\/#breadcrumb\",\"itemListElement\":[{\"@type\":\"ListItem\",\"position\":1,\"name\":\"In\u00edcio\",\"item\":\"https:\\\/\\\/www.albertopeixoto.com.br\\\/blog\\\/\"},{\"@type\":\"ListItem\",\"position\":2,\"name\":\"BRT SEGUNDO MAIOR ESC\u00c2NDALO FINANCEIRO DE FEIRA\\\/POR CARLOS LIMA\"}]},{\"@type\":\"WebSite\",\"@id\":\"https:\\\/\\\/www.albertopeixoto.com.br\\\/blog\\\/#website\",\"url\":\"https:\\\/\\\/www.albertopeixoto.com.br\\\/blog\\\/\",\"name\":\"Alberto Peixoto\",\"description\":\"Site do escritor feirense Alberto Peixoto\",\"publisher\":{\"@id\":\"https:\\\/\\\/www.albertopeixoto.com.br\\\/blog\\\/#\\\/schema\\\/person\\\/7c0ad65e044773b9ace71e4bed27392e\"},\"potentialAction\":[{\"@type\":\"SearchAction\",\"target\":{\"@type\":\"EntryPoint\",\"urlTemplate\":\"https:\\\/\\\/www.albertopeixoto.com.br\\\/blog\\\/?s={search_term_string}\"},\"query-input\":{\"@type\":\"PropertyValueSpecification\",\"valueRequired\":true,\"valueName\":\"search_term_string\"}}],\"inLanguage\":\"pt-BR\"},{\"@type\":[\"Person\",\"Organization\"],\"@id\":\"https:\\\/\\\/www.albertopeixoto.com.br\\\/blog\\\/#\\\/schema\\\/person\\\/7c0ad65e044773b9ace71e4bed27392e\",\"name\":\"Alberto Peixoto\",\"image\":{\"@type\":\"ImageObject\",\"inLanguage\":\"pt-BR\",\"@id\":\"https:\\\/\\\/secure.gravatar.com\\\/avatar\\\/56073ba688fdc11029c75ad4a19a7d0404f80a73249f4fb56c9c021b86beab08?s=96&d=mm&r=g\",\"url\":\"https:\\\/\\\/secure.gravatar.com\\\/avatar\\\/56073ba688fdc11029c75ad4a19a7d0404f80a73249f4fb56c9c021b86beab08?s=96&d=mm&r=g\",\"contentUrl\":\"https:\\\/\\\/secure.gravatar.com\\\/avatar\\\/56073ba688fdc11029c75ad4a19a7d0404f80a73249f4fb56c9c021b86beab08?s=96&d=mm&r=g\",\"caption\":\"Alberto Peixoto\"},\"logo\":{\"@id\":\"https:\\\/\\\/secure.gravatar.com\\\/avatar\\\/56073ba688fdc11029c75ad4a19a7d0404f80a73249f4fb56c9c021b86beab08?s=96&d=mm&r=g\"},\"sameAs\":[\"https:\\\/\\\/www.albertopeixoto.com.br\\\/\",\"https:\\\/\\\/www.facebook.com\\\/antonioalberto.oliveirapeixoto\"],\"url\":\"https:\\\/\\\/www.albertopeixoto.com.br\\\/blog\\\/author\\\/apeixoto\\\/\"}]}<\/script>\n<!-- \/ Yoast SEO plugin. -->","yoast_head_json":{"title":"BRT SEGUNDO MAIOR ESC\u00c2NDALO FINANCEIRO DE FEIRA\/POR CARLOS LIMA - Alberto Peixoto","robots":{"index":"index","follow":"follow","max-snippet":"max-snippet:-1","max-image-preview":"max-image-preview:large","max-video-preview":"max-video-preview:-1"},"canonical":"https:\/\/www.albertopeixoto.com.br\/blog\/2019\/12\/18\/brt-segundo-maior-escandalo-financeiro-de-feira-por-carlos-lima\/","og_locale":"pt_BR","og_type":"article","og_title":"BRT SEGUNDO MAIOR ESC\u00c2NDALO FINANCEIRO DE FEIRA\/POR CARLOS LIMA - Alberto Peixoto","og_description":"Por enquanto o segundo maior esc\u00e2ndalo financeiro do munic\u00edpio de Feira de Santana pode ser consolidado com a constru\u00e7\u00e3o do BRT, o primeiro continua sendo a opera\u00e7\u00e3o Pityocampa, na \u00e1rea de sa\u00fade. Essa especula\u00e7\u00e3o est\u00e1 sendo fomentada pelo povo.Os coment\u00e1rios &hellip; Continue reading &rarr;","og_url":"https:\/\/www.albertopeixoto.com.br\/blog\/2019\/12\/18\/brt-segundo-maior-escandalo-financeiro-de-feira-por-carlos-lima\/","og_site_name":"Alberto Peixoto","article_publisher":"https:\/\/www.facebook.com\/antonioalberto.oliveirapeixoto","article_author":"https:\/\/www.facebook.com\/antonioalberto.oliveirapeixoto","article_published_time":"2019-12-18T13:29:26+00:00","article_modified_time":"2019-12-18T13:29:29+00:00","og_image":[{"url":"https:\/\/www.albertopeixoto.com.br\/blog\/wp-content\/uploads\/2019\/12\/BRT-DO-ZERO-1024x768.jpeg","type":"","width":"","height":""}],"author":"Alberto Peixoto","twitter_card":"summary_large_image","twitter_misc":{"Escrito por":"Alberto Peixoto","Est. tempo de leitura":"2 minutos"},"schema":{"@context":"https:\/\/schema.org","@graph":[{"@type":"Article","@id":"https:\/\/www.albertopeixoto.com.br\/blog\/2019\/12\/18\/brt-segundo-maior-escandalo-financeiro-de-feira-por-carlos-lima\/#article","isPartOf":{"@id":"https:\/\/www.albertopeixoto.com.br\/blog\/2019\/12\/18\/brt-segundo-maior-escandalo-financeiro-de-feira-por-carlos-lima\/"},"author":{"name":"Alberto Peixoto","@id":"https:\/\/www.albertopeixoto.com.br\/blog\/#\/schema\/person\/7c0ad65e044773b9ace71e4bed27392e"},"headline":"BRT SEGUNDO MAIOR ESC\u00c2NDALO FINANCEIRO DE FEIRA\/POR CARLOS LIMA","datePublished":"2019-12-18T13:29:26+00:00","dateModified":"2019-12-18T13:29:29+00:00","mainEntityOfPage":{"@id":"https:\/\/www.albertopeixoto.com.br\/blog\/2019\/12\/18\/brt-segundo-maior-escandalo-financeiro-de-feira-por-carlos-lima\/"},"wordCount":328,"commentCount":0,"publisher":{"@id":"https:\/\/www.albertopeixoto.com.br\/blog\/#\/schema\/person\/7c0ad65e044773b9ace71e4bed27392e"},"image":{"@id":"https:\/\/www.albertopeixoto.com.br\/blog\/2019\/12\/18\/brt-segundo-maior-escandalo-financeiro-de-feira-por-carlos-lima\/#primaryimage"},"thumbnailUrl":"https:\/\/www.albertopeixoto.com.br\/blog\/wp-content\/uploads\/2019\/12\/BRT-DO-ZERO-1024x768.jpeg","inLanguage":"pt-BR","potentialAction":[{"@type":"CommentAction","name":"Comment","target":["https:\/\/www.albertopeixoto.com.br\/blog\/2019\/12\/18\/brt-segundo-maior-escandalo-financeiro-de-feira-por-carlos-lima\/#respond"]}]},{"@type":"WebPage","@id":"https:\/\/www.albertopeixoto.com.br\/blog\/2019\/12\/18\/brt-segundo-maior-escandalo-financeiro-de-feira-por-carlos-lima\/","url":"https:\/\/www.albertopeixoto.com.br\/blog\/2019\/12\/18\/brt-segundo-maior-escandalo-financeiro-de-feira-por-carlos-lima\/","name":"BRT SEGUNDO MAIOR ESC\u00c2NDALO FINANCEIRO DE FEIRA\/POR CARLOS LIMA - Alberto Peixoto","isPartOf":{"@id":"https:\/\/www.albertopeixoto.com.br\/blog\/#website"},"primaryImageOfPage":{"@id":"https:\/\/www.albertopeixoto.com.br\/blog\/2019\/12\/18\/brt-segundo-maior-escandalo-financeiro-de-feira-por-carlos-lima\/#primaryimage"},"image":{"@id":"https:\/\/www.albertopeixoto.com.br\/blog\/2019\/12\/18\/brt-segundo-maior-escandalo-financeiro-de-feira-por-carlos-lima\/#primaryimage"},"thumbnailUrl":"https:\/\/www.albertopeixoto.com.br\/blog\/wp-content\/uploads\/2019\/12\/BRT-DO-ZERO-1024x768.jpeg","datePublished":"2019-12-18T13:29:26+00:00","dateModified":"2019-12-18T13:29:29+00:00","breadcrumb":{"@id":"https:\/\/www.albertopeixoto.com.br\/blog\/2019\/12\/18\/brt-segundo-maior-escandalo-financeiro-de-feira-por-carlos-lima\/#breadcrumb"},"inLanguage":"pt-BR","potentialAction":[{"@type":"ReadAction","target":["https:\/\/www.albertopeixoto.com.br\/blog\/2019\/12\/18\/brt-segundo-maior-escandalo-financeiro-de-feira-por-carlos-lima\/"]}]},{"@type":"ImageObject","inLanguage":"pt-BR","@id":"https:\/\/www.albertopeixoto.com.br\/blog\/2019\/12\/18\/brt-segundo-maior-escandalo-financeiro-de-feira-por-carlos-lima\/#primaryimage","url":"https:\/\/www.albertopeixoto.com.br\/blog\/wp-content\/uploads\/2019\/12\/BRT-DO-ZERO.jpeg","contentUrl":"https:\/\/www.albertopeixoto.com.br\/blog\/wp-content\/uploads\/2019\/12\/BRT-DO-ZERO.jpeg","width":1280,"height":960},{"@type":"BreadcrumbList","@id":"https:\/\/www.albertopeixoto.com.br\/blog\/2019\/12\/18\/brt-segundo-maior-escandalo-financeiro-de-feira-por-carlos-lima\/#breadcrumb","itemListElement":[{"@type":"ListItem","position":1,"name":"In\u00edcio","item":"https:\/\/www.albertopeixoto.com.br\/blog\/"},{"@type":"ListItem","position":2,"name":"BRT SEGUNDO MAIOR ESC\u00c2NDALO FINANCEIRO DE FEIRA\/POR CARLOS LIMA"}]},{"@type":"WebSite","@id":"https:\/\/www.albertopeixoto.com.br\/blog\/#website","url":"https:\/\/www.albertopeixoto.com.br\/blog\/","name":"Alberto Peixoto","description":"Site do escritor feirense Alberto Peixoto","publisher":{"@id":"https:\/\/www.albertopeixoto.com.br\/blog\/#\/schema\/person\/7c0ad65e044773b9ace71e4bed27392e"},"potentialAction":[{"@type":"SearchAction","target":{"@type":"EntryPoint","urlTemplate":"https:\/\/www.albertopeixoto.com.br\/blog\/?s={search_term_string}"},"query-input":{"@type":"PropertyValueSpecification","valueRequired":true,"valueName":"search_term_string"}}],"inLanguage":"pt-BR"},{"@type":["Person","Organization"],"@id":"https:\/\/www.albertopeixoto.com.br\/blog\/#\/schema\/person\/7c0ad65e044773b9ace71e4bed27392e","name":"Alberto Peixoto","image":{"@type":"ImageObject","inLanguage":"pt-BR","@id":"https:\/\/secure.gravatar.com\/avatar\/56073ba688fdc11029c75ad4a19a7d0404f80a73249f4fb56c9c021b86beab08?s=96&d=mm&r=g","url":"https:\/\/secure.gravatar.com\/avatar\/56073ba688fdc11029c75ad4a19a7d0404f80a73249f4fb56c9c021b86beab08?s=96&d=mm&r=g","contentUrl":"https:\/\/secure.gravatar.com\/avatar\/56073ba688fdc11029c75ad4a19a7d0404f80a73249f4fb56c9c021b86beab08?s=96&d=mm&r=g","caption":"Alberto Peixoto"},"logo":{"@id":"https:\/\/secure.gravatar.com\/avatar\/56073ba688fdc11029c75ad4a19a7d0404f80a73249f4fb56c9c021b86beab08?s=96&d=mm&r=g"},"sameAs":["https:\/\/www.albertopeixoto.com.br\/","https:\/\/www.facebook.com\/antonioalberto.oliveirapeixoto"],"url":"https:\/\/www.albertopeixoto.com.br\/blog\/author\/apeixoto\/"}]}},"_links":{"self":[{"href":"https:\/\/www.albertopeixoto.com.br\/blog\/wp-json\/wp\/v2\/posts\/1751","targetHints":{"allow":["GET"]}}],"collection":[{"href":"https:\/\/www.albertopeixoto.com.br\/blog\/wp-json\/wp\/v2\/posts"}],"about":[{"href":"https:\/\/www.albertopeixoto.com.br\/blog\/wp-json\/wp\/v2\/types\/post"}],"author":[{"embeddable":true,"href":"https:\/\/www.albertopeixoto.com.br\/blog\/wp-json\/wp\/v2\/users\/2"}],"replies":[{"embeddable":true,"href":"https:\/\/www.albertopeixoto.com.br\/blog\/wp-json\/wp\/v2\/comments?post=1751"}],"version-history":[{"count":1,"href":"https:\/\/www.albertopeixoto.com.br\/blog\/wp-json\/wp\/v2\/posts\/1751\/revisions"}],"predecessor-version":[{"id":1753,"href":"https:\/\/www.albertopeixoto.com.br\/blog\/wp-json\/wp\/v2\/posts\/1751\/revisions\/1753"}],"wp:attachment":[{"href":"https:\/\/www.albertopeixoto.com.br\/blog\/wp-json\/wp\/v2\/media?parent=1751"}],"wp:term":[{"taxonomy":"category","embeddable":true,"href":"https:\/\/www.albertopeixoto.com.br\/blog\/wp-json\/wp\/v2\/categories?post=1751"},{"taxonomy":"post_tag","embeddable":true,"href":"https:\/\/www.albertopeixoto.com.br\/blog\/wp-json\/wp\/v2\/tags?post=1751"}],"curies":[{"name":"wp","href":"https:\/\/api.w.org\/{rel}","templated":true}]}}