{"id":1748,"date":"2019-12-16T10:34:06","date_gmt":"2019-12-16T13:34:06","guid":{"rendered":"https:\/\/www.albertopeixoto.com.br\/blog\/?p=1748"},"modified":"2019-12-16T10:34:08","modified_gmt":"2019-12-16T13:34:08","slug":"planejamento-financeiro-do-legislativo-feirense-e-inaceitavel-por-carlos-lima","status":"publish","type":"post","link":"https:\/\/www.albertopeixoto.com.br\/blog\/2019\/12\/16\/planejamento-financeiro-do-legislativo-feirense-e-inaceitavel-por-carlos-lima\/","title":{"rendered":"Planejamento financeiro do Legislativo feirense \u00e9 inaceit\u00e1vel\/Por Carlos Lima"},"content":{"rendered":"\n<figure class=\"wp-block-image is-resized\"><img loading=\"lazy\" decoding=\"async\" src=\"https:\/\/www.albertopeixoto.com.br\/blog\/wp-content\/uploads\/2019\/12\/Planejameto-financeiro.jpg\" alt=\"\" class=\"wp-image-1749\" width=\"594\" height=\"316\" srcset=\"https:\/\/www.albertopeixoto.com.br\/blog\/wp-content\/uploads\/2019\/12\/Planejameto-financeiro.jpg 308w, https:\/\/www.albertopeixoto.com.br\/blog\/wp-content\/uploads\/2019\/12\/Planejameto-financeiro-300x160.jpg 300w\" sizes=\"auto, (max-width: 594px) 100vw, 594px\" \/><figcaption> <strong>A administra\u00e7\u00e3o financeira vem sendo questionada e denunciada referente \u00e0 contrata\u00e7\u00e3o de presta\u00e7\u00e3o de servi\u00e7os ao legislativo. <br>FOTO: Jornal Carlos Lima<\/strong><\/figcaption><\/figure>\n\n\n\n<p class=\"wp-block-paragraph\">A C\u00e2mara Municipal de Feira de Santana continua no\nfirme prop\u00f3sito de penalizar os cargos comissionados com cortes nas\ngratifica\u00e7\u00f5es daqueles que s\u00e3o considerados os bois de piranha.<\/p>\n\n\n\n<p class=\"wp-block-paragraph\">Todos os anos essa gratifica\u00e7\u00e3o \u00e9 negada justamente\nno m\u00eas de dezembro, per\u00edodo em que as despesas familiares triplicam.<\/p>\n\n\n\n<p class=\"wp-block-paragraph\">Sem especificar as den\u00fancias que s\u00e3o comentadas nos\nbastidores da pol\u00edtica local, no transcorrer do ano, sobre irregularidades no\npagamento dessas gratifica\u00e7\u00f5es, lembramos que existe um interesse m\u00f3rbido nesses\nsequestros de valores.<\/p>\n\n\n\n<p class=\"wp-block-paragraph\">\u00c9 de vital import\u00e2ncia lembrar que entre elas, est\u00e1\na abordagem sobre o cart\u00e3o alimenta\u00e7\u00e3o conforme denunciado publicamente, na\nmaioria das vezes, s\u00e3o utilizados pelos pr\u00f3prios vereadores.<\/p>\n\n\n\n<p class=\"wp-block-paragraph\">A administra\u00e7\u00e3o financeira vem sendo questionada e\ndenunciada referente \u00e0 contrata\u00e7\u00e3o de presta\u00e7\u00e3o de servi\u00e7os ao legislativo.<\/p>\n\n\n\n<p class=\"wp-block-paragraph\">Dentre as in\u00fameras suspeitas est\u00e3o, valores\nreferentes ao cart\u00e3o alimenta\u00e7\u00e3o, limpeza das depend\u00eancias da casa, viagens e\ndi\u00e1rias, estacionamento e tantas outras.<br>\nTratando-se apenas de suspeita e com pouco esclarecimento do presidente Jos\u00e9\nCarneiro, ele atropela verdades e de forma eficiente tenta corromper\nconsci\u00eancias.<\/p>\n\n\n\n<p class=\"wp-block-paragraph\">A sangria dos recursos p\u00fablicos \u00e9 indefens\u00e1vel.\nPrecisamos de um Minist\u00e9rio P\u00fablico com melhores condi\u00e7\u00f5es de fiscaliza\u00e7\u00e3o,\nrefor\u00e7o de pessoal para gerar as imprescind\u00edveis investiga\u00e7\u00f5es e maior\ntranspar\u00eancia na aplica\u00e7\u00e3o dos recursos p\u00fablicos.<\/p>\n\n\n\n<p class=\"wp-block-paragraph\"><strong>Carlos Lima, Jornalista<\/strong><\/p>\n\n\n\n<p class=\"wp-block-paragraph\"><\/p>\n","protected":false},"excerpt":{"rendered":"<p>A C\u00e2mara Municipal de Feira de Santana continua no firme prop\u00f3sito de penalizar os cargos comissionados com cortes nas gratifica\u00e7\u00f5es daqueles que s\u00e3o considerados os bois de piranha. Todos os anos essa gratifica\u00e7\u00e3o \u00e9 negada justamente no m\u00eas de dezembro, &hellip; <a href=\"https:\/\/www.albertopeixoto.com.br\/blog\/2019\/12\/16\/planejamento-financeiro-do-legislativo-feirense-e-inaceitavel-por-carlos-lima\/\">Continue reading <span class=\"meta-nav\">&rarr;<\/span><\/a><\/p>\n","protected":false},"author":2,"featured_media":0,"comment_status":"open","ping_status":"open","sticky":false,"template":"","format":"standard","meta":{"footnotes":""},"categories":[1],"tags":[],"class_list":["post-1748","post","type-post","status-publish","format-standard","hentry","category-sem-categoria"],"yoast_head":"<!-- This site is optimized with the Yoast SEO plugin v28.3 - https:\/\/yoast.com\/product\/yoast-seo-wordpress\/ -->\n<title>Planejamento financeiro do Legislativo feirense \u00e9 inaceit\u00e1vel\/Por Carlos Lima - Alberto Peixoto<\/title>\n<meta name=\"robots\" content=\"index, follow, max-snippet:-1, max-image-preview:large, max-video-preview:-1\" \/>\n<link rel=\"canonical\" href=\"https:\/\/www.albertopeixoto.com.br\/blog\/2019\/12\/16\/planejamento-financeiro-do-legislativo-feirense-e-inaceitavel-por-carlos-lima\/\" \/>\n<meta property=\"og:locale\" content=\"pt_BR\" \/>\n<meta property=\"og:type\" content=\"article\" \/>\n<meta property=\"og:title\" content=\"Planejamento financeiro do Legislativo feirense \u00e9 inaceit\u00e1vel\/Por Carlos Lima - Alberto Peixoto\" \/>\n<meta property=\"og:description\" content=\"A C\u00e2mara Municipal de Feira de Santana continua no firme prop\u00f3sito de penalizar os cargos comissionados com cortes nas gratifica\u00e7\u00f5es daqueles que s\u00e3o considerados os bois de piranha. Todos os anos essa gratifica\u00e7\u00e3o \u00e9 negada justamente no m\u00eas de dezembro, &hellip; Continue reading &rarr;\" \/>\n<meta property=\"og:url\" content=\"https:\/\/www.albertopeixoto.com.br\/blog\/2019\/12\/16\/planejamento-financeiro-do-legislativo-feirense-e-inaceitavel-por-carlos-lima\/\" \/>\n<meta property=\"og:site_name\" content=\"Alberto Peixoto\" \/>\n<meta property=\"article:publisher\" content=\"https:\/\/www.facebook.com\/antonioalberto.oliveirapeixoto\" \/>\n<meta property=\"article:author\" content=\"https:\/\/www.facebook.com\/antonioalberto.oliveirapeixoto\" \/>\n<meta property=\"article:published_time\" content=\"2019-12-16T13:34:06+00:00\" \/>\n<meta property=\"article:modified_time\" content=\"2019-12-16T13:34:08+00:00\" \/>\n<meta property=\"og:image\" content=\"https:\/\/www.albertopeixoto.com.br\/blog\/wp-content\/uploads\/2019\/12\/Planejameto-financeiro.jpg\" \/>\n<meta name=\"author\" content=\"Alberto Peixoto\" \/>\n<meta name=\"twitter:card\" content=\"summary_large_image\" \/>\n<meta name=\"twitter:label1\" content=\"Escrito por\" \/>\n\t<meta name=\"twitter:data1\" content=\"Alberto Peixoto\" \/>\n\t<meta name=\"twitter:label2\" content=\"Est. tempo de leitura\" \/>\n\t<meta name=\"twitter:data2\" content=\"1 minuto\" \/>\n<script type=\"application\/ld+json\" class=\"yoast-schema-graph\">{\"@context\":\"https:\\\/\\\/schema.org\",\"@graph\":[{\"@type\":\"Article\",\"@id\":\"https:\\\/\\\/www.albertopeixoto.com.br\\\/blog\\\/2019\\\/12\\\/16\\\/planejamento-financeiro-do-legislativo-feirense-e-inaceitavel-por-carlos-lima\\\/#article\",\"isPartOf\":{\"@id\":\"https:\\\/\\\/www.albertopeixoto.com.br\\\/blog\\\/2019\\\/12\\\/16\\\/planejamento-financeiro-do-legislativo-feirense-e-inaceitavel-por-carlos-lima\\\/\"},\"author\":{\"name\":\"Alberto Peixoto\",\"@id\":\"https:\\\/\\\/www.albertopeixoto.com.br\\\/blog\\\/#\\\/schema\\\/person\\\/7c0ad65e044773b9ace71e4bed27392e\"},\"headline\":\"Planejamento financeiro do Legislativo feirense \u00e9 inaceit\u00e1vel\\\/Por Carlos Lima\",\"datePublished\":\"2019-12-16T13:34:06+00:00\",\"dateModified\":\"2019-12-16T13:34:08+00:00\",\"mainEntityOfPage\":{\"@id\":\"https:\\\/\\\/www.albertopeixoto.com.br\\\/blog\\\/2019\\\/12\\\/16\\\/planejamento-financeiro-do-legislativo-feirense-e-inaceitavel-por-carlos-lima\\\/\"},\"wordCount\":273,\"commentCount\":0,\"publisher\":{\"@id\":\"https:\\\/\\\/www.albertopeixoto.com.br\\\/blog\\\/#\\\/schema\\\/person\\\/7c0ad65e044773b9ace71e4bed27392e\"},\"image\":{\"@id\":\"https:\\\/\\\/www.albertopeixoto.com.br\\\/blog\\\/2019\\\/12\\\/16\\\/planejamento-financeiro-do-legislativo-feirense-e-inaceitavel-por-carlos-lima\\\/#primaryimage\"},\"thumbnailUrl\":\"https:\\\/\\\/www.albertopeixoto.com.br\\\/blog\\\/wp-content\\\/uploads\\\/2019\\\/12\\\/Planejameto-financeiro.jpg\",\"inLanguage\":\"pt-BR\",\"potentialAction\":[{\"@type\":\"CommentAction\",\"name\":\"Comment\",\"target\":[\"https:\\\/\\\/www.albertopeixoto.com.br\\\/blog\\\/2019\\\/12\\\/16\\\/planejamento-financeiro-do-legislativo-feirense-e-inaceitavel-por-carlos-lima\\\/#respond\"]}]},{\"@type\":\"WebPage\",\"@id\":\"https:\\\/\\\/www.albertopeixoto.com.br\\\/blog\\\/2019\\\/12\\\/16\\\/planejamento-financeiro-do-legislativo-feirense-e-inaceitavel-por-carlos-lima\\\/\",\"url\":\"https:\\\/\\\/www.albertopeixoto.com.br\\\/blog\\\/2019\\\/12\\\/16\\\/planejamento-financeiro-do-legislativo-feirense-e-inaceitavel-por-carlos-lima\\\/\",\"name\":\"Planejamento financeiro do Legislativo feirense \u00e9 inaceit\u00e1vel\\\/Por Carlos Lima - Alberto Peixoto\",\"isPartOf\":{\"@id\":\"https:\\\/\\\/www.albertopeixoto.com.br\\\/blog\\\/#website\"},\"primaryImageOfPage\":{\"@id\":\"https:\\\/\\\/www.albertopeixoto.com.br\\\/blog\\\/2019\\\/12\\\/16\\\/planejamento-financeiro-do-legislativo-feirense-e-inaceitavel-por-carlos-lima\\\/#primaryimage\"},\"image\":{\"@id\":\"https:\\\/\\\/www.albertopeixoto.com.br\\\/blog\\\/2019\\\/12\\\/16\\\/planejamento-financeiro-do-legislativo-feirense-e-inaceitavel-por-carlos-lima\\\/#primaryimage\"},\"thumbnailUrl\":\"https:\\\/\\\/www.albertopeixoto.com.br\\\/blog\\\/wp-content\\\/uploads\\\/2019\\\/12\\\/Planejameto-financeiro.jpg\",\"datePublished\":\"2019-12-16T13:34:06+00:00\",\"dateModified\":\"2019-12-16T13:34:08+00:00\",\"breadcrumb\":{\"@id\":\"https:\\\/\\\/www.albertopeixoto.com.br\\\/blog\\\/2019\\\/12\\\/16\\\/planejamento-financeiro-do-legislativo-feirense-e-inaceitavel-por-carlos-lima\\\/#breadcrumb\"},\"inLanguage\":\"pt-BR\",\"potentialAction\":[{\"@type\":\"ReadAction\",\"target\":[\"https:\\\/\\\/www.albertopeixoto.com.br\\\/blog\\\/2019\\\/12\\\/16\\\/planejamento-financeiro-do-legislativo-feirense-e-inaceitavel-por-carlos-lima\\\/\"]}]},{\"@type\":\"ImageObject\",\"inLanguage\":\"pt-BR\",\"@id\":\"https:\\\/\\\/www.albertopeixoto.com.br\\\/blog\\\/2019\\\/12\\\/16\\\/planejamento-financeiro-do-legislativo-feirense-e-inaceitavel-por-carlos-lima\\\/#primaryimage\",\"url\":\"https:\\\/\\\/www.albertopeixoto.com.br\\\/blog\\\/wp-content\\\/uploads\\\/2019\\\/12\\\/Planejameto-financeiro.jpg\",\"contentUrl\":\"https:\\\/\\\/www.albertopeixoto.com.br\\\/blog\\\/wp-content\\\/uploads\\\/2019\\\/12\\\/Planejameto-financeiro.jpg\",\"width\":308,\"height\":164},{\"@type\":\"BreadcrumbList\",\"@id\":\"https:\\\/\\\/www.albertopeixoto.com.br\\\/blog\\\/2019\\\/12\\\/16\\\/planejamento-financeiro-do-legislativo-feirense-e-inaceitavel-por-carlos-lima\\\/#breadcrumb\",\"itemListElement\":[{\"@type\":\"ListItem\",\"position\":1,\"name\":\"In\u00edcio\",\"item\":\"https:\\\/\\\/www.albertopeixoto.com.br\\\/blog\\\/\"},{\"@type\":\"ListItem\",\"position\":2,\"name\":\"Planejamento financeiro do Legislativo feirense \u00e9 inaceit\u00e1vel\\\/Por Carlos Lima\"}]},{\"@type\":\"WebSite\",\"@id\":\"https:\\\/\\\/www.albertopeixoto.com.br\\\/blog\\\/#website\",\"url\":\"https:\\\/\\\/www.albertopeixoto.com.br\\\/blog\\\/\",\"name\":\"Alberto Peixoto\",\"description\":\"Site do escritor feirense Alberto Peixoto\",\"publisher\":{\"@id\":\"https:\\\/\\\/www.albertopeixoto.com.br\\\/blog\\\/#\\\/schema\\\/person\\\/7c0ad65e044773b9ace71e4bed27392e\"},\"potentialAction\":[{\"@type\":\"SearchAction\",\"target\":{\"@type\":\"EntryPoint\",\"urlTemplate\":\"https:\\\/\\\/www.albertopeixoto.com.br\\\/blog\\\/?s={search_term_string}\"},\"query-input\":{\"@type\":\"PropertyValueSpecification\",\"valueRequired\":true,\"valueName\":\"search_term_string\"}}],\"inLanguage\":\"pt-BR\"},{\"@type\":[\"Person\",\"Organization\"],\"@id\":\"https:\\\/\\\/www.albertopeixoto.com.br\\\/blog\\\/#\\\/schema\\\/person\\\/7c0ad65e044773b9ace71e4bed27392e\",\"name\":\"Alberto Peixoto\",\"image\":{\"@type\":\"ImageObject\",\"inLanguage\":\"pt-BR\",\"@id\":\"https:\\\/\\\/secure.gravatar.com\\\/avatar\\\/56073ba688fdc11029c75ad4a19a7d0404f80a73249f4fb56c9c021b86beab08?s=96&d=mm&r=g\",\"url\":\"https:\\\/\\\/secure.gravatar.com\\\/avatar\\\/56073ba688fdc11029c75ad4a19a7d0404f80a73249f4fb56c9c021b86beab08?s=96&d=mm&r=g\",\"contentUrl\":\"https:\\\/\\\/secure.gravatar.com\\\/avatar\\\/56073ba688fdc11029c75ad4a19a7d0404f80a73249f4fb56c9c021b86beab08?s=96&d=mm&r=g\",\"caption\":\"Alberto Peixoto\"},\"logo\":{\"@id\":\"https:\\\/\\\/secure.gravatar.com\\\/avatar\\\/56073ba688fdc11029c75ad4a19a7d0404f80a73249f4fb56c9c021b86beab08?s=96&d=mm&r=g\"},\"sameAs\":[\"https:\\\/\\\/www.albertopeixoto.com.br\\\/\",\"https:\\\/\\\/www.facebook.com\\\/antonioalberto.oliveirapeixoto\"],\"url\":\"https:\\\/\\\/www.albertopeixoto.com.br\\\/blog\\\/author\\\/apeixoto\\\/\"}]}<\/script>\n<!-- \/ Yoast SEO plugin. -->","yoast_head_json":{"title":"Planejamento financeiro do Legislativo feirense \u00e9 inaceit\u00e1vel\/Por Carlos Lima - Alberto Peixoto","robots":{"index":"index","follow":"follow","max-snippet":"max-snippet:-1","max-image-preview":"max-image-preview:large","max-video-preview":"max-video-preview:-1"},"canonical":"https:\/\/www.albertopeixoto.com.br\/blog\/2019\/12\/16\/planejamento-financeiro-do-legislativo-feirense-e-inaceitavel-por-carlos-lima\/","og_locale":"pt_BR","og_type":"article","og_title":"Planejamento financeiro do Legislativo feirense \u00e9 inaceit\u00e1vel\/Por Carlos Lima - Alberto Peixoto","og_description":"A C\u00e2mara Municipal de Feira de Santana continua no firme prop\u00f3sito de penalizar os cargos comissionados com cortes nas gratifica\u00e7\u00f5es daqueles que s\u00e3o considerados os bois de piranha. Todos os anos essa gratifica\u00e7\u00e3o \u00e9 negada justamente no m\u00eas de dezembro, &hellip; Continue reading &rarr;","og_url":"https:\/\/www.albertopeixoto.com.br\/blog\/2019\/12\/16\/planejamento-financeiro-do-legislativo-feirense-e-inaceitavel-por-carlos-lima\/","og_site_name":"Alberto Peixoto","article_publisher":"https:\/\/www.facebook.com\/antonioalberto.oliveirapeixoto","article_author":"https:\/\/www.facebook.com\/antonioalberto.oliveirapeixoto","article_published_time":"2019-12-16T13:34:06+00:00","article_modified_time":"2019-12-16T13:34:08+00:00","og_image":[{"url":"https:\/\/www.albertopeixoto.com.br\/blog\/wp-content\/uploads\/2019\/12\/Planejameto-financeiro.jpg","type":"","width":"","height":""}],"author":"Alberto Peixoto","twitter_card":"summary_large_image","twitter_misc":{"Escrito por":"Alberto Peixoto","Est. tempo de leitura":"1 minuto"},"schema":{"@context":"https:\/\/schema.org","@graph":[{"@type":"Article","@id":"https:\/\/www.albertopeixoto.com.br\/blog\/2019\/12\/16\/planejamento-financeiro-do-legislativo-feirense-e-inaceitavel-por-carlos-lima\/#article","isPartOf":{"@id":"https:\/\/www.albertopeixoto.com.br\/blog\/2019\/12\/16\/planejamento-financeiro-do-legislativo-feirense-e-inaceitavel-por-carlos-lima\/"},"author":{"name":"Alberto Peixoto","@id":"https:\/\/www.albertopeixoto.com.br\/blog\/#\/schema\/person\/7c0ad65e044773b9ace71e4bed27392e"},"headline":"Planejamento financeiro do Legislativo feirense \u00e9 inaceit\u00e1vel\/Por Carlos Lima","datePublished":"2019-12-16T13:34:06+00:00","dateModified":"2019-12-16T13:34:08+00:00","mainEntityOfPage":{"@id":"https:\/\/www.albertopeixoto.com.br\/blog\/2019\/12\/16\/planejamento-financeiro-do-legislativo-feirense-e-inaceitavel-por-carlos-lima\/"},"wordCount":273,"commentCount":0,"publisher":{"@id":"https:\/\/www.albertopeixoto.com.br\/blog\/#\/schema\/person\/7c0ad65e044773b9ace71e4bed27392e"},"image":{"@id":"https:\/\/www.albertopeixoto.com.br\/blog\/2019\/12\/16\/planejamento-financeiro-do-legislativo-feirense-e-inaceitavel-por-carlos-lima\/#primaryimage"},"thumbnailUrl":"https:\/\/www.albertopeixoto.com.br\/blog\/wp-content\/uploads\/2019\/12\/Planejameto-financeiro.jpg","inLanguage":"pt-BR","potentialAction":[{"@type":"CommentAction","name":"Comment","target":["https:\/\/www.albertopeixoto.com.br\/blog\/2019\/12\/16\/planejamento-financeiro-do-legislativo-feirense-e-inaceitavel-por-carlos-lima\/#respond"]}]},{"@type":"WebPage","@id":"https:\/\/www.albertopeixoto.com.br\/blog\/2019\/12\/16\/planejamento-financeiro-do-legislativo-feirense-e-inaceitavel-por-carlos-lima\/","url":"https:\/\/www.albertopeixoto.com.br\/blog\/2019\/12\/16\/planejamento-financeiro-do-legislativo-feirense-e-inaceitavel-por-carlos-lima\/","name":"Planejamento financeiro do Legislativo feirense \u00e9 inaceit\u00e1vel\/Por Carlos Lima - Alberto Peixoto","isPartOf":{"@id":"https:\/\/www.albertopeixoto.com.br\/blog\/#website"},"primaryImageOfPage":{"@id":"https:\/\/www.albertopeixoto.com.br\/blog\/2019\/12\/16\/planejamento-financeiro-do-legislativo-feirense-e-inaceitavel-por-carlos-lima\/#primaryimage"},"image":{"@id":"https:\/\/www.albertopeixoto.com.br\/blog\/2019\/12\/16\/planejamento-financeiro-do-legislativo-feirense-e-inaceitavel-por-carlos-lima\/#primaryimage"},"thumbnailUrl":"https:\/\/www.albertopeixoto.com.br\/blog\/wp-content\/uploads\/2019\/12\/Planejameto-financeiro.jpg","datePublished":"2019-12-16T13:34:06+00:00","dateModified":"2019-12-16T13:34:08+00:00","breadcrumb":{"@id":"https:\/\/www.albertopeixoto.com.br\/blog\/2019\/12\/16\/planejamento-financeiro-do-legislativo-feirense-e-inaceitavel-por-carlos-lima\/#breadcrumb"},"inLanguage":"pt-BR","potentialAction":[{"@type":"ReadAction","target":["https:\/\/www.albertopeixoto.com.br\/blog\/2019\/12\/16\/planejamento-financeiro-do-legislativo-feirense-e-inaceitavel-por-carlos-lima\/"]}]},{"@type":"ImageObject","inLanguage":"pt-BR","@id":"https:\/\/www.albertopeixoto.com.br\/blog\/2019\/12\/16\/planejamento-financeiro-do-legislativo-feirense-e-inaceitavel-por-carlos-lima\/#primaryimage","url":"https:\/\/www.albertopeixoto.com.br\/blog\/wp-content\/uploads\/2019\/12\/Planejameto-financeiro.jpg","contentUrl":"https:\/\/www.albertopeixoto.com.br\/blog\/wp-content\/uploads\/2019\/12\/Planejameto-financeiro.jpg","width":308,"height":164},{"@type":"BreadcrumbList","@id":"https:\/\/www.albertopeixoto.com.br\/blog\/2019\/12\/16\/planejamento-financeiro-do-legislativo-feirense-e-inaceitavel-por-carlos-lima\/#breadcrumb","itemListElement":[{"@type":"ListItem","position":1,"name":"In\u00edcio","item":"https:\/\/www.albertopeixoto.com.br\/blog\/"},{"@type":"ListItem","position":2,"name":"Planejamento financeiro do Legislativo feirense \u00e9 inaceit\u00e1vel\/Por Carlos Lima"}]},{"@type":"WebSite","@id":"https:\/\/www.albertopeixoto.com.br\/blog\/#website","url":"https:\/\/www.albertopeixoto.com.br\/blog\/","name":"Alberto Peixoto","description":"Site do escritor feirense Alberto Peixoto","publisher":{"@id":"https:\/\/www.albertopeixoto.com.br\/blog\/#\/schema\/person\/7c0ad65e044773b9ace71e4bed27392e"},"potentialAction":[{"@type":"SearchAction","target":{"@type":"EntryPoint","urlTemplate":"https:\/\/www.albertopeixoto.com.br\/blog\/?s={search_term_string}"},"query-input":{"@type":"PropertyValueSpecification","valueRequired":true,"valueName":"search_term_string"}}],"inLanguage":"pt-BR"},{"@type":["Person","Organization"],"@id":"https:\/\/www.albertopeixoto.com.br\/blog\/#\/schema\/person\/7c0ad65e044773b9ace71e4bed27392e","name":"Alberto Peixoto","image":{"@type":"ImageObject","inLanguage":"pt-BR","@id":"https:\/\/secure.gravatar.com\/avatar\/56073ba688fdc11029c75ad4a19a7d0404f80a73249f4fb56c9c021b86beab08?s=96&d=mm&r=g","url":"https:\/\/secure.gravatar.com\/avatar\/56073ba688fdc11029c75ad4a19a7d0404f80a73249f4fb56c9c021b86beab08?s=96&d=mm&r=g","contentUrl":"https:\/\/secure.gravatar.com\/avatar\/56073ba688fdc11029c75ad4a19a7d0404f80a73249f4fb56c9c021b86beab08?s=96&d=mm&r=g","caption":"Alberto Peixoto"},"logo":{"@id":"https:\/\/secure.gravatar.com\/avatar\/56073ba688fdc11029c75ad4a19a7d0404f80a73249f4fb56c9c021b86beab08?s=96&d=mm&r=g"},"sameAs":["https:\/\/www.albertopeixoto.com.br\/","https:\/\/www.facebook.com\/antonioalberto.oliveirapeixoto"],"url":"https:\/\/www.albertopeixoto.com.br\/blog\/author\/apeixoto\/"}]}},"_links":{"self":[{"href":"https:\/\/www.albertopeixoto.com.br\/blog\/wp-json\/wp\/v2\/posts\/1748","targetHints":{"allow":["GET"]}}],"collection":[{"href":"https:\/\/www.albertopeixoto.com.br\/blog\/wp-json\/wp\/v2\/posts"}],"about":[{"href":"https:\/\/www.albertopeixoto.com.br\/blog\/wp-json\/wp\/v2\/types\/post"}],"author":[{"embeddable":true,"href":"https:\/\/www.albertopeixoto.com.br\/blog\/wp-json\/wp\/v2\/users\/2"}],"replies":[{"embeddable":true,"href":"https:\/\/www.albertopeixoto.com.br\/blog\/wp-json\/wp\/v2\/comments?post=1748"}],"version-history":[{"count":1,"href":"https:\/\/www.albertopeixoto.com.br\/blog\/wp-json\/wp\/v2\/posts\/1748\/revisions"}],"predecessor-version":[{"id":1750,"href":"https:\/\/www.albertopeixoto.com.br\/blog\/wp-json\/wp\/v2\/posts\/1748\/revisions\/1750"}],"wp:attachment":[{"href":"https:\/\/www.albertopeixoto.com.br\/blog\/wp-json\/wp\/v2\/media?parent=1748"}],"wp:term":[{"taxonomy":"category","embeddable":true,"href":"https:\/\/www.albertopeixoto.com.br\/blog\/wp-json\/wp\/v2\/categories?post=1748"},{"taxonomy":"post_tag","embeddable":true,"href":"https:\/\/www.albertopeixoto.com.br\/blog\/wp-json\/wp\/v2\/tags?post=1748"}],"curies":[{"name":"wp","href":"https:\/\/api.w.org\/{rel}","templated":true}]}}