{"id":1745,"date":"2019-12-16T10:24:13","date_gmt":"2019-12-16T13:24:13","guid":{"rendered":"https:\/\/www.albertopeixoto.com.br\/blog\/?p=1745"},"modified":"2019-12-16T10:24:15","modified_gmt":"2019-12-16T13:24:15","slug":"modelo-neoliberal-imposto-por-bolsonaro-esta-vinculado-a-politica-de-morte-por-sergio-jones","status":"publish","type":"post","link":"https:\/\/www.albertopeixoto.com.br\/blog\/2019\/12\/16\/modelo-neoliberal-imposto-por-bolsonaro-esta-vinculado-a-politica-de-morte-por-sergio-jones\/","title":{"rendered":"Modelo neoliberal imposto por Bolsonaro est\u00e1 vinculado a pol\u00edtica de morte\/ Por S\u00e9rgio Jones*"},"content":{"rendered":"\n<figure class=\"wp-block-image is-resized\"><img loading=\"lazy\" decoding=\"async\" src=\"https:\/\/www.albertopeixoto.com.br\/blog\/wp-content\/uploads\/2019\/12\/Neoliberal.jpg\" alt=\"\" class=\"wp-image-1746\" width=\"591\" height=\"393\" srcset=\"https:\/\/www.albertopeixoto.com.br\/blog\/wp-content\/uploads\/2019\/12\/Neoliberal.jpg 768w, https:\/\/www.albertopeixoto.com.br\/blog\/wp-content\/uploads\/2019\/12\/Neoliberal-300x200.jpg 300w\" sizes=\"auto, (max-width: 591px) 100vw, 591px\" \/><figcaption><strong>Dupla respons\u00e1vel pela massifica\u00e7\u00e3o do desemprego no Brasil<br>FOTO: Folha-UOL<\/strong><\/figcaption><\/figure>\n\n\n\n<p class=\"wp-block-paragraph\">O t\u00e3o conceituado neoliberalismo que integra a b\u00edblia sagrada do\nmodelo econ\u00f4mico defendida pela est\u00fapida direita conservadora e reacion\u00e1ria que\ntem como foco o encolhimento do Estado. Vem sendo o respons\u00e1vel pela\nmassifica\u00e7\u00e3o do desemprego estrutural e a amplia\u00e7\u00e3o brutal da produ\u00e7\u00e3o em s\u00e9rie\nde fam\u00e9licos da terra. E especialmente no Brasil.<\/p>\n\n\n\n<p class=\"wp-block-paragraph\">Em nosso\npa\u00eds, est\u00e1 pr\u00e1tica vem sendo adotada pelo psicod\u00e9lico e delirante arremedo de\npresidente, Bolsonaro, que em muito si assemelha ao ex\u00e9rcito de Brancaleone.<\/p>\n\n\n\n<p class=\"wp-block-paragraph\">Recorre, o\nindigitado presidente, a exemplo de seu assemelhado, em busca de apoio de um\npunhado de bandidos e grupos de aventureiros, mal equipados intelectualmente\npara realizar uma cruzada prof\u00e9tica, que em nosso caso particular se resume em\ncombater a influ\u00eancia e crescimento do comunismo, no pa\u00eds.<\/p>\n\n\n\n<p class=\"wp-block-paragraph\">Devido \u00e0\nfalta constante de lucidez, em suas a\u00e7\u00f5es. O desgoverno e a gest\u00e3o pol\u00edtica do\nBozo, t\u00eam se transformado em situa\u00e7\u00f5es ir\u00f4nicas e desastrosas, gerando as mais\nprofundas instabilidades sociais. Se estabelecendo em amea\u00e7a permanente para a\ntranquilidade e qualidade de vida do povo brasileiro.<\/p>\n\n\n\n<p class=\"wp-block-paragraph\">Como \u00e9 do\nconhecimento geral de que a \u2018prosperidade capitalista\u2019 nunca foi e nem nunca\nser\u00e1 para todos. Entendem os especialistas e estudiosos do assunto, que as\npol\u00edticas de morte passam a ser uma pr\u00e1tica adotada por seus defensores.<\/p>\n\n\n\n<p class=\"wp-block-paragraph\">Pois\nacreditam eles, que esta \u00e9 a forma ideal para deter a crise social e garantir a\nmanuten\u00e7\u00e3o da ordem. O que traduzindo significa reconhecer que a mesma s\u00f3 pode\nser conseguida atrav\u00e9s da elimina\u00e7\u00e3o f\u00edsica de setores da popula\u00e7\u00e3o,\nprincipalmente aquelas em que se encontram em maior vulnerabilidade social.<\/p>\n\n\n\n<p class=\"wp-block-paragraph\">O conceito\nneoliberal, \u00e9 visto como um modelo associado a um conjunto de pol\u00edticas\necon\u00f4micas em que implicam na redu\u00e7\u00e3o do Estado, que este exer\u00e7a austeridade\nfiscal nas contas p\u00fablicas, defesa intransigente da propriedade privada e do\nlivre mercado. Mas, o conceito de neoliberalismo tem maior alcance, \u00e9 muito\nmais do que isso.<\/p>\n\n\n\n<p class=\"wp-block-paragraph\">O modelo\necon\u00f4mico destacado afronta os mais sagrados princ\u00edpios que regem a dignidade\nhumana, vai muito al\u00e9m de suas prerrogativas defendidas pelos seus ide\u00f3logos,\nsua abrang\u00eancia provoca impactos nefastos resultando em profundas\ntransforma\u00e7\u00f5es nas sociedades contempor\u00e2neas.<\/p>\n\n\n\n<p class=\"wp-block-paragraph\">Outro aspecto\nem destaque apontado pelos cr\u00edticos a esta forma de modelo econ\u00f4mico \u00e9 que o\nmesmo tem uma face oculta, publicamente negada por seus ide\u00f3logos\npropagandistas, que \u00e9 a sua estreita vincula\u00e7\u00e3o ao autoritarismo e a pol\u00edticas\nde morte.<\/p>\n\n\n\n<p class=\"wp-block-paragraph\"><strong>S\u00e9rgio Jones, jornalista (sergiojones@live.com)<\/strong><\/p>\n","protected":false},"excerpt":{"rendered":"<p>O t\u00e3o conceituado neoliberalismo que integra a b\u00edblia sagrada do modelo econ\u00f4mico defendida pela est\u00fapida direita conservadora e reacion\u00e1ria que tem como foco o encolhimento do Estado. Vem sendo o respons\u00e1vel pela massifica\u00e7\u00e3o do desemprego estrutural e a amplia\u00e7\u00e3o brutal &hellip; <a href=\"https:\/\/www.albertopeixoto.com.br\/blog\/2019\/12\/16\/modelo-neoliberal-imposto-por-bolsonaro-esta-vinculado-a-politica-de-morte-por-sergio-jones\/\">Continue reading <span class=\"meta-nav\">&rarr;<\/span><\/a><\/p>\n","protected":false},"author":2,"featured_media":0,"comment_status":"open","ping_status":"open","sticky":false,"template":"","format":"standard","meta":{"footnotes":""},"categories":[1],"tags":[],"class_list":["post-1745","post","type-post","status-publish","format-standard","hentry","category-sem-categoria"],"yoast_head":"<!-- This site is optimized with the Yoast SEO plugin v28.3 - https:\/\/yoast.com\/product\/yoast-seo-wordpress\/ -->\n<title>Modelo neoliberal imposto por Bolsonaro est\u00e1 vinculado a pol\u00edtica de morte\/ Por S\u00e9rgio Jones* - Alberto Peixoto<\/title>\n<meta name=\"robots\" content=\"index, follow, max-snippet:-1, max-image-preview:large, max-video-preview:-1\" \/>\n<link rel=\"canonical\" href=\"https:\/\/www.albertopeixoto.com.br\/blog\/2019\/12\/16\/modelo-neoliberal-imposto-por-bolsonaro-esta-vinculado-a-politica-de-morte-por-sergio-jones\/\" \/>\n<meta property=\"og:locale\" content=\"pt_BR\" \/>\n<meta property=\"og:type\" content=\"article\" \/>\n<meta property=\"og:title\" content=\"Modelo neoliberal imposto por Bolsonaro est\u00e1 vinculado a pol\u00edtica de morte\/ Por S\u00e9rgio Jones* - Alberto Peixoto\" \/>\n<meta property=\"og:description\" content=\"O t\u00e3o conceituado neoliberalismo que integra a b\u00edblia sagrada do modelo econ\u00f4mico defendida pela est\u00fapida direita conservadora e reacion\u00e1ria que tem como foco o encolhimento do Estado. Vem sendo o respons\u00e1vel pela massifica\u00e7\u00e3o do desemprego estrutural e a amplia\u00e7\u00e3o brutal &hellip; Continue reading &rarr;\" \/>\n<meta property=\"og:url\" content=\"https:\/\/www.albertopeixoto.com.br\/blog\/2019\/12\/16\/modelo-neoliberal-imposto-por-bolsonaro-esta-vinculado-a-politica-de-morte-por-sergio-jones\/\" \/>\n<meta property=\"og:site_name\" content=\"Alberto Peixoto\" \/>\n<meta property=\"article:publisher\" content=\"https:\/\/www.facebook.com\/antonioalberto.oliveirapeixoto\" \/>\n<meta property=\"article:author\" content=\"https:\/\/www.facebook.com\/antonioalberto.oliveirapeixoto\" \/>\n<meta property=\"article:published_time\" content=\"2019-12-16T13:24:13+00:00\" \/>\n<meta property=\"article:modified_time\" content=\"2019-12-16T13:24:15+00:00\" \/>\n<meta property=\"og:image\" content=\"https:\/\/www.albertopeixoto.com.br\/blog\/wp-content\/uploads\/2019\/12\/Neoliberal.jpg\" \/>\n<meta name=\"author\" content=\"Alberto Peixoto\" \/>\n<meta name=\"twitter:card\" content=\"summary_large_image\" \/>\n<meta name=\"twitter:label1\" content=\"Escrito por\" \/>\n\t<meta name=\"twitter:data1\" content=\"Alberto Peixoto\" \/>\n\t<meta name=\"twitter:label2\" content=\"Est. tempo de leitura\" \/>\n\t<meta name=\"twitter:data2\" content=\"2 minutos\" \/>\n<script type=\"application\/ld+json\" class=\"yoast-schema-graph\">{\"@context\":\"https:\\\/\\\/schema.org\",\"@graph\":[{\"@type\":\"Article\",\"@id\":\"https:\\\/\\\/www.albertopeixoto.com.br\\\/blog\\\/2019\\\/12\\\/16\\\/modelo-neoliberal-imposto-por-bolsonaro-esta-vinculado-a-politica-de-morte-por-sergio-jones\\\/#article\",\"isPartOf\":{\"@id\":\"https:\\\/\\\/www.albertopeixoto.com.br\\\/blog\\\/2019\\\/12\\\/16\\\/modelo-neoliberal-imposto-por-bolsonaro-esta-vinculado-a-politica-de-morte-por-sergio-jones\\\/\"},\"author\":{\"name\":\"Alberto Peixoto\",\"@id\":\"https:\\\/\\\/www.albertopeixoto.com.br\\\/blog\\\/#\\\/schema\\\/person\\\/7c0ad65e044773b9ace71e4bed27392e\"},\"headline\":\"Modelo neoliberal imposto por Bolsonaro est\u00e1 vinculado a pol\u00edtica de morte\\\/ Por S\u00e9rgio Jones*\",\"datePublished\":\"2019-12-16T13:24:13+00:00\",\"dateModified\":\"2019-12-16T13:24:15+00:00\",\"mainEntityOfPage\":{\"@id\":\"https:\\\/\\\/www.albertopeixoto.com.br\\\/blog\\\/2019\\\/12\\\/16\\\/modelo-neoliberal-imposto-por-bolsonaro-esta-vinculado-a-politica-de-morte-por-sergio-jones\\\/\"},\"wordCount\":464,\"commentCount\":0,\"publisher\":{\"@id\":\"https:\\\/\\\/www.albertopeixoto.com.br\\\/blog\\\/#\\\/schema\\\/person\\\/7c0ad65e044773b9ace71e4bed27392e\"},\"image\":{\"@id\":\"https:\\\/\\\/www.albertopeixoto.com.br\\\/blog\\\/2019\\\/12\\\/16\\\/modelo-neoliberal-imposto-por-bolsonaro-esta-vinculado-a-politica-de-morte-por-sergio-jones\\\/#primaryimage\"},\"thumbnailUrl\":\"https:\\\/\\\/www.albertopeixoto.com.br\\\/blog\\\/wp-content\\\/uploads\\\/2019\\\/12\\\/Neoliberal.jpg\",\"inLanguage\":\"pt-BR\",\"potentialAction\":[{\"@type\":\"CommentAction\",\"name\":\"Comment\",\"target\":[\"https:\\\/\\\/www.albertopeixoto.com.br\\\/blog\\\/2019\\\/12\\\/16\\\/modelo-neoliberal-imposto-por-bolsonaro-esta-vinculado-a-politica-de-morte-por-sergio-jones\\\/#respond\"]}]},{\"@type\":\"WebPage\",\"@id\":\"https:\\\/\\\/www.albertopeixoto.com.br\\\/blog\\\/2019\\\/12\\\/16\\\/modelo-neoliberal-imposto-por-bolsonaro-esta-vinculado-a-politica-de-morte-por-sergio-jones\\\/\",\"url\":\"https:\\\/\\\/www.albertopeixoto.com.br\\\/blog\\\/2019\\\/12\\\/16\\\/modelo-neoliberal-imposto-por-bolsonaro-esta-vinculado-a-politica-de-morte-por-sergio-jones\\\/\",\"name\":\"Modelo neoliberal imposto por Bolsonaro est\u00e1 vinculado a pol\u00edtica de morte\\\/ Por S\u00e9rgio Jones* - Alberto Peixoto\",\"isPartOf\":{\"@id\":\"https:\\\/\\\/www.albertopeixoto.com.br\\\/blog\\\/#website\"},\"primaryImageOfPage\":{\"@id\":\"https:\\\/\\\/www.albertopeixoto.com.br\\\/blog\\\/2019\\\/12\\\/16\\\/modelo-neoliberal-imposto-por-bolsonaro-esta-vinculado-a-politica-de-morte-por-sergio-jones\\\/#primaryimage\"},\"image\":{\"@id\":\"https:\\\/\\\/www.albertopeixoto.com.br\\\/blog\\\/2019\\\/12\\\/16\\\/modelo-neoliberal-imposto-por-bolsonaro-esta-vinculado-a-politica-de-morte-por-sergio-jones\\\/#primaryimage\"},\"thumbnailUrl\":\"https:\\\/\\\/www.albertopeixoto.com.br\\\/blog\\\/wp-content\\\/uploads\\\/2019\\\/12\\\/Neoliberal.jpg\",\"datePublished\":\"2019-12-16T13:24:13+00:00\",\"dateModified\":\"2019-12-16T13:24:15+00:00\",\"breadcrumb\":{\"@id\":\"https:\\\/\\\/www.albertopeixoto.com.br\\\/blog\\\/2019\\\/12\\\/16\\\/modelo-neoliberal-imposto-por-bolsonaro-esta-vinculado-a-politica-de-morte-por-sergio-jones\\\/#breadcrumb\"},\"inLanguage\":\"pt-BR\",\"potentialAction\":[{\"@type\":\"ReadAction\",\"target\":[\"https:\\\/\\\/www.albertopeixoto.com.br\\\/blog\\\/2019\\\/12\\\/16\\\/modelo-neoliberal-imposto-por-bolsonaro-esta-vinculado-a-politica-de-morte-por-sergio-jones\\\/\"]}]},{\"@type\":\"ImageObject\",\"inLanguage\":\"pt-BR\",\"@id\":\"https:\\\/\\\/www.albertopeixoto.com.br\\\/blog\\\/2019\\\/12\\\/16\\\/modelo-neoliberal-imposto-por-bolsonaro-esta-vinculado-a-politica-de-morte-por-sergio-jones\\\/#primaryimage\",\"url\":\"https:\\\/\\\/www.albertopeixoto.com.br\\\/blog\\\/wp-content\\\/uploads\\\/2019\\\/12\\\/Neoliberal.jpg\",\"contentUrl\":\"https:\\\/\\\/www.albertopeixoto.com.br\\\/blog\\\/wp-content\\\/uploads\\\/2019\\\/12\\\/Neoliberal.jpg\",\"width\":768,\"height\":512},{\"@type\":\"BreadcrumbList\",\"@id\":\"https:\\\/\\\/www.albertopeixoto.com.br\\\/blog\\\/2019\\\/12\\\/16\\\/modelo-neoliberal-imposto-por-bolsonaro-esta-vinculado-a-politica-de-morte-por-sergio-jones\\\/#breadcrumb\",\"itemListElement\":[{\"@type\":\"ListItem\",\"position\":1,\"name\":\"In\u00edcio\",\"item\":\"https:\\\/\\\/www.albertopeixoto.com.br\\\/blog\\\/\"},{\"@type\":\"ListItem\",\"position\":2,\"name\":\"Modelo neoliberal imposto por Bolsonaro est\u00e1 vinculado a pol\u00edtica de morte\\\/ Por S\u00e9rgio Jones*\"}]},{\"@type\":\"WebSite\",\"@id\":\"https:\\\/\\\/www.albertopeixoto.com.br\\\/blog\\\/#website\",\"url\":\"https:\\\/\\\/www.albertopeixoto.com.br\\\/blog\\\/\",\"name\":\"Alberto Peixoto\",\"description\":\"Site do escritor feirense Alberto Peixoto\",\"publisher\":{\"@id\":\"https:\\\/\\\/www.albertopeixoto.com.br\\\/blog\\\/#\\\/schema\\\/person\\\/7c0ad65e044773b9ace71e4bed27392e\"},\"potentialAction\":[{\"@type\":\"SearchAction\",\"target\":{\"@type\":\"EntryPoint\",\"urlTemplate\":\"https:\\\/\\\/www.albertopeixoto.com.br\\\/blog\\\/?s={search_term_string}\"},\"query-input\":{\"@type\":\"PropertyValueSpecification\",\"valueRequired\":true,\"valueName\":\"search_term_string\"}}],\"inLanguage\":\"pt-BR\"},{\"@type\":[\"Person\",\"Organization\"],\"@id\":\"https:\\\/\\\/www.albertopeixoto.com.br\\\/blog\\\/#\\\/schema\\\/person\\\/7c0ad65e044773b9ace71e4bed27392e\",\"name\":\"Alberto Peixoto\",\"image\":{\"@type\":\"ImageObject\",\"inLanguage\":\"pt-BR\",\"@id\":\"https:\\\/\\\/secure.gravatar.com\\\/avatar\\\/56073ba688fdc11029c75ad4a19a7d0404f80a73249f4fb56c9c021b86beab08?s=96&d=mm&r=g\",\"url\":\"https:\\\/\\\/secure.gravatar.com\\\/avatar\\\/56073ba688fdc11029c75ad4a19a7d0404f80a73249f4fb56c9c021b86beab08?s=96&d=mm&r=g\",\"contentUrl\":\"https:\\\/\\\/secure.gravatar.com\\\/avatar\\\/56073ba688fdc11029c75ad4a19a7d0404f80a73249f4fb56c9c021b86beab08?s=96&d=mm&r=g\",\"caption\":\"Alberto Peixoto\"},\"logo\":{\"@id\":\"https:\\\/\\\/secure.gravatar.com\\\/avatar\\\/56073ba688fdc11029c75ad4a19a7d0404f80a73249f4fb56c9c021b86beab08?s=96&d=mm&r=g\"},\"sameAs\":[\"https:\\\/\\\/www.albertopeixoto.com.br\\\/\",\"https:\\\/\\\/www.facebook.com\\\/antonioalberto.oliveirapeixoto\"],\"url\":\"https:\\\/\\\/www.albertopeixoto.com.br\\\/blog\\\/author\\\/apeixoto\\\/\"}]}<\/script>\n<!-- \/ Yoast SEO plugin. -->","yoast_head_json":{"title":"Modelo neoliberal imposto por Bolsonaro est\u00e1 vinculado a pol\u00edtica de morte\/ Por S\u00e9rgio Jones* - Alberto Peixoto","robots":{"index":"index","follow":"follow","max-snippet":"max-snippet:-1","max-image-preview":"max-image-preview:large","max-video-preview":"max-video-preview:-1"},"canonical":"https:\/\/www.albertopeixoto.com.br\/blog\/2019\/12\/16\/modelo-neoliberal-imposto-por-bolsonaro-esta-vinculado-a-politica-de-morte-por-sergio-jones\/","og_locale":"pt_BR","og_type":"article","og_title":"Modelo neoliberal imposto por Bolsonaro est\u00e1 vinculado a pol\u00edtica de morte\/ Por S\u00e9rgio Jones* - Alberto Peixoto","og_description":"O t\u00e3o conceituado neoliberalismo que integra a b\u00edblia sagrada do modelo econ\u00f4mico defendida pela est\u00fapida direita conservadora e reacion\u00e1ria que tem como foco o encolhimento do Estado. Vem sendo o respons\u00e1vel pela massifica\u00e7\u00e3o do desemprego estrutural e a amplia\u00e7\u00e3o brutal &hellip; Continue reading &rarr;","og_url":"https:\/\/www.albertopeixoto.com.br\/blog\/2019\/12\/16\/modelo-neoliberal-imposto-por-bolsonaro-esta-vinculado-a-politica-de-morte-por-sergio-jones\/","og_site_name":"Alberto Peixoto","article_publisher":"https:\/\/www.facebook.com\/antonioalberto.oliveirapeixoto","article_author":"https:\/\/www.facebook.com\/antonioalberto.oliveirapeixoto","article_published_time":"2019-12-16T13:24:13+00:00","article_modified_time":"2019-12-16T13:24:15+00:00","og_image":[{"url":"https:\/\/www.albertopeixoto.com.br\/blog\/wp-content\/uploads\/2019\/12\/Neoliberal.jpg","type":"","width":"","height":""}],"author":"Alberto Peixoto","twitter_card":"summary_large_image","twitter_misc":{"Escrito por":"Alberto Peixoto","Est. tempo de leitura":"2 minutos"},"schema":{"@context":"https:\/\/schema.org","@graph":[{"@type":"Article","@id":"https:\/\/www.albertopeixoto.com.br\/blog\/2019\/12\/16\/modelo-neoliberal-imposto-por-bolsonaro-esta-vinculado-a-politica-de-morte-por-sergio-jones\/#article","isPartOf":{"@id":"https:\/\/www.albertopeixoto.com.br\/blog\/2019\/12\/16\/modelo-neoliberal-imposto-por-bolsonaro-esta-vinculado-a-politica-de-morte-por-sergio-jones\/"},"author":{"name":"Alberto Peixoto","@id":"https:\/\/www.albertopeixoto.com.br\/blog\/#\/schema\/person\/7c0ad65e044773b9ace71e4bed27392e"},"headline":"Modelo neoliberal imposto por Bolsonaro est\u00e1 vinculado a pol\u00edtica de morte\/ Por S\u00e9rgio Jones*","datePublished":"2019-12-16T13:24:13+00:00","dateModified":"2019-12-16T13:24:15+00:00","mainEntityOfPage":{"@id":"https:\/\/www.albertopeixoto.com.br\/blog\/2019\/12\/16\/modelo-neoliberal-imposto-por-bolsonaro-esta-vinculado-a-politica-de-morte-por-sergio-jones\/"},"wordCount":464,"commentCount":0,"publisher":{"@id":"https:\/\/www.albertopeixoto.com.br\/blog\/#\/schema\/person\/7c0ad65e044773b9ace71e4bed27392e"},"image":{"@id":"https:\/\/www.albertopeixoto.com.br\/blog\/2019\/12\/16\/modelo-neoliberal-imposto-por-bolsonaro-esta-vinculado-a-politica-de-morte-por-sergio-jones\/#primaryimage"},"thumbnailUrl":"https:\/\/www.albertopeixoto.com.br\/blog\/wp-content\/uploads\/2019\/12\/Neoliberal.jpg","inLanguage":"pt-BR","potentialAction":[{"@type":"CommentAction","name":"Comment","target":["https:\/\/www.albertopeixoto.com.br\/blog\/2019\/12\/16\/modelo-neoliberal-imposto-por-bolsonaro-esta-vinculado-a-politica-de-morte-por-sergio-jones\/#respond"]}]},{"@type":"WebPage","@id":"https:\/\/www.albertopeixoto.com.br\/blog\/2019\/12\/16\/modelo-neoliberal-imposto-por-bolsonaro-esta-vinculado-a-politica-de-morte-por-sergio-jones\/","url":"https:\/\/www.albertopeixoto.com.br\/blog\/2019\/12\/16\/modelo-neoliberal-imposto-por-bolsonaro-esta-vinculado-a-politica-de-morte-por-sergio-jones\/","name":"Modelo neoliberal imposto por Bolsonaro est\u00e1 vinculado a pol\u00edtica de morte\/ Por S\u00e9rgio Jones* - Alberto Peixoto","isPartOf":{"@id":"https:\/\/www.albertopeixoto.com.br\/blog\/#website"},"primaryImageOfPage":{"@id":"https:\/\/www.albertopeixoto.com.br\/blog\/2019\/12\/16\/modelo-neoliberal-imposto-por-bolsonaro-esta-vinculado-a-politica-de-morte-por-sergio-jones\/#primaryimage"},"image":{"@id":"https:\/\/www.albertopeixoto.com.br\/blog\/2019\/12\/16\/modelo-neoliberal-imposto-por-bolsonaro-esta-vinculado-a-politica-de-morte-por-sergio-jones\/#primaryimage"},"thumbnailUrl":"https:\/\/www.albertopeixoto.com.br\/blog\/wp-content\/uploads\/2019\/12\/Neoliberal.jpg","datePublished":"2019-12-16T13:24:13+00:00","dateModified":"2019-12-16T13:24:15+00:00","breadcrumb":{"@id":"https:\/\/www.albertopeixoto.com.br\/blog\/2019\/12\/16\/modelo-neoliberal-imposto-por-bolsonaro-esta-vinculado-a-politica-de-morte-por-sergio-jones\/#breadcrumb"},"inLanguage":"pt-BR","potentialAction":[{"@type":"ReadAction","target":["https:\/\/www.albertopeixoto.com.br\/blog\/2019\/12\/16\/modelo-neoliberal-imposto-por-bolsonaro-esta-vinculado-a-politica-de-morte-por-sergio-jones\/"]}]},{"@type":"ImageObject","inLanguage":"pt-BR","@id":"https:\/\/www.albertopeixoto.com.br\/blog\/2019\/12\/16\/modelo-neoliberal-imposto-por-bolsonaro-esta-vinculado-a-politica-de-morte-por-sergio-jones\/#primaryimage","url":"https:\/\/www.albertopeixoto.com.br\/blog\/wp-content\/uploads\/2019\/12\/Neoliberal.jpg","contentUrl":"https:\/\/www.albertopeixoto.com.br\/blog\/wp-content\/uploads\/2019\/12\/Neoliberal.jpg","width":768,"height":512},{"@type":"BreadcrumbList","@id":"https:\/\/www.albertopeixoto.com.br\/blog\/2019\/12\/16\/modelo-neoliberal-imposto-por-bolsonaro-esta-vinculado-a-politica-de-morte-por-sergio-jones\/#breadcrumb","itemListElement":[{"@type":"ListItem","position":1,"name":"In\u00edcio","item":"https:\/\/www.albertopeixoto.com.br\/blog\/"},{"@type":"ListItem","position":2,"name":"Modelo neoliberal imposto por Bolsonaro est\u00e1 vinculado a pol\u00edtica de morte\/ Por S\u00e9rgio Jones*"}]},{"@type":"WebSite","@id":"https:\/\/www.albertopeixoto.com.br\/blog\/#website","url":"https:\/\/www.albertopeixoto.com.br\/blog\/","name":"Alberto Peixoto","description":"Site do escritor feirense Alberto Peixoto","publisher":{"@id":"https:\/\/www.albertopeixoto.com.br\/blog\/#\/schema\/person\/7c0ad65e044773b9ace71e4bed27392e"},"potentialAction":[{"@type":"SearchAction","target":{"@type":"EntryPoint","urlTemplate":"https:\/\/www.albertopeixoto.com.br\/blog\/?s={search_term_string}"},"query-input":{"@type":"PropertyValueSpecification","valueRequired":true,"valueName":"search_term_string"}}],"inLanguage":"pt-BR"},{"@type":["Person","Organization"],"@id":"https:\/\/www.albertopeixoto.com.br\/blog\/#\/schema\/person\/7c0ad65e044773b9ace71e4bed27392e","name":"Alberto Peixoto","image":{"@type":"ImageObject","inLanguage":"pt-BR","@id":"https:\/\/secure.gravatar.com\/avatar\/56073ba688fdc11029c75ad4a19a7d0404f80a73249f4fb56c9c021b86beab08?s=96&d=mm&r=g","url":"https:\/\/secure.gravatar.com\/avatar\/56073ba688fdc11029c75ad4a19a7d0404f80a73249f4fb56c9c021b86beab08?s=96&d=mm&r=g","contentUrl":"https:\/\/secure.gravatar.com\/avatar\/56073ba688fdc11029c75ad4a19a7d0404f80a73249f4fb56c9c021b86beab08?s=96&d=mm&r=g","caption":"Alberto Peixoto"},"logo":{"@id":"https:\/\/secure.gravatar.com\/avatar\/56073ba688fdc11029c75ad4a19a7d0404f80a73249f4fb56c9c021b86beab08?s=96&d=mm&r=g"},"sameAs":["https:\/\/www.albertopeixoto.com.br\/","https:\/\/www.facebook.com\/antonioalberto.oliveirapeixoto"],"url":"https:\/\/www.albertopeixoto.com.br\/blog\/author\/apeixoto\/"}]}},"_links":{"self":[{"href":"https:\/\/www.albertopeixoto.com.br\/blog\/wp-json\/wp\/v2\/posts\/1745","targetHints":{"allow":["GET"]}}],"collection":[{"href":"https:\/\/www.albertopeixoto.com.br\/blog\/wp-json\/wp\/v2\/posts"}],"about":[{"href":"https:\/\/www.albertopeixoto.com.br\/blog\/wp-json\/wp\/v2\/types\/post"}],"author":[{"embeddable":true,"href":"https:\/\/www.albertopeixoto.com.br\/blog\/wp-json\/wp\/v2\/users\/2"}],"replies":[{"embeddable":true,"href":"https:\/\/www.albertopeixoto.com.br\/blog\/wp-json\/wp\/v2\/comments?post=1745"}],"version-history":[{"count":1,"href":"https:\/\/www.albertopeixoto.com.br\/blog\/wp-json\/wp\/v2\/posts\/1745\/revisions"}],"predecessor-version":[{"id":1747,"href":"https:\/\/www.albertopeixoto.com.br\/blog\/wp-json\/wp\/v2\/posts\/1745\/revisions\/1747"}],"wp:attachment":[{"href":"https:\/\/www.albertopeixoto.com.br\/blog\/wp-json\/wp\/v2\/media?parent=1745"}],"wp:term":[{"taxonomy":"category","embeddable":true,"href":"https:\/\/www.albertopeixoto.com.br\/blog\/wp-json\/wp\/v2\/categories?post=1745"},{"taxonomy":"post_tag","embeddable":true,"href":"https:\/\/www.albertopeixoto.com.br\/blog\/wp-json\/wp\/v2\/tags?post=1745"}],"curies":[{"name":"wp","href":"https:\/\/api.w.org\/{rel}","templated":true}]}}