{"id":1741,"date":"2019-12-12T19:04:40","date_gmt":"2019-12-12T22:04:40","guid":{"rendered":"https:\/\/www.albertopeixoto.com.br\/blog\/?p=1741"},"modified":"2019-12-12T19:12:36","modified_gmt":"2019-12-12T22:12:36","slug":"varzedense-marilene-oliveira-e-eleita-presidente-da-academia-de-letras-do-reconcavo-tribuna-do-reconcavo","status":"publish","type":"post","link":"https:\/\/www.albertopeixoto.com.br\/blog\/2019\/12\/12\/varzedense-marilene-oliveira-e-eleita-presidente-da-academia-de-letras-do-reconcavo-tribuna-do-reconcavo\/","title":{"rendered":"Varzedense Marilene Oliveira \u00e9 eleita Presidente da Academia de Letras do Rec\u00f4ncavo\/Tribuna do Rec\u00f4ncavo"},"content":{"rendered":"\n<figure class=\"wp-block-image is-resized\"><img loading=\"lazy\" decoding=\"async\" src=\"https:\/\/www.albertopeixoto.com.br\/blog\/wp-content\/uploads\/2019\/12\/marilene.jpg\" alt=\"\" class=\"wp-image-1743\" width=\"590\" height=\"332\" srcset=\"https:\/\/www.albertopeixoto.com.br\/blog\/wp-content\/uploads\/2019\/12\/marilene.jpg 615w, https:\/\/www.albertopeixoto.com.br\/blog\/wp-content\/uploads\/2019\/12\/marilene-300x169.jpg 300w\" sizes=\"auto, (max-width: 590px) 100vw, 590px\" \/><figcaption><strong>Marilene Oliveira Presidente da Academia de Letras do Rec\u00f4ncavo<br>FOTO Divulga\u00e7\u00e3o<\/strong><\/figcaption><\/figure>\n\n\n\n<p class=\"wp-block-paragraph\">No\ndomingo, dia 01, aconteceu a elei\u00e7\u00e3o para a composi\u00e7\u00e3o da nova diretoria da\nALER \u2013 Academia de Letras do Rec\u00f4ncavo, na qual a varzedense Marilene Oliveira\nfoi eleita presidente para o mandato 2020-2021. Pela primeira vez, ao longo de\nvinte e um anos de funda\u00e7\u00e3o, uma mulher presidir\u00e1 a referida Academia. A ALER \u00e9\ncomposta por escritores e escritoras de v\u00e1rios munic\u00edpios do Rec\u00f4ncavo Baiano.<\/p>\n\n\n\n<p class=\"wp-block-paragraph\">Marilene \u00e9 autora de tr\u00eas livros de poesias: Quando o\ncora\u00e7\u00e3o fala mais alto, Confiss\u00f5es da alma ao encontro do sol e Versos em\nresson\u00e2ncia. Al\u00e9m disso, integra dezenove obras liter\u00e1rias publicadas por\nv\u00e1rias editoras e divulgadas at\u00e9 em outros pa\u00edses. \u00c9 organizadora de uma\nantologia po\u00e9tica, cujas produ\u00e7\u00f5es s\u00e3o dos seus ex-alunos. Vencedora de alguns\nconcursos liter\u00e1rios e destaque em um concurso internacional em homenagem ao\ncenten\u00e1rio de Jorge Amado, ocupando o terceiro lugar em os dez melhores. Possui\ngradua\u00e7\u00f5es em Pedagogia (FACE), L\u00edngua Portuguesa e Literaturas Brasileira e\nPortuguesa (UNEB), Especializa\u00e7\u00e3o em Estudos Lingu\u00edsticos e Liter\u00e1rios (FACE) e\nMestrado em Gest\u00e3o de Pol\u00edticas P\u00fablicas e Seguran\u00e7a Social (UFRB).<\/p>\n\n\n\n<p class=\"wp-block-paragraph\">Em entrevista ao Tribuna do Rec\u00f4ncavo, Marilene falou que\n\u00e9 uma honra est\u00e1 na presid\u00eancia da Academia de Letras do Rec\u00f4ncavo.<\/p>\n\n\n\n<p class=\"wp-block-paragraph\">\u201cA vida nos proporciona muitas\nsurpresas\u2026menina simples, t\u00edmida, da zona rural, aluna de escola p\u00fablica e de\nclasse multisseriada, todavia, sempre acreditei e lutei pelos meus objetivos.\nSei que n\u00e3o \u00e9 uma miss\u00e3o t\u00e3o simples, principalmente, substituir um grande\npresidente que foi o nobre confrade, escritor e jornalista, Almir de Oliveira.\nMas, contarei com o apoio e a participa\u00e7\u00e3o dos demais membros, para que juntos\ncontinuemos hasteando a bandeira da literatura\u201d, disse.<\/p>\n\n\n\n<p class=\"wp-block-paragraph\">Na oportunidade, Marilene informa que no primeiro\nsemestre de 2020, haver\u00e1 concurso de poesias e ser\u00e1 aberto ao p\u00fablico. Em\nbreve, teremos maiores informa\u00e7\u00f5es e o lan\u00e7amento do edital.<\/p>\n\n\n\n<p class=\"wp-block-paragraph\"><strong>Fonte: Tribuna do Rec\u00f4ncavo<\/strong><\/p>\n\n\n\n<p class=\"wp-block-paragraph\"><strong>comendadoralbert@bol.com.br<\/strong><\/p>\n","protected":false},"excerpt":{"rendered":"<p>No domingo, dia 01, aconteceu a elei\u00e7\u00e3o para a composi\u00e7\u00e3o da nova diretoria da ALER \u2013 Academia de Letras do Rec\u00f4ncavo, na qual a varzedense Marilene Oliveira foi eleita presidente para o mandato 2020-2021. Pela primeira vez, ao longo de &hellip; <a href=\"https:\/\/www.albertopeixoto.com.br\/blog\/2019\/12\/12\/varzedense-marilene-oliveira-e-eleita-presidente-da-academia-de-letras-do-reconcavo-tribuna-do-reconcavo\/\">Continue reading <span class=\"meta-nav\">&rarr;<\/span><\/a><\/p>\n","protected":false},"author":2,"featured_media":0,"comment_status":"open","ping_status":"open","sticky":false,"template":"","format":"standard","meta":{"footnotes":""},"categories":[1],"tags":[],"class_list":["post-1741","post","type-post","status-publish","format-standard","hentry","category-sem-categoria"],"yoast_head":"<!-- This site is optimized with the Yoast SEO plugin v28.3 - https:\/\/yoast.com\/product\/yoast-seo-wordpress\/ -->\n<title>Varzedense Marilene Oliveira \u00e9 eleita Presidente da Academia de Letras do Rec\u00f4ncavo\/Tribuna do Rec\u00f4ncavo - Alberto Peixoto<\/title>\n<meta name=\"robots\" content=\"index, follow, max-snippet:-1, max-image-preview:large, max-video-preview:-1\" \/>\n<link rel=\"canonical\" href=\"https:\/\/www.albertopeixoto.com.br\/blog\/2019\/12\/12\/varzedense-marilene-oliveira-e-eleita-presidente-da-academia-de-letras-do-reconcavo-tribuna-do-reconcavo\/\" \/>\n<meta property=\"og:locale\" content=\"pt_BR\" \/>\n<meta property=\"og:type\" content=\"article\" \/>\n<meta property=\"og:title\" content=\"Varzedense Marilene Oliveira \u00e9 eleita Presidente da Academia de Letras do Rec\u00f4ncavo\/Tribuna do Rec\u00f4ncavo - Alberto Peixoto\" \/>\n<meta property=\"og:description\" content=\"No domingo, dia 01, aconteceu a elei\u00e7\u00e3o para a composi\u00e7\u00e3o da nova diretoria da ALER \u2013 Academia de Letras do Rec\u00f4ncavo, na qual a varzedense Marilene Oliveira foi eleita presidente para o mandato 2020-2021. Pela primeira vez, ao longo de &hellip; Continue reading &rarr;\" \/>\n<meta property=\"og:url\" content=\"https:\/\/www.albertopeixoto.com.br\/blog\/2019\/12\/12\/varzedense-marilene-oliveira-e-eleita-presidente-da-academia-de-letras-do-reconcavo-tribuna-do-reconcavo\/\" \/>\n<meta property=\"og:site_name\" content=\"Alberto Peixoto\" \/>\n<meta property=\"article:publisher\" content=\"https:\/\/www.facebook.com\/antonioalberto.oliveirapeixoto\" \/>\n<meta property=\"article:author\" content=\"https:\/\/www.facebook.com\/antonioalberto.oliveirapeixoto\" \/>\n<meta property=\"article:published_time\" content=\"2019-12-12T22:04:40+00:00\" \/>\n<meta property=\"article:modified_time\" content=\"2019-12-12T22:12:36+00:00\" \/>\n<meta property=\"og:image\" content=\"https:\/\/www.albertopeixoto.com.br\/blog\/wp-content\/uploads\/2019\/12\/marilene.jpg\" \/>\n<meta name=\"author\" content=\"Alberto Peixoto\" \/>\n<meta name=\"twitter:card\" content=\"summary_large_image\" \/>\n<meta name=\"twitter:label1\" content=\"Escrito por\" \/>\n\t<meta name=\"twitter:data1\" content=\"Alberto Peixoto\" \/>\n\t<meta name=\"twitter:label2\" content=\"Est. tempo de leitura\" \/>\n\t<meta name=\"twitter:data2\" content=\"2 minutos\" \/>\n<script type=\"application\/ld+json\" class=\"yoast-schema-graph\">{\"@context\":\"https:\\\/\\\/schema.org\",\"@graph\":[{\"@type\":\"Article\",\"@id\":\"https:\\\/\\\/www.albertopeixoto.com.br\\\/blog\\\/2019\\\/12\\\/12\\\/varzedense-marilene-oliveira-e-eleita-presidente-da-academia-de-letras-do-reconcavo-tribuna-do-reconcavo\\\/#article\",\"isPartOf\":{\"@id\":\"https:\\\/\\\/www.albertopeixoto.com.br\\\/blog\\\/2019\\\/12\\\/12\\\/varzedense-marilene-oliveira-e-eleita-presidente-da-academia-de-letras-do-reconcavo-tribuna-do-reconcavo\\\/\"},\"author\":{\"name\":\"Alberto Peixoto\",\"@id\":\"https:\\\/\\\/www.albertopeixoto.com.br\\\/blog\\\/#\\\/schema\\\/person\\\/7c0ad65e044773b9ace71e4bed27392e\"},\"headline\":\"Varzedense Marilene Oliveira \u00e9 eleita Presidente da Academia de Letras do Rec\u00f4ncavo\\\/Tribuna do Rec\u00f4ncavo\",\"datePublished\":\"2019-12-12T22:04:40+00:00\",\"dateModified\":\"2019-12-12T22:12:36+00:00\",\"mainEntityOfPage\":{\"@id\":\"https:\\\/\\\/www.albertopeixoto.com.br\\\/blog\\\/2019\\\/12\\\/12\\\/varzedense-marilene-oliveira-e-eleita-presidente-da-academia-de-letras-do-reconcavo-tribuna-do-reconcavo\\\/\"},\"wordCount\":369,\"commentCount\":0,\"publisher\":{\"@id\":\"https:\\\/\\\/www.albertopeixoto.com.br\\\/blog\\\/#\\\/schema\\\/person\\\/7c0ad65e044773b9ace71e4bed27392e\"},\"image\":{\"@id\":\"https:\\\/\\\/www.albertopeixoto.com.br\\\/blog\\\/2019\\\/12\\\/12\\\/varzedense-marilene-oliveira-e-eleita-presidente-da-academia-de-letras-do-reconcavo-tribuna-do-reconcavo\\\/#primaryimage\"},\"thumbnailUrl\":\"https:\\\/\\\/www.albertopeixoto.com.br\\\/blog\\\/wp-content\\\/uploads\\\/2019\\\/12\\\/marilene.jpg\",\"inLanguage\":\"pt-BR\",\"potentialAction\":[{\"@type\":\"CommentAction\",\"name\":\"Comment\",\"target\":[\"https:\\\/\\\/www.albertopeixoto.com.br\\\/blog\\\/2019\\\/12\\\/12\\\/varzedense-marilene-oliveira-e-eleita-presidente-da-academia-de-letras-do-reconcavo-tribuna-do-reconcavo\\\/#respond\"]}]},{\"@type\":\"WebPage\",\"@id\":\"https:\\\/\\\/www.albertopeixoto.com.br\\\/blog\\\/2019\\\/12\\\/12\\\/varzedense-marilene-oliveira-e-eleita-presidente-da-academia-de-letras-do-reconcavo-tribuna-do-reconcavo\\\/\",\"url\":\"https:\\\/\\\/www.albertopeixoto.com.br\\\/blog\\\/2019\\\/12\\\/12\\\/varzedense-marilene-oliveira-e-eleita-presidente-da-academia-de-letras-do-reconcavo-tribuna-do-reconcavo\\\/\",\"name\":\"Varzedense Marilene Oliveira \u00e9 eleita Presidente da Academia de Letras do Rec\u00f4ncavo\\\/Tribuna do Rec\u00f4ncavo - Alberto Peixoto\",\"isPartOf\":{\"@id\":\"https:\\\/\\\/www.albertopeixoto.com.br\\\/blog\\\/#website\"},\"primaryImageOfPage\":{\"@id\":\"https:\\\/\\\/www.albertopeixoto.com.br\\\/blog\\\/2019\\\/12\\\/12\\\/varzedense-marilene-oliveira-e-eleita-presidente-da-academia-de-letras-do-reconcavo-tribuna-do-reconcavo\\\/#primaryimage\"},\"image\":{\"@id\":\"https:\\\/\\\/www.albertopeixoto.com.br\\\/blog\\\/2019\\\/12\\\/12\\\/varzedense-marilene-oliveira-e-eleita-presidente-da-academia-de-letras-do-reconcavo-tribuna-do-reconcavo\\\/#primaryimage\"},\"thumbnailUrl\":\"https:\\\/\\\/www.albertopeixoto.com.br\\\/blog\\\/wp-content\\\/uploads\\\/2019\\\/12\\\/marilene.jpg\",\"datePublished\":\"2019-12-12T22:04:40+00:00\",\"dateModified\":\"2019-12-12T22:12:36+00:00\",\"breadcrumb\":{\"@id\":\"https:\\\/\\\/www.albertopeixoto.com.br\\\/blog\\\/2019\\\/12\\\/12\\\/varzedense-marilene-oliveira-e-eleita-presidente-da-academia-de-letras-do-reconcavo-tribuna-do-reconcavo\\\/#breadcrumb\"},\"inLanguage\":\"pt-BR\",\"potentialAction\":[{\"@type\":\"ReadAction\",\"target\":[\"https:\\\/\\\/www.albertopeixoto.com.br\\\/blog\\\/2019\\\/12\\\/12\\\/varzedense-marilene-oliveira-e-eleita-presidente-da-academia-de-letras-do-reconcavo-tribuna-do-reconcavo\\\/\"]}]},{\"@type\":\"ImageObject\",\"inLanguage\":\"pt-BR\",\"@id\":\"https:\\\/\\\/www.albertopeixoto.com.br\\\/blog\\\/2019\\\/12\\\/12\\\/varzedense-marilene-oliveira-e-eleita-presidente-da-academia-de-letras-do-reconcavo-tribuna-do-reconcavo\\\/#primaryimage\",\"url\":\"https:\\\/\\\/www.albertopeixoto.com.br\\\/blog\\\/wp-content\\\/uploads\\\/2019\\\/12\\\/marilene.jpg\",\"contentUrl\":\"https:\\\/\\\/www.albertopeixoto.com.br\\\/blog\\\/wp-content\\\/uploads\\\/2019\\\/12\\\/marilene.jpg\",\"width\":615,\"height\":346},{\"@type\":\"BreadcrumbList\",\"@id\":\"https:\\\/\\\/www.albertopeixoto.com.br\\\/blog\\\/2019\\\/12\\\/12\\\/varzedense-marilene-oliveira-e-eleita-presidente-da-academia-de-letras-do-reconcavo-tribuna-do-reconcavo\\\/#breadcrumb\",\"itemListElement\":[{\"@type\":\"ListItem\",\"position\":1,\"name\":\"In\u00edcio\",\"item\":\"https:\\\/\\\/www.albertopeixoto.com.br\\\/blog\\\/\"},{\"@type\":\"ListItem\",\"position\":2,\"name\":\"Varzedense Marilene Oliveira \u00e9 eleita Presidente da Academia de Letras do Rec\u00f4ncavo\\\/Tribuna do Rec\u00f4ncavo\"}]},{\"@type\":\"WebSite\",\"@id\":\"https:\\\/\\\/www.albertopeixoto.com.br\\\/blog\\\/#website\",\"url\":\"https:\\\/\\\/www.albertopeixoto.com.br\\\/blog\\\/\",\"name\":\"Alberto Peixoto\",\"description\":\"Site do escritor feirense Alberto Peixoto\",\"publisher\":{\"@id\":\"https:\\\/\\\/www.albertopeixoto.com.br\\\/blog\\\/#\\\/schema\\\/person\\\/7c0ad65e044773b9ace71e4bed27392e\"},\"potentialAction\":[{\"@type\":\"SearchAction\",\"target\":{\"@type\":\"EntryPoint\",\"urlTemplate\":\"https:\\\/\\\/www.albertopeixoto.com.br\\\/blog\\\/?s={search_term_string}\"},\"query-input\":{\"@type\":\"PropertyValueSpecification\",\"valueRequired\":true,\"valueName\":\"search_term_string\"}}],\"inLanguage\":\"pt-BR\"},{\"@type\":[\"Person\",\"Organization\"],\"@id\":\"https:\\\/\\\/www.albertopeixoto.com.br\\\/blog\\\/#\\\/schema\\\/person\\\/7c0ad65e044773b9ace71e4bed27392e\",\"name\":\"Alberto Peixoto\",\"image\":{\"@type\":\"ImageObject\",\"inLanguage\":\"pt-BR\",\"@id\":\"https:\\\/\\\/secure.gravatar.com\\\/avatar\\\/56073ba688fdc11029c75ad4a19a7d0404f80a73249f4fb56c9c021b86beab08?s=96&d=mm&r=g\",\"url\":\"https:\\\/\\\/secure.gravatar.com\\\/avatar\\\/56073ba688fdc11029c75ad4a19a7d0404f80a73249f4fb56c9c021b86beab08?s=96&d=mm&r=g\",\"contentUrl\":\"https:\\\/\\\/secure.gravatar.com\\\/avatar\\\/56073ba688fdc11029c75ad4a19a7d0404f80a73249f4fb56c9c021b86beab08?s=96&d=mm&r=g\",\"caption\":\"Alberto Peixoto\"},\"logo\":{\"@id\":\"https:\\\/\\\/secure.gravatar.com\\\/avatar\\\/56073ba688fdc11029c75ad4a19a7d0404f80a73249f4fb56c9c021b86beab08?s=96&d=mm&r=g\"},\"sameAs\":[\"https:\\\/\\\/www.albertopeixoto.com.br\\\/\",\"https:\\\/\\\/www.facebook.com\\\/antonioalberto.oliveirapeixoto\"],\"url\":\"https:\\\/\\\/www.albertopeixoto.com.br\\\/blog\\\/author\\\/apeixoto\\\/\"}]}<\/script>\n<!-- \/ Yoast SEO plugin. -->","yoast_head_json":{"title":"Varzedense Marilene Oliveira \u00e9 eleita Presidente da Academia de Letras do Rec\u00f4ncavo\/Tribuna do Rec\u00f4ncavo - Alberto Peixoto","robots":{"index":"index","follow":"follow","max-snippet":"max-snippet:-1","max-image-preview":"max-image-preview:large","max-video-preview":"max-video-preview:-1"},"canonical":"https:\/\/www.albertopeixoto.com.br\/blog\/2019\/12\/12\/varzedense-marilene-oliveira-e-eleita-presidente-da-academia-de-letras-do-reconcavo-tribuna-do-reconcavo\/","og_locale":"pt_BR","og_type":"article","og_title":"Varzedense Marilene Oliveira \u00e9 eleita Presidente da Academia de Letras do Rec\u00f4ncavo\/Tribuna do Rec\u00f4ncavo - Alberto Peixoto","og_description":"No domingo, dia 01, aconteceu a elei\u00e7\u00e3o para a composi\u00e7\u00e3o da nova diretoria da ALER \u2013 Academia de Letras do Rec\u00f4ncavo, na qual a varzedense Marilene Oliveira foi eleita presidente para o mandato 2020-2021. Pela primeira vez, ao longo de &hellip; Continue reading &rarr;","og_url":"https:\/\/www.albertopeixoto.com.br\/blog\/2019\/12\/12\/varzedense-marilene-oliveira-e-eleita-presidente-da-academia-de-letras-do-reconcavo-tribuna-do-reconcavo\/","og_site_name":"Alberto Peixoto","article_publisher":"https:\/\/www.facebook.com\/antonioalberto.oliveirapeixoto","article_author":"https:\/\/www.facebook.com\/antonioalberto.oliveirapeixoto","article_published_time":"2019-12-12T22:04:40+00:00","article_modified_time":"2019-12-12T22:12:36+00:00","og_image":[{"url":"https:\/\/www.albertopeixoto.com.br\/blog\/wp-content\/uploads\/2019\/12\/marilene.jpg","type":"","width":"","height":""}],"author":"Alberto Peixoto","twitter_card":"summary_large_image","twitter_misc":{"Escrito por":"Alberto Peixoto","Est. tempo de leitura":"2 minutos"},"schema":{"@context":"https:\/\/schema.org","@graph":[{"@type":"Article","@id":"https:\/\/www.albertopeixoto.com.br\/blog\/2019\/12\/12\/varzedense-marilene-oliveira-e-eleita-presidente-da-academia-de-letras-do-reconcavo-tribuna-do-reconcavo\/#article","isPartOf":{"@id":"https:\/\/www.albertopeixoto.com.br\/blog\/2019\/12\/12\/varzedense-marilene-oliveira-e-eleita-presidente-da-academia-de-letras-do-reconcavo-tribuna-do-reconcavo\/"},"author":{"name":"Alberto Peixoto","@id":"https:\/\/www.albertopeixoto.com.br\/blog\/#\/schema\/person\/7c0ad65e044773b9ace71e4bed27392e"},"headline":"Varzedense Marilene Oliveira \u00e9 eleita Presidente da Academia de Letras do Rec\u00f4ncavo\/Tribuna do Rec\u00f4ncavo","datePublished":"2019-12-12T22:04:40+00:00","dateModified":"2019-12-12T22:12:36+00:00","mainEntityOfPage":{"@id":"https:\/\/www.albertopeixoto.com.br\/blog\/2019\/12\/12\/varzedense-marilene-oliveira-e-eleita-presidente-da-academia-de-letras-do-reconcavo-tribuna-do-reconcavo\/"},"wordCount":369,"commentCount":0,"publisher":{"@id":"https:\/\/www.albertopeixoto.com.br\/blog\/#\/schema\/person\/7c0ad65e044773b9ace71e4bed27392e"},"image":{"@id":"https:\/\/www.albertopeixoto.com.br\/blog\/2019\/12\/12\/varzedense-marilene-oliveira-e-eleita-presidente-da-academia-de-letras-do-reconcavo-tribuna-do-reconcavo\/#primaryimage"},"thumbnailUrl":"https:\/\/www.albertopeixoto.com.br\/blog\/wp-content\/uploads\/2019\/12\/marilene.jpg","inLanguage":"pt-BR","potentialAction":[{"@type":"CommentAction","name":"Comment","target":["https:\/\/www.albertopeixoto.com.br\/blog\/2019\/12\/12\/varzedense-marilene-oliveira-e-eleita-presidente-da-academia-de-letras-do-reconcavo-tribuna-do-reconcavo\/#respond"]}]},{"@type":"WebPage","@id":"https:\/\/www.albertopeixoto.com.br\/blog\/2019\/12\/12\/varzedense-marilene-oliveira-e-eleita-presidente-da-academia-de-letras-do-reconcavo-tribuna-do-reconcavo\/","url":"https:\/\/www.albertopeixoto.com.br\/blog\/2019\/12\/12\/varzedense-marilene-oliveira-e-eleita-presidente-da-academia-de-letras-do-reconcavo-tribuna-do-reconcavo\/","name":"Varzedense Marilene Oliveira \u00e9 eleita Presidente da Academia de Letras do Rec\u00f4ncavo\/Tribuna do Rec\u00f4ncavo - Alberto Peixoto","isPartOf":{"@id":"https:\/\/www.albertopeixoto.com.br\/blog\/#website"},"primaryImageOfPage":{"@id":"https:\/\/www.albertopeixoto.com.br\/blog\/2019\/12\/12\/varzedense-marilene-oliveira-e-eleita-presidente-da-academia-de-letras-do-reconcavo-tribuna-do-reconcavo\/#primaryimage"},"image":{"@id":"https:\/\/www.albertopeixoto.com.br\/blog\/2019\/12\/12\/varzedense-marilene-oliveira-e-eleita-presidente-da-academia-de-letras-do-reconcavo-tribuna-do-reconcavo\/#primaryimage"},"thumbnailUrl":"https:\/\/www.albertopeixoto.com.br\/blog\/wp-content\/uploads\/2019\/12\/marilene.jpg","datePublished":"2019-12-12T22:04:40+00:00","dateModified":"2019-12-12T22:12:36+00:00","breadcrumb":{"@id":"https:\/\/www.albertopeixoto.com.br\/blog\/2019\/12\/12\/varzedense-marilene-oliveira-e-eleita-presidente-da-academia-de-letras-do-reconcavo-tribuna-do-reconcavo\/#breadcrumb"},"inLanguage":"pt-BR","potentialAction":[{"@type":"ReadAction","target":["https:\/\/www.albertopeixoto.com.br\/blog\/2019\/12\/12\/varzedense-marilene-oliveira-e-eleita-presidente-da-academia-de-letras-do-reconcavo-tribuna-do-reconcavo\/"]}]},{"@type":"ImageObject","inLanguage":"pt-BR","@id":"https:\/\/www.albertopeixoto.com.br\/blog\/2019\/12\/12\/varzedense-marilene-oliveira-e-eleita-presidente-da-academia-de-letras-do-reconcavo-tribuna-do-reconcavo\/#primaryimage","url":"https:\/\/www.albertopeixoto.com.br\/blog\/wp-content\/uploads\/2019\/12\/marilene.jpg","contentUrl":"https:\/\/www.albertopeixoto.com.br\/blog\/wp-content\/uploads\/2019\/12\/marilene.jpg","width":615,"height":346},{"@type":"BreadcrumbList","@id":"https:\/\/www.albertopeixoto.com.br\/blog\/2019\/12\/12\/varzedense-marilene-oliveira-e-eleita-presidente-da-academia-de-letras-do-reconcavo-tribuna-do-reconcavo\/#breadcrumb","itemListElement":[{"@type":"ListItem","position":1,"name":"In\u00edcio","item":"https:\/\/www.albertopeixoto.com.br\/blog\/"},{"@type":"ListItem","position":2,"name":"Varzedense Marilene Oliveira \u00e9 eleita Presidente da Academia de Letras do Rec\u00f4ncavo\/Tribuna do Rec\u00f4ncavo"}]},{"@type":"WebSite","@id":"https:\/\/www.albertopeixoto.com.br\/blog\/#website","url":"https:\/\/www.albertopeixoto.com.br\/blog\/","name":"Alberto Peixoto","description":"Site do escritor feirense Alberto Peixoto","publisher":{"@id":"https:\/\/www.albertopeixoto.com.br\/blog\/#\/schema\/person\/7c0ad65e044773b9ace71e4bed27392e"},"potentialAction":[{"@type":"SearchAction","target":{"@type":"EntryPoint","urlTemplate":"https:\/\/www.albertopeixoto.com.br\/blog\/?s={search_term_string}"},"query-input":{"@type":"PropertyValueSpecification","valueRequired":true,"valueName":"search_term_string"}}],"inLanguage":"pt-BR"},{"@type":["Person","Organization"],"@id":"https:\/\/www.albertopeixoto.com.br\/blog\/#\/schema\/person\/7c0ad65e044773b9ace71e4bed27392e","name":"Alberto Peixoto","image":{"@type":"ImageObject","inLanguage":"pt-BR","@id":"https:\/\/secure.gravatar.com\/avatar\/56073ba688fdc11029c75ad4a19a7d0404f80a73249f4fb56c9c021b86beab08?s=96&d=mm&r=g","url":"https:\/\/secure.gravatar.com\/avatar\/56073ba688fdc11029c75ad4a19a7d0404f80a73249f4fb56c9c021b86beab08?s=96&d=mm&r=g","contentUrl":"https:\/\/secure.gravatar.com\/avatar\/56073ba688fdc11029c75ad4a19a7d0404f80a73249f4fb56c9c021b86beab08?s=96&d=mm&r=g","caption":"Alberto Peixoto"},"logo":{"@id":"https:\/\/secure.gravatar.com\/avatar\/56073ba688fdc11029c75ad4a19a7d0404f80a73249f4fb56c9c021b86beab08?s=96&d=mm&r=g"},"sameAs":["https:\/\/www.albertopeixoto.com.br\/","https:\/\/www.facebook.com\/antonioalberto.oliveirapeixoto"],"url":"https:\/\/www.albertopeixoto.com.br\/blog\/author\/apeixoto\/"}]}},"_links":{"self":[{"href":"https:\/\/www.albertopeixoto.com.br\/blog\/wp-json\/wp\/v2\/posts\/1741","targetHints":{"allow":["GET"]}}],"collection":[{"href":"https:\/\/www.albertopeixoto.com.br\/blog\/wp-json\/wp\/v2\/posts"}],"about":[{"href":"https:\/\/www.albertopeixoto.com.br\/blog\/wp-json\/wp\/v2\/types\/post"}],"author":[{"embeddable":true,"href":"https:\/\/www.albertopeixoto.com.br\/blog\/wp-json\/wp\/v2\/users\/2"}],"replies":[{"embeddable":true,"href":"https:\/\/www.albertopeixoto.com.br\/blog\/wp-json\/wp\/v2\/comments?post=1741"}],"version-history":[{"count":2,"href":"https:\/\/www.albertopeixoto.com.br\/blog\/wp-json\/wp\/v2\/posts\/1741\/revisions"}],"predecessor-version":[{"id":1744,"href":"https:\/\/www.albertopeixoto.com.br\/blog\/wp-json\/wp\/v2\/posts\/1741\/revisions\/1744"}],"wp:attachment":[{"href":"https:\/\/www.albertopeixoto.com.br\/blog\/wp-json\/wp\/v2\/media?parent=1741"}],"wp:term":[{"taxonomy":"category","embeddable":true,"href":"https:\/\/www.albertopeixoto.com.br\/blog\/wp-json\/wp\/v2\/categories?post=1741"},{"taxonomy":"post_tag","embeddable":true,"href":"https:\/\/www.albertopeixoto.com.br\/blog\/wp-json\/wp\/v2\/tags?post=1741"}],"curies":[{"name":"wp","href":"https:\/\/api.w.org\/{rel}","templated":true}]}}