{"id":1006,"date":"2018-07-06T13:45:50","date_gmt":"2018-07-06T16:45:50","guid":{"rendered":"https:\/\/www.albertopeixoto.com.br\/blog\/?p=1006"},"modified":"2018-07-06T13:45:50","modified_gmt":"2018-07-06T16:45:50","slug":"independencia-do-brasil-de-portugal","status":"publish","type":"post","link":"https:\/\/www.albertopeixoto.com.br\/blog\/2018\/07\/06\/independencia-do-brasil-de-portugal\/","title":{"rendered":"A Independ\u00eancia do Brasil (de Portugal)"},"content":{"rendered":"<div id=\"attachment_1007\" style=\"width: 310px\" class=\"wp-caption alignright\"><a href=\"https:\/\/www.albertopeixoto.com.br\/blog\/wp-content\/uploads\/2018\/07\/tio-sam-e-imprensa.jpg\"><img loading=\"lazy\" decoding=\"async\" aria-describedby=\"caption-attachment-1007\" class=\"size-medium wp-image-1007\" src=\"https:\/\/www.albertopeixoto.com.br\/blog\/wp-content\/uploads\/2018\/07\/tio-sam-e-imprensa-300x167.jpg\" alt=\"\" width=\"300\" height=\"167\" srcset=\"https:\/\/www.albertopeixoto.com.br\/blog\/wp-content\/uploads\/2018\/07\/tio-sam-e-imprensa-300x167.jpg 300w, https:\/\/www.albertopeixoto.com.br\/blog\/wp-content\/uploads\/2018\/07\/tio-sam-e-imprensa.jpg 400w\" sizes=\"auto, (max-width: 300px) 100vw, 300px\" \/><\/a><p id=\"caption-attachment-1007\" class=\"wp-caption-text\">O Tio Sam est\u00e1 de olho na Am\u00e9rica do Sul<br \/>FOTO: Samuel Pinheiro Guimar\u00e3es (O Cafezinho)<\/p><\/div>\n<p style=\"text-align: justify\">No dia 7 de setembro de 1822, Dom Pedro viajava com sua comitiva de Santos para S\u00e3o Paulo, j\u00e1 as margens do riacho Ipirnga recebeu de um mensageiro tr\u00eas cartas. Uma de seu pai D. Jo\u00e3o VI, Rei de Portugal, dando ordens para voltar \u00e0s terras Lusitanas. As outras duas foram de Jos\u00e9 Bonif\u00e1cio, que recomendava romper com Portugal e a outra de sua esposa Maria Leopoldina de \u00c1ustria, aprovando o parecer do ministro e advertindo: <em>\u201co pomo est\u00e1 maduro, colhe-o j\u00e1, sen\u00e3o apodrece\u201d. <\/em><\/p>\n<p style=\"text-align: justify\">Neste mesmo dia Dom Pedro deu o conhecido grito de <em>\u201cIndepend\u00eancia ou Morte\u201d<\/em> e o Brasil deixou de ser col\u00f4nia de Portugal.<\/p>\n<p style=\"text-align: justify\">No final do s\u00e9culo XX, os brasileiros descobriram que o Brasil tinha se libertado de Portugal, mas passou a ser col\u00f4nia do \u201cImperialismo Ianque\u201d (EUA), implantada pelo poder do capital financeiro at\u00e9 chegar \u00e0 condi\u00e7\u00e3o de submiss\u00e3o da ditadura do pensamento \u00fanico, imposta pelo mesmo capital financeiro \u2013 um colonialismo expl\u00edcito.<\/p>\n<p style=\"text-align: justify\">Com o advento do governo de esquerda no in\u00edcio do s\u00e9culo XXI, mais precisamente no ano de 2003, em meados do primeiro governo do presidente Luiz In\u00e1cio Lula da Silva, este cen\u00e1rio come\u00e7ou a se transformar e a sair do descr\u00e9dito em que tinha ca\u00eddo no contexto internacional, motivado pelas m\u00e1s administra\u00e7\u00f5es anteriores. Enfim, o Brasil conseguiu se libertar do Tio Sam (FMI).<\/p>\n<div id=\"attachment_1008\" style=\"width: 310px\" class=\"wp-caption alignright\"><a href=\"https:\/\/www.albertopeixoto.com.br\/blog\/wp-content\/uploads\/2018\/07\/marcelo-zero-sobre-intervencao-na-venezuela-atendendo-as-ordens-de-tio-sam-vira-latas-podem-ser-raivosos-viomundo.jpeg\"><img loading=\"lazy\" decoding=\"async\" aria-describedby=\"caption-attachment-1008\" class=\"size-medium wp-image-1008\" src=\"https:\/\/www.albertopeixoto.com.br\/blog\/wp-content\/uploads\/2018\/07\/marcelo-zero-sobre-intervencao-na-venezuela-atendendo-as-ordens-de-tio-sam-vira-latas-podem-ser-raivosos-viomundo-300x157.jpeg\" alt=\"\" width=\"300\" height=\"157\" srcset=\"https:\/\/www.albertopeixoto.com.br\/blog\/wp-content\/uploads\/2018\/07\/marcelo-zero-sobre-intervencao-na-venezuela-atendendo-as-ordens-de-tio-sam-vira-latas-podem-ser-raivosos-viomundo-300x157.jpeg 300w, https:\/\/www.albertopeixoto.com.br\/blog\/wp-content\/uploads\/2018\/07\/marcelo-zero-sobre-intervencao-na-venezuela-atendendo-as-ordens-de-tio-sam-vira-latas-podem-ser-raivosos-viomundo.jpeg 768w\" sizes=\"auto, (max-width: 300px) 100vw, 300px\" \/><\/a><p id=\"caption-attachment-1008\" class=\"wp-caption-text\">Segredos Pol\u00edticos<br \/>FOTO: Marcelo Zero<\/p><\/div>\n<p style=\"text-align: justify\">Infelizmente, com a institui\u00e7\u00e3o do \u201cGolpe\u201d em 2016, n\u00e3o s\u00f3 na presidente honesta Dilma Rousseff, mas em todo povo brasileiro, o Brasil voltou a ser escravizado \u2013 n\u00e3o mais colonizado \u2013 pelos Estados Unidos da Am\u00e9rica, que est\u00e1 levando \u2013 ou tomando \u2013 com o consentimento do governo golpista de <strong>Mi$hell Temer<\/strong>, todo nosso patrim\u00f4nio principalmente o natural, entre diversos outros.<\/p>\n<p style=\"text-align: justify\">Lamentavelmente a popula\u00e7\u00e3o brasileira \u00e9 formada por analfabetos funcionais, analfabetos pol\u00edticos, inclusive os pr\u00f3prios pol\u00edticos sofrem destes dois males, e de pessoas que encaram uma elei\u00e7\u00e3o como um grande campeonato de futebol, onde seu time (candidato) tem que vencer seja l\u00e1 como for. N\u00e3o importa as consequ\u00eancias.<\/p>\n<p style=\"text-align: justify\">Nada contra o futebol que j\u00e1 se tornou mania mundial, mas enquanto o brasileiro der mais prioridade a um t\u00edtulo de Copa do Mundo do que as principais prioridades do Pa\u00eds, como: sa\u00fade, educa\u00e7\u00e3o, economia, n\u00edvel de desemprego, fim da corrup\u00e7\u00e3o; pre\u00e7o do g\u00e1s de cozinha, da energia el\u00e9trica, combust\u00edveis, rem\u00e9dios, produtos aliment\u00edcios, etc, o trof\u00e9u de Campe\u00e3o do Mundo, com certeza n\u00e3o ser\u00e1 o do t\u00e3o almejado Hexa.<\/p>\n<p style=\"text-align: justify\"><strong>Alberto Peixoto<\/strong><\/p>\n<p>&nbsp;<\/p>\n","protected":false},"excerpt":{"rendered":"<p>No dia 7 de setembro de 1822, Dom Pedro viajava com sua comitiva de Santos para S\u00e3o Paulo, j\u00e1 as margens do riacho Ipirnga recebeu de um mensageiro tr\u00eas cartas. Uma de seu pai D. Jo\u00e3o VI, Rei de Portugal, &hellip; <a href=\"https:\/\/www.albertopeixoto.com.br\/blog\/2018\/07\/06\/independencia-do-brasil-de-portugal\/\">Continue reading <span class=\"meta-nav\">&rarr;<\/span><\/a><\/p>\n","protected":false},"author":2,"featured_media":0,"comment_status":"open","ping_status":"open","sticky":false,"template":"","format":"standard","meta":{"footnotes":""},"categories":[1],"tags":[],"class_list":["post-1006","post","type-post","status-publish","format-standard","hentry","category-sem-categoria"],"yoast_head":"<!-- This site is optimized with the Yoast SEO plugin v28.3 - https:\/\/yoast.com\/product\/yoast-seo-wordpress\/ -->\n<title>A Independ\u00eancia do Brasil (de Portugal) - Alberto Peixoto<\/title>\n<meta name=\"robots\" content=\"index, follow, max-snippet:-1, max-image-preview:large, max-video-preview:-1\" \/>\n<link rel=\"canonical\" href=\"https:\/\/www.albertopeixoto.com.br\/blog\/2018\/07\/06\/independencia-do-brasil-de-portugal\/\" \/>\n<meta property=\"og:locale\" content=\"pt_BR\" \/>\n<meta property=\"og:type\" content=\"article\" \/>\n<meta property=\"og:title\" content=\"A Independ\u00eancia do Brasil (de Portugal) - Alberto Peixoto\" \/>\n<meta property=\"og:description\" content=\"No dia 7 de setembro de 1822, Dom Pedro viajava com sua comitiva de Santos para S\u00e3o Paulo, j\u00e1 as margens do riacho Ipirnga recebeu de um mensageiro tr\u00eas cartas. Uma de seu pai D. Jo\u00e3o VI, Rei de Portugal, &hellip; Continue reading &rarr;\" \/>\n<meta property=\"og:url\" content=\"https:\/\/www.albertopeixoto.com.br\/blog\/2018\/07\/06\/independencia-do-brasil-de-portugal\/\" \/>\n<meta property=\"og:site_name\" content=\"Alberto Peixoto\" \/>\n<meta property=\"article:publisher\" content=\"https:\/\/www.facebook.com\/antonioalberto.oliveirapeixoto\" \/>\n<meta property=\"article:author\" content=\"https:\/\/www.facebook.com\/antonioalberto.oliveirapeixoto\" \/>\n<meta property=\"article:published_time\" content=\"2018-07-06T16:45:50+00:00\" \/>\n<meta property=\"og:image\" content=\"https:\/\/www.albertopeixoto.com.br\/blog\/wp-content\/uploads\/2018\/07\/tio-sam-e-imprensa-300x167.jpg\" \/>\n<meta name=\"author\" content=\"Alberto Peixoto\" \/>\n<meta name=\"twitter:card\" content=\"summary_large_image\" \/>\n<meta name=\"twitter:label1\" content=\"Escrito por\" \/>\n\t<meta name=\"twitter:data1\" content=\"Alberto Peixoto\" \/>\n\t<meta name=\"twitter:label2\" content=\"Est. tempo de leitura\" \/>\n\t<meta name=\"twitter:data2\" content=\"2 minutos\" \/>\n<script type=\"application\/ld+json\" class=\"yoast-schema-graph\">{\"@context\":\"https:\\\/\\\/schema.org\",\"@graph\":[{\"@type\":\"Article\",\"@id\":\"https:\\\/\\\/www.albertopeixoto.com.br\\\/blog\\\/2018\\\/07\\\/06\\\/independencia-do-brasil-de-portugal\\\/#article\",\"isPartOf\":{\"@id\":\"https:\\\/\\\/www.albertopeixoto.com.br\\\/blog\\\/2018\\\/07\\\/06\\\/independencia-do-brasil-de-portugal\\\/\"},\"author\":{\"name\":\"Alberto Peixoto\",\"@id\":\"https:\\\/\\\/www.albertopeixoto.com.br\\\/blog\\\/#\\\/schema\\\/person\\\/7c0ad65e044773b9ace71e4bed27392e\"},\"headline\":\"A Independ\u00eancia do Brasil (de Portugal)\",\"datePublished\":\"2018-07-06T16:45:50+00:00\",\"mainEntityOfPage\":{\"@id\":\"https:\\\/\\\/www.albertopeixoto.com.br\\\/blog\\\/2018\\\/07\\\/06\\\/independencia-do-brasil-de-portugal\\\/\"},\"wordCount\":482,\"commentCount\":0,\"publisher\":{\"@id\":\"https:\\\/\\\/www.albertopeixoto.com.br\\\/blog\\\/#\\\/schema\\\/person\\\/7c0ad65e044773b9ace71e4bed27392e\"},\"image\":{\"@id\":\"https:\\\/\\\/www.albertopeixoto.com.br\\\/blog\\\/2018\\\/07\\\/06\\\/independencia-do-brasil-de-portugal\\\/#primaryimage\"},\"thumbnailUrl\":\"https:\\\/\\\/www.albertopeixoto.com.br\\\/blog\\\/wp-content\\\/uploads\\\/2018\\\/07\\\/tio-sam-e-imprensa-300x167.jpg\",\"inLanguage\":\"pt-BR\",\"potentialAction\":[{\"@type\":\"CommentAction\",\"name\":\"Comment\",\"target\":[\"https:\\\/\\\/www.albertopeixoto.com.br\\\/blog\\\/2018\\\/07\\\/06\\\/independencia-do-brasil-de-portugal\\\/#respond\"]}]},{\"@type\":\"WebPage\",\"@id\":\"https:\\\/\\\/www.albertopeixoto.com.br\\\/blog\\\/2018\\\/07\\\/06\\\/independencia-do-brasil-de-portugal\\\/\",\"url\":\"https:\\\/\\\/www.albertopeixoto.com.br\\\/blog\\\/2018\\\/07\\\/06\\\/independencia-do-brasil-de-portugal\\\/\",\"name\":\"A Independ\u00eancia do Brasil (de Portugal) - Alberto Peixoto\",\"isPartOf\":{\"@id\":\"https:\\\/\\\/www.albertopeixoto.com.br\\\/blog\\\/#website\"},\"primaryImageOfPage\":{\"@id\":\"https:\\\/\\\/www.albertopeixoto.com.br\\\/blog\\\/2018\\\/07\\\/06\\\/independencia-do-brasil-de-portugal\\\/#primaryimage\"},\"image\":{\"@id\":\"https:\\\/\\\/www.albertopeixoto.com.br\\\/blog\\\/2018\\\/07\\\/06\\\/independencia-do-brasil-de-portugal\\\/#primaryimage\"},\"thumbnailUrl\":\"https:\\\/\\\/www.albertopeixoto.com.br\\\/blog\\\/wp-content\\\/uploads\\\/2018\\\/07\\\/tio-sam-e-imprensa-300x167.jpg\",\"datePublished\":\"2018-07-06T16:45:50+00:00\",\"breadcrumb\":{\"@id\":\"https:\\\/\\\/www.albertopeixoto.com.br\\\/blog\\\/2018\\\/07\\\/06\\\/independencia-do-brasil-de-portugal\\\/#breadcrumb\"},\"inLanguage\":\"pt-BR\",\"potentialAction\":[{\"@type\":\"ReadAction\",\"target\":[\"https:\\\/\\\/www.albertopeixoto.com.br\\\/blog\\\/2018\\\/07\\\/06\\\/independencia-do-brasil-de-portugal\\\/\"]}]},{\"@type\":\"ImageObject\",\"inLanguage\":\"pt-BR\",\"@id\":\"https:\\\/\\\/www.albertopeixoto.com.br\\\/blog\\\/2018\\\/07\\\/06\\\/independencia-do-brasil-de-portugal\\\/#primaryimage\",\"url\":\"https:\\\/\\\/www.albertopeixoto.com.br\\\/blog\\\/wp-content\\\/uploads\\\/2018\\\/07\\\/tio-sam-e-imprensa.jpg\",\"contentUrl\":\"https:\\\/\\\/www.albertopeixoto.com.br\\\/blog\\\/wp-content\\\/uploads\\\/2018\\\/07\\\/tio-sam-e-imprensa.jpg\",\"width\":400,\"height\":222,\"caption\":\"O Tio Sam est\u00e1 de olho na Am\u00e9rica do Sul FOTO: Samuel Pinheiro Guimar\u00e3es (O Cafezinho)\"},{\"@type\":\"BreadcrumbList\",\"@id\":\"https:\\\/\\\/www.albertopeixoto.com.br\\\/blog\\\/2018\\\/07\\\/06\\\/independencia-do-brasil-de-portugal\\\/#breadcrumb\",\"itemListElement\":[{\"@type\":\"ListItem\",\"position\":1,\"name\":\"In\u00edcio\",\"item\":\"https:\\\/\\\/www.albertopeixoto.com.br\\\/blog\\\/\"},{\"@type\":\"ListItem\",\"position\":2,\"name\":\"A Independ\u00eancia do Brasil (de Portugal)\"}]},{\"@type\":\"WebSite\",\"@id\":\"https:\\\/\\\/www.albertopeixoto.com.br\\\/blog\\\/#website\",\"url\":\"https:\\\/\\\/www.albertopeixoto.com.br\\\/blog\\\/\",\"name\":\"Alberto Peixoto\",\"description\":\"Site do escritor feirense Alberto Peixoto\",\"publisher\":{\"@id\":\"https:\\\/\\\/www.albertopeixoto.com.br\\\/blog\\\/#\\\/schema\\\/person\\\/7c0ad65e044773b9ace71e4bed27392e\"},\"potentialAction\":[{\"@type\":\"SearchAction\",\"target\":{\"@type\":\"EntryPoint\",\"urlTemplate\":\"https:\\\/\\\/www.albertopeixoto.com.br\\\/blog\\\/?s={search_term_string}\"},\"query-input\":{\"@type\":\"PropertyValueSpecification\",\"valueRequired\":true,\"valueName\":\"search_term_string\"}}],\"inLanguage\":\"pt-BR\"},{\"@type\":[\"Person\",\"Organization\"],\"@id\":\"https:\\\/\\\/www.albertopeixoto.com.br\\\/blog\\\/#\\\/schema\\\/person\\\/7c0ad65e044773b9ace71e4bed27392e\",\"name\":\"Alberto Peixoto\",\"image\":{\"@type\":\"ImageObject\",\"inLanguage\":\"pt-BR\",\"@id\":\"https:\\\/\\\/secure.gravatar.com\\\/avatar\\\/56073ba688fdc11029c75ad4a19a7d0404f80a73249f4fb56c9c021b86beab08?s=96&d=mm&r=g\",\"url\":\"https:\\\/\\\/secure.gravatar.com\\\/avatar\\\/56073ba688fdc11029c75ad4a19a7d0404f80a73249f4fb56c9c021b86beab08?s=96&d=mm&r=g\",\"contentUrl\":\"https:\\\/\\\/secure.gravatar.com\\\/avatar\\\/56073ba688fdc11029c75ad4a19a7d0404f80a73249f4fb56c9c021b86beab08?s=96&d=mm&r=g\",\"caption\":\"Alberto Peixoto\"},\"logo\":{\"@id\":\"https:\\\/\\\/secure.gravatar.com\\\/avatar\\\/56073ba688fdc11029c75ad4a19a7d0404f80a73249f4fb56c9c021b86beab08?s=96&d=mm&r=g\"},\"sameAs\":[\"https:\\\/\\\/www.albertopeixoto.com.br\\\/\",\"https:\\\/\\\/www.facebook.com\\\/antonioalberto.oliveirapeixoto\"],\"url\":\"https:\\\/\\\/www.albertopeixoto.com.br\\\/blog\\\/author\\\/apeixoto\\\/\"}]}<\/script>\n<!-- \/ Yoast SEO plugin. -->","yoast_head_json":{"title":"A Independ\u00eancia do Brasil (de Portugal) - Alberto Peixoto","robots":{"index":"index","follow":"follow","max-snippet":"max-snippet:-1","max-image-preview":"max-image-preview:large","max-video-preview":"max-video-preview:-1"},"canonical":"https:\/\/www.albertopeixoto.com.br\/blog\/2018\/07\/06\/independencia-do-brasil-de-portugal\/","og_locale":"pt_BR","og_type":"article","og_title":"A Independ\u00eancia do Brasil (de Portugal) - Alberto Peixoto","og_description":"No dia 7 de setembro de 1822, Dom Pedro viajava com sua comitiva de Santos para S\u00e3o Paulo, j\u00e1 as margens do riacho Ipirnga recebeu de um mensageiro tr\u00eas cartas. Uma de seu pai D. Jo\u00e3o VI, Rei de Portugal, &hellip; Continue reading &rarr;","og_url":"https:\/\/www.albertopeixoto.com.br\/blog\/2018\/07\/06\/independencia-do-brasil-de-portugal\/","og_site_name":"Alberto Peixoto","article_publisher":"https:\/\/www.facebook.com\/antonioalberto.oliveirapeixoto","article_author":"https:\/\/www.facebook.com\/antonioalberto.oliveirapeixoto","article_published_time":"2018-07-06T16:45:50+00:00","og_image":[{"url":"https:\/\/www.albertopeixoto.com.br\/blog\/wp-content\/uploads\/2018\/07\/tio-sam-e-imprensa-300x167.jpg","type":"","width":"","height":""}],"author":"Alberto Peixoto","twitter_card":"summary_large_image","twitter_misc":{"Escrito por":"Alberto Peixoto","Est. tempo de leitura":"2 minutos"},"schema":{"@context":"https:\/\/schema.org","@graph":[{"@type":"Article","@id":"https:\/\/www.albertopeixoto.com.br\/blog\/2018\/07\/06\/independencia-do-brasil-de-portugal\/#article","isPartOf":{"@id":"https:\/\/www.albertopeixoto.com.br\/blog\/2018\/07\/06\/independencia-do-brasil-de-portugal\/"},"author":{"name":"Alberto Peixoto","@id":"https:\/\/www.albertopeixoto.com.br\/blog\/#\/schema\/person\/7c0ad65e044773b9ace71e4bed27392e"},"headline":"A Independ\u00eancia do Brasil (de Portugal)","datePublished":"2018-07-06T16:45:50+00:00","mainEntityOfPage":{"@id":"https:\/\/www.albertopeixoto.com.br\/blog\/2018\/07\/06\/independencia-do-brasil-de-portugal\/"},"wordCount":482,"commentCount":0,"publisher":{"@id":"https:\/\/www.albertopeixoto.com.br\/blog\/#\/schema\/person\/7c0ad65e044773b9ace71e4bed27392e"},"image":{"@id":"https:\/\/www.albertopeixoto.com.br\/blog\/2018\/07\/06\/independencia-do-brasil-de-portugal\/#primaryimage"},"thumbnailUrl":"https:\/\/www.albertopeixoto.com.br\/blog\/wp-content\/uploads\/2018\/07\/tio-sam-e-imprensa-300x167.jpg","inLanguage":"pt-BR","potentialAction":[{"@type":"CommentAction","name":"Comment","target":["https:\/\/www.albertopeixoto.com.br\/blog\/2018\/07\/06\/independencia-do-brasil-de-portugal\/#respond"]}]},{"@type":"WebPage","@id":"https:\/\/www.albertopeixoto.com.br\/blog\/2018\/07\/06\/independencia-do-brasil-de-portugal\/","url":"https:\/\/www.albertopeixoto.com.br\/blog\/2018\/07\/06\/independencia-do-brasil-de-portugal\/","name":"A Independ\u00eancia do Brasil (de Portugal) - Alberto Peixoto","isPartOf":{"@id":"https:\/\/www.albertopeixoto.com.br\/blog\/#website"},"primaryImageOfPage":{"@id":"https:\/\/www.albertopeixoto.com.br\/blog\/2018\/07\/06\/independencia-do-brasil-de-portugal\/#primaryimage"},"image":{"@id":"https:\/\/www.albertopeixoto.com.br\/blog\/2018\/07\/06\/independencia-do-brasil-de-portugal\/#primaryimage"},"thumbnailUrl":"https:\/\/www.albertopeixoto.com.br\/blog\/wp-content\/uploads\/2018\/07\/tio-sam-e-imprensa-300x167.jpg","datePublished":"2018-07-06T16:45:50+00:00","breadcrumb":{"@id":"https:\/\/www.albertopeixoto.com.br\/blog\/2018\/07\/06\/independencia-do-brasil-de-portugal\/#breadcrumb"},"inLanguage":"pt-BR","potentialAction":[{"@type":"ReadAction","target":["https:\/\/www.albertopeixoto.com.br\/blog\/2018\/07\/06\/independencia-do-brasil-de-portugal\/"]}]},{"@type":"ImageObject","inLanguage":"pt-BR","@id":"https:\/\/www.albertopeixoto.com.br\/blog\/2018\/07\/06\/independencia-do-brasil-de-portugal\/#primaryimage","url":"https:\/\/www.albertopeixoto.com.br\/blog\/wp-content\/uploads\/2018\/07\/tio-sam-e-imprensa.jpg","contentUrl":"https:\/\/www.albertopeixoto.com.br\/blog\/wp-content\/uploads\/2018\/07\/tio-sam-e-imprensa.jpg","width":400,"height":222,"caption":"O Tio Sam est\u00e1 de olho na Am\u00e9rica do Sul FOTO: Samuel Pinheiro Guimar\u00e3es (O Cafezinho)"},{"@type":"BreadcrumbList","@id":"https:\/\/www.albertopeixoto.com.br\/blog\/2018\/07\/06\/independencia-do-brasil-de-portugal\/#breadcrumb","itemListElement":[{"@type":"ListItem","position":1,"name":"In\u00edcio","item":"https:\/\/www.albertopeixoto.com.br\/blog\/"},{"@type":"ListItem","position":2,"name":"A Independ\u00eancia do Brasil (de Portugal)"}]},{"@type":"WebSite","@id":"https:\/\/www.albertopeixoto.com.br\/blog\/#website","url":"https:\/\/www.albertopeixoto.com.br\/blog\/","name":"Alberto Peixoto","description":"Site do escritor feirense Alberto Peixoto","publisher":{"@id":"https:\/\/www.albertopeixoto.com.br\/blog\/#\/schema\/person\/7c0ad65e044773b9ace71e4bed27392e"},"potentialAction":[{"@type":"SearchAction","target":{"@type":"EntryPoint","urlTemplate":"https:\/\/www.albertopeixoto.com.br\/blog\/?s={search_term_string}"},"query-input":{"@type":"PropertyValueSpecification","valueRequired":true,"valueName":"search_term_string"}}],"inLanguage":"pt-BR"},{"@type":["Person","Organization"],"@id":"https:\/\/www.albertopeixoto.com.br\/blog\/#\/schema\/person\/7c0ad65e044773b9ace71e4bed27392e","name":"Alberto Peixoto","image":{"@type":"ImageObject","inLanguage":"pt-BR","@id":"https:\/\/secure.gravatar.com\/avatar\/56073ba688fdc11029c75ad4a19a7d0404f80a73249f4fb56c9c021b86beab08?s=96&d=mm&r=g","url":"https:\/\/secure.gravatar.com\/avatar\/56073ba688fdc11029c75ad4a19a7d0404f80a73249f4fb56c9c021b86beab08?s=96&d=mm&r=g","contentUrl":"https:\/\/secure.gravatar.com\/avatar\/56073ba688fdc11029c75ad4a19a7d0404f80a73249f4fb56c9c021b86beab08?s=96&d=mm&r=g","caption":"Alberto Peixoto"},"logo":{"@id":"https:\/\/secure.gravatar.com\/avatar\/56073ba688fdc11029c75ad4a19a7d0404f80a73249f4fb56c9c021b86beab08?s=96&d=mm&r=g"},"sameAs":["https:\/\/www.albertopeixoto.com.br\/","https:\/\/www.facebook.com\/antonioalberto.oliveirapeixoto"],"url":"https:\/\/www.albertopeixoto.com.br\/blog\/author\/apeixoto\/"}]}},"_links":{"self":[{"href":"https:\/\/www.albertopeixoto.com.br\/blog\/wp-json\/wp\/v2\/posts\/1006","targetHints":{"allow":["GET"]}}],"collection":[{"href":"https:\/\/www.albertopeixoto.com.br\/blog\/wp-json\/wp\/v2\/posts"}],"about":[{"href":"https:\/\/www.albertopeixoto.com.br\/blog\/wp-json\/wp\/v2\/types\/post"}],"author":[{"embeddable":true,"href":"https:\/\/www.albertopeixoto.com.br\/blog\/wp-json\/wp\/v2\/users\/2"}],"replies":[{"embeddable":true,"href":"https:\/\/www.albertopeixoto.com.br\/blog\/wp-json\/wp\/v2\/comments?post=1006"}],"version-history":[{"count":1,"href":"https:\/\/www.albertopeixoto.com.br\/blog\/wp-json\/wp\/v2\/posts\/1006\/revisions"}],"predecessor-version":[{"id":1009,"href":"https:\/\/www.albertopeixoto.com.br\/blog\/wp-json\/wp\/v2\/posts\/1006\/revisions\/1009"}],"wp:attachment":[{"href":"https:\/\/www.albertopeixoto.com.br\/blog\/wp-json\/wp\/v2\/media?parent=1006"}],"wp:term":[{"taxonomy":"category","embeddable":true,"href":"https:\/\/www.albertopeixoto.com.br\/blog\/wp-json\/wp\/v2\/categories?post=1006"},{"taxonomy":"post_tag","embeddable":true,"href":"https:\/\/www.albertopeixoto.com.br\/blog\/wp-json\/wp\/v2\/tags?post=1006"}],"curies":[{"name":"wp","href":"https:\/\/api.w.org\/{rel}","templated":true}]}}